{"id":2188,"date":"2024-07-15T20:46:07","date_gmt":"2024-07-15T20:46:07","guid":{"rendered":"https:\/\/pressmedias.ma\/?p=2188"},"modified":"2025-04-17T16:29:04","modified_gmt":"2025-04-17T15:29:04","slug":"laref-de-beni-mellal-khenifra-prime-ses-laureats","status":"publish","type":"post","link":"https:\/\/pressmedias.ma\/?p=2188","title":{"rendered":"L\u2019AREF de Beni Mellal kh\u00e9nifra prime ses laur\u00e9ats"},"content":{"rendered":"\n<p class=\"has-text-align-left\"><strong>L&rsquo;Acad\u00e9mie r\u00e9gionale d&rsquo;\u00e9ducation et de formation de Beni Mellal-Khenifra (AREF) a organis\u00e9 une c\u00e9r\u00e9monie pour &nbsp;c\u00e9l\u00e9brer les laur\u00e9ats des examens du baccalaur\u00e9at 2024, &nbsp;ceux du concours d&rsquo;entrepreneuriat d&rsquo;Odessa et les laur\u00e9ats du prix du m\u00e9rite r\u00e9gional dans le domaine des valeurs et du comportement civique dans les \u00e9tablissements d&rsquo;enseignement.<\/strong><\/p>\n\n\n\n<p class=\"has-text-align-left\">Au cours de cette c\u00e9r\u00e9monie, entrecoup\u00e9e de prestations musicales des \u00e9l\u00e8ves de la Fondationpour la cr\u00e9ativit\u00e9 artistique et litt\u00e9raire de Beni Mellal, des prix d&rsquo;encouragement et &nbsp;des attestations d&rsquo;appr\u00e9ciation ont \u00e9t\u00e9 distribu\u00e9s aux \u00e9l\u00e8ves ayant excell\u00e9 aux \u00e9preuves du baccalaur\u00e9at 2024. Il s\u2019agit de Elias Dersaoui, l&rsquo;\u00e9l\u00e8ve ayant obtenu la plus &nbsp;grande &nbsp;moyenne r\u00e9gionale en sciences physiques &#8211; option fran\u00e7ais (19. 41), de l\u2019\u00e9tablissement &nbsp;Sanabil Iqraa, &nbsp;direction de Khouribga, de l\u2019\u00e9l\u00e8ve &nbsp;&nbsp;Basma El Yazmi, qui a eu une excellente moyenne &nbsp;en sciences physiques-option fran\u00e7ais (19,36), du lyc\u00e9e Ibn Sina, &nbsp;direction &nbsp;de Beni Mellal, &nbsp;de Youssef Achibat, &nbsp;qui a d\u00e9croch\u00e9 la plus grande moyenne en sciences physiques-option fran\u00e7ais (17,32), de l\u2019\u00e9tablissement gil almoustakbal, direction &nbsp;de Beni Mellal, de l\u2019\u00e9l\u00e8ve &nbsp;Nada Imadi ayant obtenu la meilleure moyenne en sciences math\u00e9matiques A &#8211; option fran\u00e7ais (19,25), de l\u2019\u00e9tablissement Victor Hugo II , direction de &nbsp;Beni Mellal ; &nbsp;de l\u2019\u00e9l\u00e8ve Waleed Dami ayant &nbsp;obtenu la meilleure moyenne &nbsp;en &nbsp;technique et technologie industrielle, fili\u00e8re &nbsp;des sciences&nbsp; de l\u2019\u00e9conomie (19,17), du lyc\u00e9e Iqama \u00e0 Khouribga ; de &nbsp;Fatima Zahraa Belabzioui, l&rsquo;\u00e9l\u00e8ve ayant obtenu la meilleure moyenne &nbsp;en lettres et sciences humaines , fili\u00e8re sciences humaines &#8211; option fran\u00e7ais (18,47), du lyc\u00e9e &nbsp;la R\u00e9sistance \u00e0 Khouribga ; &nbsp;de &nbsp;Otman Achkiri ayant obtenu la meilleure moyenne dans l&rsquo;enseignement professionnel, fili\u00e8re comptabilit\u00e9 (15,99), du lyc\u00e9e Bir Inzran, direction de Fquih Ben Saleh, et l&rsquo;\u00e9l\u00e8ve Oussama Simour, ayant obtenu la meilleure moyenne dans l&rsquo;enseignement &nbsp;original, fili\u00e8re sciences de la charia (14,09), du lyc\u00e9e Tifariti, &nbsp;direction d&rsquo;Azilal.<\/p>\n\n\n\n<p class=\"has-text-align-left\">Les laur\u00e9ats du concours r\u00e9gional d&rsquo;entrepreneuriat d&rsquo;Odessa, qui s&rsquo;inscrit dans le cadre de l&rsquo;accord de partenariat entre l&rsquo;Acad\u00e9mie r\u00e9gionale d&rsquo;\u00e9ducation et de formation de Beni Mellal-Khenifra, le Centre r\u00e9gional d&rsquo;investissement<strong>, <\/strong>l&rsquo;Office de la formation professionnelle et de la promotion du travail, et le projet ISED-ISED, ont \u00e9t\u00e9 couronn\u00e9s. 6 projets gagnants, pr\u00e9par\u00e9s par des \u00e9tudiants des &nbsp;troncs communs et des stagiaires de l&rsquo;Office de la formation professionnelle et de la promotion du travail, ont \u00e9t\u00e9 couronn\u00e9s apr\u00e8s avoir b\u00e9n\u00e9fici\u00e9 &nbsp;d\u2019un encadrement&nbsp; dans le domaine de l&rsquo;entrepreneuriat et &nbsp;de&nbsp; la visite d\u2019un &nbsp;certain nombre d&rsquo;unit\u00e9s de production.<\/p>\n\n\n\n<p class=\"has-text-align-left\">En ce qui concerne le Prix du m\u00e9rite r\u00e9gional dans le domaine du renforcement de la citoyennet\u00e9 et des valeurs, &nbsp;(la sixi\u00e8me \u00e9dition &nbsp;propre &nbsp;\u00e0 cette Acad\u00e9mie ) qui s\u2019assigne pour objectif de &nbsp;cr\u00e9er un champ de comp\u00e9tition honorable entre les institutions \u00e9ducatives pour renforcer leurs r\u00f4les dans le renforcement du syst\u00e8me de valeurs dans notre pays, conform\u00e9ment \u00e0 nos r\u00e9f\u00e9rences nationales, l&rsquo;\u00e9cole Al-Manfaloti , \u00e0 Khouribga a remport\u00e9 le premier prix &nbsp;au niveau de l&rsquo;enseignement primaire, et le &nbsp;coll\u00e8ge &nbsp;Al-Mansour Dahbi , direction de Fqih Ben Salah a &nbsp;d\u00e9croch\u00e9 le premier prix &nbsp;au niveau &nbsp;de l&rsquo;enseignement &nbsp;coll\u00e9gial, tandis que le premier prix &nbsp;au niveau de l&rsquo;enseignement secondaire a \u00e9t\u00e9 d\u00e9cern\u00e9 au &nbsp;lyc\u00e9e Saadiine , direction de Fquih Ben Salah.<\/p>\n\n\n\n<p class=\"has-text-align-left\">&nbsp;Notons que&nbsp; cette c\u00e9r\u00e9monie a \u00e9t\u00e9 pr\u00e9sid\u00e9e par le &nbsp;wali &nbsp;de la r\u00e9gion de Beni Mellal-Khenifra, en pr\u00e9sence du Directeur de l\u2019AREF, du commandant de la garnison militaire de Tadla, du repr\u00e9sentant de la cour d&rsquo;appel de Beni Mellal, de mesdames et messieurs les directeurs des d\u00e9partements ext\u00e9rieurs de la r\u00e9gion, des directeurs r\u00e9gionaux, de mesdames et messieurs les chefs des d\u00e9partements et des services de l&rsquo;acad\u00e9mie, des inspecteurs charg\u00e9s de la coordination&nbsp;, de l&rsquo;inspection r\u00e9gionale, des repr\u00e9sentants des membres du conseil d&rsquo;administration de l&rsquo;acad\u00e9mie ainsi que des repr\u00e9sentants des m\u00e9dias \u00e0 l&rsquo;\u00e9chelle nationale et r\u00e9gionale.<\/p>\n\n\n\n<p class=\"has-text-align-left\">ALM &nbsp;FRIX SAID<\/p>\n","protected":false},"excerpt":{"rendered":"<p>L&rsquo;Acad\u00e9mie r\u00e9gionale d&rsquo;\u00e9ducation et de formation de Beni Mellal-Khenifra (AREF) a organis\u00e9 une c\u00e9r\u00e9monie pour &nbsp;c\u00e9l\u00e9brer les laur\u00e9ats des examens du baccalaur\u00e9at 2024, &nbsp;ceux du concours d&rsquo;entrepreneuriat d&rsquo;Odessa et les laur\u00e9ats du prix du m\u00e9rite r\u00e9gional dans le domaine des valeurs et du comportement civique dans les \u00e9tablissements d&rsquo;enseignement. Au cours de cette c\u00e9r\u00e9monie, entrecoup\u00e9e [&hellip;]<\/p>\n","protected":false},"author":4,"featured_media":2189,"comment_status":"open","ping_status":"open","sticky":false,"template":"","format":"standard","meta":{"footnotes":""},"categories":[24,13],"tags":[],"class_list":["post-2188","post","type-post","status-publish","format-standard","has-post-thumbnail","hentry","category-francais","category-technologia"],"_links":{"self":[{"href":"https:\/\/pressmedias.ma\/index.php?rest_route=\/wp\/v2\/posts\/2188","targetHints":{"allow":["GET"]}}],"collection":[{"href":"https:\/\/pressmedias.ma\/index.php?rest_route=\/wp\/v2\/posts"}],"about":[{"href":"https:\/\/pressmedias.ma\/index.php?rest_route=\/wp\/v2\/types\/post"}],"author":[{"embeddable":true,"href":"https:\/\/pressmedias.ma\/index.php?rest_route=\/wp\/v2\/users\/4"}],"replies":[{"embeddable":true,"href":"https:\/\/pressmedias.ma\/index.php?rest_route=%2Fwp%2Fv2%2Fcomments&post=2188"}],"version-history":[{"count":1,"href":"https:\/\/pressmedias.ma\/index.php?rest_route=\/wp\/v2\/posts\/2188\/revisions"}],"predecessor-version":[{"id":2190,"href":"https:\/\/pressmedias.ma\/index.php?rest_route=\/wp\/v2\/posts\/2188\/revisions\/2190"}],"wp:featuredmedia":[{"embeddable":true,"href":"https:\/\/pressmedias.ma\/index.php?rest_route=\/wp\/v2\/media\/2189"}],"wp:attachment":[{"href":"https:\/\/pressmedias.ma\/index.php?rest_route=%2Fwp%2Fv2%2Fmedia&parent=2188"}],"wp:term":[{"taxonomy":"category","embeddable":true,"href":"https:\/\/pressmedias.ma\/index.php?rest_route=%2Fwp%2Fv2%2Fcategories&post=2188"},{"taxonomy":"post_tag","embeddable":true,"href":"https:\/\/pressmedias.ma\/index.php?rest_route=%2Fwp%2Fv2%2Ftags&post=2188"}],"curies":[{"name":"wp","href":"https:\/\/api.w.org\/{rel}","templated":true}]}}