{"id":2239,"date":"2024-08-17T08:58:32","date_gmt":"2024-08-17T08:58:32","guid":{"rendered":"https:\/\/pressmedias.ma\/?p=2239"},"modified":"2025-04-17T16:29:04","modified_gmt":"2025-04-17T15:29:04","slug":"organisation-de-la-3eme-edition-des-journees-culturelles-artistiques-et-sportives-a-beni-mellal","status":"publish","type":"post","link":"https:\/\/pressmedias.ma\/?p=2239","title":{"rendered":"Organisation de la 3\u00e8me \u00e9dition \u00a0des journ\u00e9es culturelles, artistiques et sportives \u00e0 Beni Mellal"},"content":{"rendered":"\n<p class=\"has-text-align-left\"><strong>Sous le th\u00e8me \u00ab&nbsp;La pr\u00e9servation et la valorisation des ressources hydriques , pilier essentiel du d\u00e9veloppement durable&nbsp;\u00bb&nbsp;et en partenariat avec le Minist\u00e8re de la jeunesse de la culture et de la communication, le Conseil&nbsp; r\u00e9gional de Beni Mellal kh\u00e9nifra, le conseil provincial de Beni Mellal , le Conseil communal et la SDR Atlas pour le tourisme , la wilaya de Beni Mellal kh\u00e9nifra a organis\u00e9 &nbsp;la troisi\u00e8me \u00e9dition des &nbsp;journ\u00e9es culturelles , artistiques et sportives \u00e0 Beni Mellal du 25 au 30 juillet 2024.<\/strong><\/p>\n\n\n\n<p class=\"has-text-align-left\">Dans une d\u00e9claration, Mustapha Baairis, directeur g\u00e9n\u00e9ral de la SDR Atlas a soulign\u00e9 que l\u2019organisation des journ\u00e9es culturelles, artistiques et sportives \u00e0 Beni Mellal s\u2019assigne pour objectif&nbsp; de participer \u00e0 la promotion du tourisme et &nbsp;\u00e0&nbsp; la commercialisation des produits de terroir. D\u2019ailleurs, la province de Beni Mellal connait derni\u00e8rement la r\u00e9alisation d\u2019un grand nombre de projets socio\u00e9conomiques gr\u00e2ce aux efforts d\u00e9ploy\u00e9s par M le Wali, les autorit\u00e9s locales, le conseil r\u00e9gional et provincial et les op\u00e9rateurs concern\u00e9s. Gr\u00e2ce \u00e0 une bonne organisation des journ\u00e9es pr\u00e9cit\u00e9es, Beni Mellal a connu une grande affluence.&nbsp;\u00bb<\/p>\n\n\n\n<p class=\"has-text-align-left\">&nbsp;Ces journ\u00e9es ont d\u00e9but\u00e9 par l\u2019inauguration de l\u2019exposition des produits artisanaux locaux par M le Wali de la r\u00e9gion en vue d\u2019insuffler une nouvelle dynamique au secteur de l\u2019artisanat&nbsp; et de soutenir la commercialisation des produits des coop\u00e9ratives dont le nombre ne cesse d\u2019augmenter au niveau provincial et r\u00e9gional..<\/p>\n\n\n\n<p class=\"has-text-align-left\">Cette troisi\u00e8me \u00e9dition a connu aussi l\u2019organisation de veill\u00e9es artistiques&nbsp; qui ont connu une grande affluence &nbsp;le soir ,anim\u00e9es par des artistes et chanteurs marocains comme Youn\u00e8s Houari, Said Senhaji, Khadija Mellalia,Badr Ouaabi ,Oualid Rahmani ,Hatim Idar Fouad Bendada , Fettane\u2026 , la pr\u00e9sentation de pi\u00e8ces de th\u00e9\u00e2tre et la projection d\u2019un grand nombre de films \u00e0 la Maison de la culture , \u00e0 Ain Asserdoune, en plein air\u2026outre l\u2019organisation de la Tbourida qui a subjugu\u00e9 tout le monde.<\/p>\n\n\n\n<p class=\"has-text-align-left\">Sur le plan culturel, il a \u00e9t\u00e9 proc\u00e9d\u00e9 \u00e0 l\u2019organisation de rencontres sur les sources hydriques&nbsp; \u00e0 la chambre d\u2019Agriculture \u2026en vue de sensibiliser le commun des mortels \u00e0 une gestion rationnelle de l\u2019or bleu. Une autre conf\u00e9rence&nbsp; internationale&nbsp; qui a port\u00e9 sur&nbsp; le patrimoine&nbsp; et la culture a \u00e9t\u00e9 organis\u00e9e dans le but de mettre l\u2019accent sur les potentialit\u00e9s culturelles dont regorgent la province et la r\u00e9gion de Beni Mellal qui rec\u00e8le aussi des sites touristiques paradisiaques non n\u00e9gligeables sur le plan national comme le site touristiques de Ain Asserdoune , le Ksar , Tamda, les cascades d\u2019Ouzoud, le g\u00e9o parc Mgoun\u2026<\/p>\n\n\n\n<p class=\"has-text-align-left\">Ces journ\u00e9es culturelles, artistiques et sportives ont insuffl\u00e9 une nouvelle dynamique au sein de la population qui a&nbsp; v\u00e9cu des journ\u00e9es de canicule insupportables. Les veill\u00e9es artistiques \u00e9taient un deus ex machina qui a sem\u00e9 la joie et l\u2019optimisme dans les c\u0153urs des hommes, des femmes et des enfants. Jour et surtout la nuit, la ville grouille de badauds qui d\u00e9gustent les joies artistiques et folkloriques. \u00ab&nbsp;L\u2019organisation de ces journ\u00e9es&nbsp; nous a tir\u00e9s de notre l\u00e9thargie. La ville de Beni Mellal &nbsp;a sombr\u00e9&nbsp; dans la monotonie de la forte chaleur des journ\u00e9es durant. Maintenant, avec l\u2019organisation des journ\u00e9es sportives culturelles et artistiques, tout le monde renait de ses cendres. C\u2019est une occasion de faire connaitre la ville de Beni Mellal et de participer \u00e0 la promotion du tourisme dans ses contr\u00e9es \u00e9d\u00e9niques.&nbsp;\u00bb a soulign\u00e9 un homme de la r\u00e9gion de Beni Mellal.<\/p>\n\n\n\n<p class=\"has-text-align-left\">FRIX ALM<\/p>\n","protected":false},"excerpt":{"rendered":"<p>Sous le th\u00e8me \u00ab&nbsp;La pr\u00e9servation et la valorisation des ressources hydriques , pilier essentiel du d\u00e9veloppement durable&nbsp;\u00bb&nbsp;et en partenariat avec le Minist\u00e8re de la jeunesse de la culture et de la communication, le Conseil&nbsp; r\u00e9gional de Beni Mellal kh\u00e9nifra, le conseil provincial de Beni Mellal , le Conseil communal et la SDR Atlas pour le [&hellip;]<\/p>\n","protected":false},"author":4,"featured_media":2240,"comment_status":"open","ping_status":"open","sticky":false,"template":"","format":"standard","meta":{"footnotes":""},"categories":[24,18],"tags":[],"class_list":["post-2239","post","type-post","status-publish","format-standard","has-post-thumbnail","hentry","category-francais","category-18"],"_links":{"self":[{"href":"https:\/\/pressmedias.ma\/index.php?rest_route=\/wp\/v2\/posts\/2239","targetHints":{"allow":["GET"]}}],"collection":[{"href":"https:\/\/pressmedias.ma\/index.php?rest_route=\/wp\/v2\/posts"}],"about":[{"href":"https:\/\/pressmedias.ma\/index.php?rest_route=\/wp\/v2\/types\/post"}],"author":[{"embeddable":true,"href":"https:\/\/pressmedias.ma\/index.php?rest_route=\/wp\/v2\/users\/4"}],"replies":[{"embeddable":true,"href":"https:\/\/pressmedias.ma\/index.php?rest_route=%2Fwp%2Fv2%2Fcomments&post=2239"}],"version-history":[{"count":1,"href":"https:\/\/pressmedias.ma\/index.php?rest_route=\/wp\/v2\/posts\/2239\/revisions"}],"predecessor-version":[{"id":2241,"href":"https:\/\/pressmedias.ma\/index.php?rest_route=\/wp\/v2\/posts\/2239\/revisions\/2241"}],"wp:featuredmedia":[{"embeddable":true,"href":"https:\/\/pressmedias.ma\/index.php?rest_route=\/wp\/v2\/media\/2240"}],"wp:attachment":[{"href":"https:\/\/pressmedias.ma\/index.php?rest_route=%2Fwp%2Fv2%2Fmedia&parent=2239"}],"wp:term":[{"taxonomy":"category","embeddable":true,"href":"https:\/\/pressmedias.ma\/index.php?rest_route=%2Fwp%2Fv2%2Fcategories&post=2239"},{"taxonomy":"post_tag","embeddable":true,"href":"https:\/\/pressmedias.ma\/index.php?rest_route=%2Fwp%2Fv2%2Ftags&post=2239"}],"curies":[{"name":"wp","href":"https:\/\/api.w.org\/{rel}","templated":true}]}}