{"id":2255,"date":"2024-08-17T08:56:09","date_gmt":"2024-08-17T08:56:09","guid":{"rendered":"https:\/\/pressmedias.ma\/?p=2255"},"modified":"2025-04-17T16:32:04","modified_gmt":"2025-04-17T15:32:04","slug":"23-personnes-victimes-dune-intoxication-alimentaire-transferees-a-lhopital-provincial-dazilal","status":"publish","type":"post","link":"https:\/\/pressmedias.ma\/?p=2255","title":{"rendered":"23 personnes victimes d\u2019une intoxication alimentaire\u00a0 transf\u00e9r\u00e9es \u00e0 l\u2019h\u00f4pital provincial d\u2019Azilal"},"content":{"rendered":"\n<p class=\"has-text-align-left\">Dans la soir\u00e9e du lundi 12 ao\u00fbt 2024, 23 personnes &nbsp;du Douar &nbsp;Tesquima, &nbsp;relevant de la collectivit\u00e9 territoriale de Waoula, ont \u00e9t\u00e9 transf\u00e9r\u00e9es &nbsp;par &nbsp;ambulance \u00e0 l&rsquo;h\u00f4pital &nbsp;provincial &nbsp;d&rsquo;Azilal, apr\u00e8s avoir souffert d&rsquo;une intoxication alimentaire collective due \u00e0 la consommation d\u2019un produit alimentaire<\/p>\n\n\n\n<p class=\"has-text-align-left\">Dans une d\u00e9claration, &nbsp;une personne victime de cette intoxication&nbsp; a soulign\u00e9 qu\u2019ils avaient tous commenc\u00e9 \u00e0&nbsp; ressentir de fortes douleurs et des coliques environ 48 heures apr\u00e8s avoir mang\u00e9&nbsp;&nbsp; ce produit alimentaire. Les 23 personnes ont \u00e9t\u00e9 transf\u00e9r\u00e9es d\u2019urgence \u00e0 l\u2019h\u00f4pital provincial d\u2019Azilal o\u00f9 tout le personnel m\u00e9dical et les infirmiers ont \u00e9t\u00e9 mobilis\u00e9s pour la prise en charge des personnes qui ont \u00e9t\u00e9 intoxiqu\u00e9es.&nbsp;\u00ab&nbsp;23 personnes relevant de la collectivit\u00e9 territoriale de Waoula ont \u00e9t\u00e9 victimes d\u2019une intoxication alimentaire. Leur \u00e9tat de sant\u00e9 se situe entre l\u00e9ger et mod\u00e9r\u00e9. Toutes ces personnes qui&nbsp; sont prises en charge recevront les soins n\u00e9cessaires. &nbsp;Quelques &nbsp;personnes sont sous contr\u00f4le m\u00e9dical au moment o\u00f9 &nbsp;trois cas ont quitt\u00e9 l\u2019h\u00f4pital car leur \u00e9tat de sant\u00e9 s\u2019est am\u00e9lior\u00e9.&nbsp;\u00bb a d\u00e9clar\u00e9 Dr Hamza. Directeur de l\u2019h\u00f4pital provincial d\u2019Azilal.<\/p>\n\n\n\n<p class=\"has-text-align-left\">Et d\u2019ajouter \u00ab Je lance un appel \u00e0 tous &nbsp;les citoyens &nbsp;de &nbsp;faire preuve de prudence et &nbsp;de &nbsp;respecter les conditions d&rsquo;hygi\u00e8ne, notamment en raison des temp\u00e9ratures \u00e9lev\u00e9es que conna\u00eet actuellement le pays, afin d&rsquo;\u00e9viter toute exposition aux intoxications alimentaires.&nbsp;\u00bb<\/p>\n\n\n\n<p class=\"has-text-align-left\">D\u2019apr\u00e8s quelques informations, l\u2019intoxication de ces 23 personnes a \u00e9t\u00e9 caus\u00e9e par la consommation d\u2019un fromage &nbsp;( Adghas en tamazight ) lors d\u2019une c\u00e9r\u00e9monie organis\u00e9e &nbsp;par une famille apr\u00e8s &nbsp;que leur vache a v\u00eal\u00e9 .<\/p>\n\n\n\n<p class=\"has-text-align-left\">FRIX ALM<\/p>\n","protected":false},"excerpt":{"rendered":"<p>Dans la soir\u00e9e du lundi 12 ao\u00fbt 2024, 23 personnes &nbsp;du Douar &nbsp;Tesquima, &nbsp;relevant de la collectivit\u00e9 territoriale de Waoula, ont \u00e9t\u00e9 transf\u00e9r\u00e9es &nbsp;par &nbsp;ambulance \u00e0 l&rsquo;h\u00f4pital &nbsp;provincial &nbsp;d&rsquo;Azilal, apr\u00e8s avoir souffert d&rsquo;une intoxication alimentaire collective due \u00e0 la consommation d\u2019un produit alimentaire Dans une d\u00e9claration, &nbsp;une personne victime de cette intoxication&nbsp; a soulign\u00e9 qu\u2019ils [&hellip;]<\/p>\n","protected":false},"author":4,"featured_media":2256,"comment_status":"open","ping_status":"open","sticky":false,"template":"","format":"standard","meta":{"footnotes":""},"categories":[24,1],"tags":[],"class_list":["post-2255","post","type-post","status-publish","format-standard","has-post-thumbnail","hentry","category-francais","category-1"],"_links":{"self":[{"href":"https:\/\/pressmedias.ma\/index.php?rest_route=\/wp\/v2\/posts\/2255","targetHints":{"allow":["GET"]}}],"collection":[{"href":"https:\/\/pressmedias.ma\/index.php?rest_route=\/wp\/v2\/posts"}],"about":[{"href":"https:\/\/pressmedias.ma\/index.php?rest_route=\/wp\/v2\/types\/post"}],"author":[{"embeddable":true,"href":"https:\/\/pressmedias.ma\/index.php?rest_route=\/wp\/v2\/users\/4"}],"replies":[{"embeddable":true,"href":"https:\/\/pressmedias.ma\/index.php?rest_route=%2Fwp%2Fv2%2Fcomments&post=2255"}],"version-history":[{"count":1,"href":"https:\/\/pressmedias.ma\/index.php?rest_route=\/wp\/v2\/posts\/2255\/revisions"}],"predecessor-version":[{"id":2257,"href":"https:\/\/pressmedias.ma\/index.php?rest_route=\/wp\/v2\/posts\/2255\/revisions\/2257"}],"wp:featuredmedia":[{"embeddable":true,"href":"https:\/\/pressmedias.ma\/index.php?rest_route=\/wp\/v2\/media\/2256"}],"wp:attachment":[{"href":"https:\/\/pressmedias.ma\/index.php?rest_route=%2Fwp%2Fv2%2Fmedia&parent=2255"}],"wp:term":[{"taxonomy":"category","embeddable":true,"href":"https:\/\/pressmedias.ma\/index.php?rest_route=%2Fwp%2Fv2%2Fcategories&post=2255"},{"taxonomy":"post_tag","embeddable":true,"href":"https:\/\/pressmedias.ma\/index.php?rest_route=%2Fwp%2Fv2%2Ftags&post=2255"}],"curies":[{"name":"wp","href":"https:\/\/api.w.org\/{rel}","templated":true}]}}