{"id":2258,"date":"2024-08-17T08:55:51","date_gmt":"2024-08-17T08:55:51","guid":{"rendered":"https:\/\/pressmedias.ma\/?p=2258"},"modified":"2025-04-17T16:29:03","modified_gmt":"2025-04-17T15:29:03","slug":"programme-izdihar-un-bilan-impressionnant-de-7000-entrepreneurs-accompagnes","status":"publish","type":"post","link":"https:\/\/pressmedias.ma\/?p=2258","title":{"rendered":"Programme IZDIHAR : Un bilan Impressionnant de 7000 Entrepreneurs Accompagn\u00e9s"},"content":{"rendered":"\n<p class=\"has-text-align-left\">Le Centre R\u00e9gional d\u2019Investissement B\u00e9ni Mellal &#8211; Kh\u00e9nifra se r\u00e9jouit de pr\u00e9senter les r\u00e9sultats du Programme IZDIHAR, initi\u00e9 depuis 8 mai 2021. Ce programme int\u00e9gr\u00e9, d\u00e9ploy\u00e9 par le CRI en collaboration avec plus de 19 institutions nationales et internationales de soutien \u00e0 l\u2019entrepreneuriat, dont 7 acteurs r\u00e9gionaux, s\u2019est affirm\u00e9 d\u00e8s son lancement comme un v\u00e9ritable tremplin pour les entreprises et les porteurs de projets de la r\u00e9gion B\u00e9ni Mellal-Kh\u00e9nifra.<\/p>\n\n\n\n<p class=\"has-text-align-left\">Initi\u00e9 dans le contexte de relance \u00e9conomique post-COVID, le programme IZDIHAR incarne une strat\u00e9gie proactive visant \u00e0 soutenir les TPME et \u00e0 renforcer la structure \u00e9conomique r\u00e9gionale en d\u00e9ploiement des directives royales de S.M. le Roi Mohammed VI, visant \u00e0 renforcer et \u00e0 promouvoir les TPME ainsi qu\u2019\u00e0 favoriser l\u2019\u00e9mergence d\u2019une classe entrepreneuriale durable et \u00e0 forte valeur ajout\u00e9e.<\/p>\n\n\n\n<p class=\"has-text-align-left\">Le&nbsp; Directeur G\u00e9n\u00e9ral (PI) du Centre R\u00e9gional d\u2019Investissement B\u00e9ni Mellal-Kh\u00e9nifra, Adil Azmi&nbsp; a soulign\u00e9 avec satisfaction que \u00ab Les r\u00e9sultats obtenus par le Programme IZDIHAR depuis son lancement en mai 2021 sont extr\u00eamement encourageants. Nous avons accompagn\u00e9 plus de 7000 entrepreneurs, organis\u00e9 59 journ\u00e9es de sensibilisation et form\u00e9 plus de 2200 entreprises gr\u00e2ce \u00e0 IZDIHAR Academy. Le programme s\u2019affirme aujourd\u2019hui comme un centre d\u2019incubation et d\u2019accompagnement gr\u00e2ce \u00e0 la proximit\u00e9 des experts mis \u00e0 disposition par nos partenaires, que je remercie pour leur engagement constant depuis plus de 3 ans, notamment de l\u2019\u00e9ventail des services offerts dans le cadre des 7 d\u00e9clinaisons du programme IZDIHAR r\u00e9pondant ainsi aux exigences et demandes des porteurs de projets dans l\u2019ensemble des phases de&nbsp; leur r\u00e9alisation.\u00bb<\/p>\n\n\n\n<p class=\"has-text-align-left\">Monsieur Azmi &nbsp;a ajout\u00e9 que &nbsp;la gen\u00e8se du programme repose sur la convergence des politiques publiques et de l\u2019unification des efforts pour maximiser l\u2019impact des actions et cr\u00e9er un environnement propice \u00e0 l\u2019\u00e9panouissement des entrepreneurs &nbsp;soulignant que le CRI B\u00e9ni Mellal-Kh\u00e9nifra, en collaboration avec son \u00e9cosyst\u00e8me r\u00e9gional, a \u00e9t\u00e9 novateur et pr\u00e9curseur dans l\u2019adoption de cette approche novatrice. Il a &nbsp;rappel\u00e9 \u00e9galement, que le programme IZDIHAR &nbsp;se veut &nbsp;un parcours unifi\u00e9, int\u00e9gr\u00e9, simple et coh\u00e9rent, int\u00e9grant toutes les mesures de soutien et d\u2019accompagnement d\u00e9ploy\u00e9es par l&rsquo;\u00c9tat pour encourager et assister la cr\u00e9ation et &nbsp;le d\u00e9veloppement d\u2019entreprises dans la r\u00e9gion de B\u00e9ni Mellal -Kh\u00e9nifra<\/p>\n\n\n\n<p class=\"has-text-align-left\">M le directeur du CRI&nbsp; a mis aussi &nbsp;en avant la feuille de route \u00e9tablie par le Minist\u00e8re de l&rsquo;Investissement, de la Convergence et de l&rsquo;\u00c9valuation des Politiques Publiques, dans le cadre de la r\u00e9forme des CRIs, visant \u00e0 intensifier et d\u00e9velopper les programmes d\u2019accompagnement et de soutien aux entreprises et porteurs de projets. \u00ab&nbsp;Le plan d\u2019action pour la p\u00e9riode 2024-2027 vise \u00e0 renforcer encore davantage le soutien aux entrepreneurs locaux, \u00e0 intensifier les programmes de formation et d&rsquo;accompagnement, et \u00e0 \u00e9largir l&rsquo;impact \u00e9conomique du programme IZDIHAR sur la r\u00e9gion B\u00e9ni Mellal-Khenifra. Dans cette optique, le Centre R\u00e9gional d\u2019Investissement envisage le d\u00e9ploiement d\u2019un r\u00e9seau de proximit\u00e9 dans les principales villes et conglom\u00e9rations de la r\u00e9gion, permettant ainsi la cr\u00e9ation et l&rsquo;accompagnement de plus de 3000 entreprises et entrepreneurs par an.&nbsp;\u00bb a-t-il &nbsp;ajout\u00e9<\/p>\n\n\n\n<p class=\"has-text-align-left\">Pour profiter d&rsquo;un soutien individualis\u00e9 des sp\u00e9cialistes du Programme IZDIHAR, le CRI B\u00e9ni Mellal \u2013 Kh\u00e9nifra offre aux porteurs de projets une plateforme num\u00e9rique interactive qui permet non seulement de s&rsquo;inscrire, mais aussi de rechercher des terrains, d&rsquo;acc\u00e9der \u00e0 la documentation sur les incitations, et d&rsquo;effectuer des analyses de march\u00e9.<\/p>\n\n\n\n<p class=\"has-text-align-left\">Pour ce qui est du Fonds Izdihar Intelaka, M Azmi a fait savoir qu\u2019il est lanc\u00e9 depuis d\u00e9cembre 2023 et que c\u2019est une initiative&nbsp; financi\u00e8re pilote d\u00e9di\u00e9e au soutien des entrepreneurs de la r\u00e9gion Beni Mellal Kh\u00e9nifra b\u00e9n\u00e9ficiant du programme int\u00e9gr\u00e9 d\u2019appui et de financement&nbsp; des entreprises (PIAFE) \u2013 Intelaka. Et d\u2019ajouter \u00ab&nbsp;Ce fonds, mis en \u0153uvre par le Conseil R\u00e9gional de B\u00e9ni Mellal-Khenifra et g\u00e9r\u00e9 par le Centre R\u00e9gional d\u2019Investissement, a pour objectif de faciliter l&rsquo;acc\u00e8s au financement pour les jeunes entrepreneurs et les porteurs de projets en remboursant les int\u00e9r\u00eats des cr\u00e9dits obtenus dans le cadre du programme INTELAKA. En all\u00e9geant la charge financi\u00e8re des jeunes entrepreneurs, il vise \u00e0 stimuler la cr\u00e9ation et le d\u00e9veloppement d&rsquo;entreprises dans la r\u00e9gion. Depuis le lancement de ce fonds, plus de 150 projets et porteurs de projets ont d\u00e9pos\u00e9 leurs demandes pour b\u00e9n\u00e9ficier du fonds Izdihar Intelaka. . La r\u00e9ussite de ce programme d\u00e9montre l\u2019engagement conjoint avec le Conseil de la R\u00e9gion B\u00e9ni Mellal-Khenifra pour l\u2019accompagnement des entrepreneurs dans le d\u00e9veloppement de leurs entreprises. Nous mettons en \u0153uvre des actions et des programmes structurants pour l\u2019am\u00e9lioration du climat des affaires et le renforcement des capacit\u00e9s des jeunes promoteurs \u00e9conomiques, conform\u00e9ment aux hautes directives royales de S.M. le Roi Mohammed VI, que Dieu l\u2019Assiste, pour le renforcement et l\u2019appui aux TPME et favoriser l\u2019\u00e9mergence d\u2019une petite et moyenne entreprise durable et \u00e0 forte valeur ajout\u00e9e. \u00bba-t-il conclu.<\/p>\n\n\n\n<p class=\"has-text-align-left\">FRIX ALM<\/p>\n","protected":false},"excerpt":{"rendered":"<p>Le Centre R\u00e9gional d\u2019Investissement B\u00e9ni Mellal &#8211; Kh\u00e9nifra se r\u00e9jouit de pr\u00e9senter les r\u00e9sultats du Programme IZDIHAR, initi\u00e9 depuis 8 mai 2021. Ce programme int\u00e9gr\u00e9, d\u00e9ploy\u00e9 par le CRI en collaboration avec plus de 19 institutions nationales et internationales de soutien \u00e0 l\u2019entrepreneuriat, dont 7 acteurs r\u00e9gionaux, s\u2019est affirm\u00e9 d\u00e8s son lancement comme un v\u00e9ritable [&hellip;]<\/p>\n","protected":false},"author":4,"featured_media":2010,"comment_status":"open","ping_status":"open","sticky":false,"template":"","format":"standard","meta":{"footnotes":""},"categories":[24,12],"tags":[],"class_list":["post-2258","post","type-post","status-publish","format-standard","has-post-thumbnail","hentry","category-francais","category-economies"],"_links":{"self":[{"href":"https:\/\/pressmedias.ma\/index.php?rest_route=\/wp\/v2\/posts\/2258","targetHints":{"allow":["GET"]}}],"collection":[{"href":"https:\/\/pressmedias.ma\/index.php?rest_route=\/wp\/v2\/posts"}],"about":[{"href":"https:\/\/pressmedias.ma\/index.php?rest_route=\/wp\/v2\/types\/post"}],"author":[{"embeddable":true,"href":"https:\/\/pressmedias.ma\/index.php?rest_route=\/wp\/v2\/users\/4"}],"replies":[{"embeddable":true,"href":"https:\/\/pressmedias.ma\/index.php?rest_route=%2Fwp%2Fv2%2Fcomments&post=2258"}],"version-history":[{"count":1,"href":"https:\/\/pressmedias.ma\/index.php?rest_route=\/wp\/v2\/posts\/2258\/revisions"}],"predecessor-version":[{"id":2259,"href":"https:\/\/pressmedias.ma\/index.php?rest_route=\/wp\/v2\/posts\/2258\/revisions\/2259"}],"wp:featuredmedia":[{"embeddable":true,"href":"https:\/\/pressmedias.ma\/index.php?rest_route=\/wp\/v2\/media\/2010"}],"wp:attachment":[{"href":"https:\/\/pressmedias.ma\/index.php?rest_route=%2Fwp%2Fv2%2Fmedia&parent=2258"}],"wp:term":[{"taxonomy":"category","embeddable":true,"href":"https:\/\/pressmedias.ma\/index.php?rest_route=%2Fwp%2Fv2%2Fcategories&post=2258"},{"taxonomy":"post_tag","embeddable":true,"href":"https:\/\/pressmedias.ma\/index.php?rest_route=%2Fwp%2Fv2%2Ftags&post=2258"}],"curies":[{"name":"wp","href":"https:\/\/api.w.org\/{rel}","templated":true}]}}