{"id":2260,"date":"2024-08-17T08:55:36","date_gmt":"2024-08-17T08:55:36","guid":{"rendered":"https:\/\/pressmedias.ma\/?p=2260"},"modified":"2025-04-17T16:29:04","modified_gmt":"2025-04-17T15:29:04","slug":"lagence-urbaine-de-beni-mellal-rend-hommage-aux-marocains-du-monde","status":"publish","type":"post","link":"https:\/\/pressmedias.ma\/?p=2260","title":{"rendered":"L\u2019Agence urbaine de Beni Mellal rend hommage aux Marocains du monde"},"content":{"rendered":"\n<p class=\"has-text-align-left\"><strong>Sous le th\u00e8me \u00ab\u00a0Les agences urbaines au service des Marocains du monde\u00a0\u00bb, l&rsquo;Agence urbaine de Beni Mellal a organis\u00e9, lundi 12 ao\u00fbt 2024, \u00e0 son si\u00e8ge, une rencontre de communication avec les Marocains du monde &nbsp;sous la pr\u00e9sidence de Mustapha Bouichichan, Directeur de l\u2019Agence urbaine de Beni Mellal.<\/strong><\/p>\n\n\n\n<p class=\"has-text-align-left\">Ainsi, cette journ\u00e9e a \u00e9t\u00e9 une occasion de communication et de dialogue avec les Marocains &nbsp;r\u00e9sidant \u00e0 l\u2019\u00e9tranger en vue de r\u00e9pondre \u00e0 leurs attentes et d&rsquo;assurer une prise en charge efficace de leurs &nbsp;dol\u00e9ances tout en &nbsp;les informant des services fournis par l&rsquo;Agence urbaine de Beni Mellal et en mettant en exergue leur r\u00f4le au service de la dynamique de d\u00e9veloppement socio-\u00e9conomique du Royaume.<\/p>\n\n\n\n<p class=\"has-text-align-left\">La r\u00e9union a \u00e9t\u00e9 marqu\u00e9e par une allocution d&rsquo;ouverture du directeur de l&rsquo;Agence urbaine de Beni Mellal, qui a souhait\u00e9 la bienvenue \u00e0 l&rsquo;assistance et rappel\u00e9 l&rsquo;importance de la Journ\u00e9e nationale du migrant, c\u00e9l\u00e9br\u00e9e depuis 2003, pour renforcer les liens avec les MRE et magnifier le r\u00f4le important &nbsp;qu\u2019ils jouent &nbsp;dans la dynamisation et le soutien du d\u00e9veloppement \u00e9conomique et local de la r\u00e9gion.<\/p>\n\n\n\n<p class=\"has-text-align-left\">Lors de son intervention, Bouichichan a soulign\u00e9 que l\u2019Agence urbaine &nbsp;a pris toutes les mesures pour &nbsp;appliquer le principe de flexibilit\u00e9 et simplifier les proc\u00e9dures dans le traitement des dossiers, le contr\u00f4le et l&rsquo;accompagnement, ainsi que les services \u00e0 distance dans le cadre de la politique de proximit\u00e9 num\u00e9rique.<\/p>\n\n\n\n<p class=\"has-text-align-left\">Les participants ont \u00e9t\u00e9 inform\u00e9s sur un certain nombre de points, \u00e0 savoir , les mesures prises pour l\u2019accompagnement des Marocains du monde pendant leur s\u00e9jour estival , la cr\u00e9ation d\u2019un salon virtuel au profit des MRE, disponible 24\/24 et 7jours sur 7 &nbsp;pour consulter les offres d\u2019investissement qui leur sont offertes, t\u00e9l\u00e9charger des guides et des brochures qui leur sont utiles , communiquer ( chat en direct ), la circulaire conjointe publi\u00e9e le 28 avril 2023, qui appelle \u00e0 l&rsquo;activation et \u00e0 l&rsquo;adoption d&rsquo;un ensemble de mesures visant \u00e0 simplifier davantage le processus d&rsquo;autorisation de construction dans les zones rurales, le d\u00e9cret n\u00b0 2.23.103 relatif \u00e0 l&rsquo;octroi de permis de r\u00e9gularisation&nbsp; des constructions ill\u00e9gales, qui ouvre la possibilit\u00e9 de r\u00e9gulariser le statut de ces constructions et de les int\u00e9grer dans le tissu urbain, la d\u00e9cision conjointe du Ministre de l&rsquo;int\u00e9rieur et du Ministre de &nbsp;l\u2019Am\u00e9nagement du territoire national, &nbsp;de l\u2019Urbanisme , de l\u2019Habitat et de la politique de la ville de d\u00e9finir les d\u00e9lais pour&nbsp; tout intervenant concernant&nbsp; certaines d\u00e9cisions administratives li\u00e9es \u00e0 l&rsquo;urbanisation prises par les communaut\u00e9s.<\/p>\n\n\n\n<p class=\"has-text-align-left\">\u00ab&nbsp;Conform\u00e9ment \u00e0 la politique d&rsquo;ouverture, cette r\u00e9union a \u00e9t\u00e9 une occasion importante pour les membres de la communaut\u00e9 &nbsp;des Marocains r\u00e9sidant \u00e0 l\u2019\u00e9tranger &nbsp;de poser toutes leurs questions et de trouver des solutions appropri\u00e9es, ainsi que d&rsquo;exprimer leurs aspirations pour tout ce qui concerne les domaines de l&rsquo;urbanisation et de la construction. Ainsi , la journ\u00e9e de communication organis\u00e9e aujourd\u2019hui a r\u00e9alis\u00e9 les objectifs escompt\u00e9s&nbsp;\u00bb a soulign\u00e9 M le Directeur de l\u2019Agence urbaine de Beni Mellal.<\/p>\n\n\n\n<p class=\"has-text-align-left\">A noter&nbsp; que cette rencontre de communication a \u00e9t\u00e9 organis\u00e9e en&nbsp; &nbsp;application des Hautes Instructions Royales de Sa Majest\u00e9 le Roi Mohammed VI visant \u00e0 r\u00e9pondre aux diff\u00e9rentes probl\u00e9matiques et exigences des Marocains du monde, et en vertu de la circulaire du Ministre de &nbsp;l\u2019Am\u00e9nagement du Territoire national, &nbsp;de l\u2019Urbanisme , de l\u2019Habitat et de la Politique de la Ville visant \u00e0 organiser des journ\u00e9es portes ouvertes au profit des Marocains r\u00e9sidant \u00e0 l&rsquo;\u00e9tranger et \u00e0 les accompagner durant leur s\u00e9jour estival au Maroc en vue de r\u00e9pondre \u00e0 leurs dol\u00e9ances.<\/p>\n\n\n\n<p class=\"has-text-align-left\">Ont &nbsp;pris part \u00e0 cette rencontre, l&rsquo;Inspecteur R\u00e9gional de l&rsquo;Am\u00e9nagement du Territoire national, de l\u2019Urbanisme, &nbsp;de l\u2019Habitat et de la politique de la ville, le &nbsp;Directeur R\u00e9gional de l&rsquo;Habitat et de la Politique de la Ville, le &nbsp;Chef du D\u00e9partement des Affaires Marocaines et de l&rsquo;Immigration, &nbsp;le &nbsp;repr\u00e9sentant du Centre R\u00e9gional d&rsquo;Investissement, ainsi que des responsables et du personnel de l&rsquo;Agence Urbaine de Beni Mellal<\/p>\n\n\n\n<p class=\"has-text-align-left\">Frix ALM<\/p>\n","protected":false},"excerpt":{"rendered":"<p>Sous le th\u00e8me \u00ab\u00a0Les agences urbaines au service des Marocains du monde\u00a0\u00bb, l&rsquo;Agence urbaine de Beni Mellal a organis\u00e9, lundi 12 ao\u00fbt 2024, \u00e0 son si\u00e8ge, une rencontre de communication avec les Marocains du monde &nbsp;sous la pr\u00e9sidence de Mustapha Bouichichan, Directeur de l\u2019Agence urbaine de Beni Mellal. Ainsi, cette journ\u00e9e a \u00e9t\u00e9 une occasion [&hellip;]<\/p>\n","protected":false},"author":4,"featured_media":2261,"comment_status":"open","ping_status":"open","sticky":false,"template":"","format":"standard","meta":{"footnotes":""},"categories":[24,15],"tags":[],"class_list":["post-2260","post","type-post","status-publish","format-standard","has-post-thumbnail","hentry","category-francais","category-15"],"_links":{"self":[{"href":"https:\/\/pressmedias.ma\/index.php?rest_route=\/wp\/v2\/posts\/2260","targetHints":{"allow":["GET"]}}],"collection":[{"href":"https:\/\/pressmedias.ma\/index.php?rest_route=\/wp\/v2\/posts"}],"about":[{"href":"https:\/\/pressmedias.ma\/index.php?rest_route=\/wp\/v2\/types\/post"}],"author":[{"embeddable":true,"href":"https:\/\/pressmedias.ma\/index.php?rest_route=\/wp\/v2\/users\/4"}],"replies":[{"embeddable":true,"href":"https:\/\/pressmedias.ma\/index.php?rest_route=%2Fwp%2Fv2%2Fcomments&post=2260"}],"version-history":[{"count":1,"href":"https:\/\/pressmedias.ma\/index.php?rest_route=\/wp\/v2\/posts\/2260\/revisions"}],"predecessor-version":[{"id":2262,"href":"https:\/\/pressmedias.ma\/index.php?rest_route=\/wp\/v2\/posts\/2260\/revisions\/2262"}],"wp:featuredmedia":[{"embeddable":true,"href":"https:\/\/pressmedias.ma\/index.php?rest_route=\/wp\/v2\/media\/2261"}],"wp:attachment":[{"href":"https:\/\/pressmedias.ma\/index.php?rest_route=%2Fwp%2Fv2%2Fmedia&parent=2260"}],"wp:term":[{"taxonomy":"category","embeddable":true,"href":"https:\/\/pressmedias.ma\/index.php?rest_route=%2Fwp%2Fv2%2Fcategories&post=2260"},{"taxonomy":"post_tag","embeddable":true,"href":"https:\/\/pressmedias.ma\/index.php?rest_route=%2Fwp%2Fv2%2Ftags&post=2260"}],"curies":[{"name":"wp","href":"https:\/\/api.w.org\/{rel}","templated":true}]}}