{"id":2279,"date":"2024-08-21T18:29:06","date_gmt":"2024-08-21T18:29:06","guid":{"rendered":"https:\/\/pressmedias.ma\/?p=2279"},"modified":"2025-04-17T16:29:06","modified_gmt":"2025-04-17T15:29:06","slug":"entretien-avec-souad-mimouni-presidente-de-la-cooperative-feminine-afoughal-al-atlas-moulay-bouazza-province-de-khenifra","status":"publish","type":"post","link":"https:\/\/pressmedias.ma\/?p=2279","title":{"rendered":"Entretien\u00a0 avec Souad Mimouni, pr\u00e9sidente de la coop\u00e9rative f\u00e9minine \u00a0Afoughal Al Atlas, Moulay Bouazza , Province de Kh\u00e9nifra."},"content":{"rendered":"\n<p class=\"has-text-align-left\"><strong>\u00ab&nbsp;La coop\u00e9rative s\u2019assigne pour objectif &nbsp;de lutter&nbsp; contre l\u2019analphab\u00e9tisme et&nbsp; de cr\u00e9er&nbsp; &nbsp;des activit\u00e9s g\u00e9n\u00e9ratrices de revenus pour les femmes&nbsp; en milieu rural&nbsp;\u00bb<\/strong><\/p>\n\n\n\n<p class=\"has-text-align-left\"><strong>Dans cet entretien, la pr\u00e9sidente de la coop\u00e9rative Afoughal Al Atlas met en exergue une panoplie&nbsp; d\u2019objectifs et de formations en vue d\u2019encourager &nbsp;l\u2019implication des &nbsp;femmes, en milieu rural, dans la cr\u00e9ation de leurs projets et de leurs coop\u00e9ratives.<\/strong><\/p>\n\n\n\n<p class=\"has-text-align-left\"><strong>&nbsp;ALM&nbsp;: quels sont les produits que votre coop\u00e9rative &nbsp;f\u00e9minine commercialise&nbsp;?<\/strong><\/p>\n\n\n\n<p class=\"has-text-align-left\"><strong>Souad Mimouni&nbsp;:<\/strong> la coop\u00e9rative Afoughal Al Atlas, \u00e0 Moulay Bouazza , province de kh\u00e9nifra, est cr\u00e9\u00e9 le 1 janvier 2022. Elle regroupe des femmes mari\u00e9es, veuves et divorc\u00e9es et un grand nombre d\u2019adh\u00e9rentes. &nbsp;On commercialise et valorise des produis agricoles divers comme le couscous, les plantes m\u00e9dicinales&nbsp; les confitures de raisins , de prunes, &nbsp;de p\u00eaches, de fraises , de pommes , de citrons , de tomates , d\u2019abricots ,de carottes, les poivrons farcis, hrissa , poudre d\u2019ail , aubergines&nbsp; lacto ferment\u00e9es, haricots verts\u2026Nous mettons aussi l\u2019accent sur&nbsp; des produits tr\u00e8s anciens comme Harbar , Bendak , Zmita , Belboula \u2026<\/p>\n\n\n\n<p class=\"has-text-align-left\">&nbsp;<strong>Quels sont les objectifs de votre coop\u00e9rative&nbsp;?<\/strong><\/p>\n\n\n\n<p class=\"has-text-align-left\">La cr\u00e9ation de notre coop\u00e9rative s\u2019assigne pour objectifs la production et la valorisation&nbsp; des produits alimentaires, la r\u00e9habilitation&nbsp; de nos produits en vue de participer \u00e0 la modernisation du secteur agricole, le d\u00e9veloppement&nbsp; des capacit\u00e9s locales agricoles&nbsp; et l\u2019encadrement des coop\u00e9ratives , la commercialisation des produits agricoles sur le plan local , provincial et r\u00e9gional en coordination avec les op\u00e9rateurs socio\u00e9conomiques concern\u00e9s&nbsp; , la participation aux expositions agricoles au niveau national et international , la lutte contre l\u2019analphab\u00e9tisme au profit des membres de notre coop\u00e9rative et des femmes en milieu rural , la participation au d\u00e9veloppement rural dans le cadre de la nouvelle strat\u00e9gie agricole&nbsp; g\u00e9n\u00e9ration Green, organisation des formations au profit des filles et des femmes rurales&nbsp; en vue de d\u00e9velopper et de perfectionner leurs capacit\u00e9s , l\u2019am\u00e9lioration du niveau de vie des membres de notre coop\u00e9rative et de leurs familles , cr\u00e9ation des passerelles de communication avec d\u2019autres coop\u00e9ratives&nbsp; f\u00e9minines&nbsp; concern\u00e9es par le domaine agricole moderne , la cr\u00e9ation d\u2019opportunit\u00e9s d\u2019emplois pour la femme en milieu rural\u2026<\/p>\n\n\n\n<p class=\"has-text-align-left\"><strong>Votre coop\u00e9rative a-t-elle particip\u00e9 \u00e0 des expositions&nbsp; et \u00e0 des formations ?<\/strong><\/p>\n\n\n\n<p class=\"has-text-align-left\">On a particip\u00e9 \u00e0 &nbsp;des expositions &nbsp;\u00e0 Moulay Bouazza, \u00e0 &nbsp;d\u2019autres &nbsp;rencontres organis\u00e9es par la chambre&nbsp; de l\u2019artisanat \u00e0 Kh\u00e9nifra au niveau provincial et r\u00e9gional&#8230; En outre, on dispose d\u2019un site \u00e9lectronique et nous faisons &nbsp;la publicit\u00e9 de notre coop\u00e9rative sur les r\u00e9seaux sociaux \u2026.Nous assistons toujours aux formations car nous mettons en exergue la r\u00e9partition des t\u00e2ches pour que notre coop\u00e9rative soit bien organis\u00e9e. On a des accords de partenariats avec INDH, l\u2019association Targa et un grands nombre d\u2019acteurs socio\u00e9conomiques au niveau provincial et r\u00e9gional et m\u00eame national.<\/p>\n\n\n\n<p class=\"has-text-align-left\"><strong>Quelles sont les contraintes qui jugulent la prosp\u00e9rit\u00e9 de votre coop\u00e9rative&nbsp; et quelles sont vos dol\u00e9ances&nbsp;?<\/strong><\/p>\n\n\n\n<p class=\"has-text-align-left\">On ambitionne d\u2019avoir un si\u00e8ge permanent &nbsp;et &nbsp;officiel pour notre coop\u00e9rative, c\u2019est&nbsp; un appel que nous lan\u00e7ons \u00e0 M le Gouverneur de la province de kh\u00e9nifra, \u00e0 M le wali de la r\u00e9gion Beni Mellal kh\u00e9nifra, aux autorit\u00e9s locales et \u00e0 tous les op\u00e9rateurs concern\u00e9s. En outre , notre &nbsp;objectif est d\u2019inciter les femmes en milieu rural \u00e0 cr\u00e9er leurs coop\u00e9ratives, \u00e0 lutter contre l\u2019analphab\u00e9tisme, \u00e0 participer \u00e0 des formations, \u00e0 am\u00e9liorer leur &nbsp;niveau &nbsp;de vie\u2026Nous voudrions avoir un mat\u00e9riel plus moderne pour perfectionner la qualit\u00e9 de nos produits. On demande aussi que les proc\u00e9dures administratives pour la cr\u00e9ation des coop\u00e9ratives soient simplifi\u00e9es et \u00e0 la port\u00e9e de celles qui voudraient cr\u00e9er des projets, des entreprises surtout en milieu rural\u2026On souhaite aussi &nbsp;que d\u2019autres expositions soient organis\u00e9es pour encourager la commercialisation de nos produits.<\/p>\n\n\n\n<p class=\"has-text-align-left\">Frix &nbsp;ALM<\/p>\n","protected":false},"excerpt":{"rendered":"<p>\u00ab&nbsp;La coop\u00e9rative s\u2019assigne pour objectif &nbsp;de lutter&nbsp; contre l\u2019analphab\u00e9tisme et&nbsp; de cr\u00e9er&nbsp; &nbsp;des activit\u00e9s g\u00e9n\u00e9ratrices de revenus pour les femmes&nbsp; en milieu rural&nbsp;\u00bb Dans cet entretien, la pr\u00e9sidente de la coop\u00e9rative Afoughal Al Atlas met en exergue une panoplie&nbsp; d\u2019objectifs et de formations en vue d\u2019encourager &nbsp;l\u2019implication des &nbsp;femmes, en milieu rural, dans la cr\u00e9ation [&hellip;]<\/p>\n","protected":false},"author":4,"featured_media":2280,"comment_status":"open","ping_status":"open","sticky":false,"template":"","format":"standard","meta":{"footnotes":""},"categories":[24,12],"tags":[],"class_list":["post-2279","post","type-post","status-publish","format-standard","has-post-thumbnail","hentry","category-francais","category-economies"],"_links":{"self":[{"href":"https:\/\/pressmedias.ma\/index.php?rest_route=\/wp\/v2\/posts\/2279","targetHints":{"allow":["GET"]}}],"collection":[{"href":"https:\/\/pressmedias.ma\/index.php?rest_route=\/wp\/v2\/posts"}],"about":[{"href":"https:\/\/pressmedias.ma\/index.php?rest_route=\/wp\/v2\/types\/post"}],"author":[{"embeddable":true,"href":"https:\/\/pressmedias.ma\/index.php?rest_route=\/wp\/v2\/users\/4"}],"replies":[{"embeddable":true,"href":"https:\/\/pressmedias.ma\/index.php?rest_route=%2Fwp%2Fv2%2Fcomments&post=2279"}],"version-history":[{"count":1,"href":"https:\/\/pressmedias.ma\/index.php?rest_route=\/wp\/v2\/posts\/2279\/revisions"}],"predecessor-version":[{"id":2281,"href":"https:\/\/pressmedias.ma\/index.php?rest_route=\/wp\/v2\/posts\/2279\/revisions\/2281"}],"wp:featuredmedia":[{"embeddable":true,"href":"https:\/\/pressmedias.ma\/index.php?rest_route=\/wp\/v2\/media\/2280"}],"wp:attachment":[{"href":"https:\/\/pressmedias.ma\/index.php?rest_route=%2Fwp%2Fv2%2Fmedia&parent=2279"}],"wp:term":[{"taxonomy":"category","embeddable":true,"href":"https:\/\/pressmedias.ma\/index.php?rest_route=%2Fwp%2Fv2%2Fcategories&post=2279"},{"taxonomy":"post_tag","embeddable":true,"href":"https:\/\/pressmedias.ma\/index.php?rest_route=%2Fwp%2Fv2%2Ftags&post=2279"}],"curies":[{"name":"wp","href":"https:\/\/api.w.org\/{rel}","templated":true}]}}