{"id":2307,"date":"2024-08-31T12:46:53","date_gmt":"2024-08-31T12:46:53","guid":{"rendered":"https:\/\/pressmedias.ma\/?p=2307"},"modified":"2025-04-17T16:28:26","modified_gmt":"2025-04-17T15:28:26","slug":"un-festival-au-service-du-developpement-socioeconomique","status":"publish","type":"post","link":"https:\/\/pressmedias.ma\/?p=2307","title":{"rendered":"Un festival au service du d\u00e9veloppement socio\u00e9conomique"},"content":{"rendered":"\n<p class=\"has-text-align-left\"><strong>En partenariat avec les diff\u00e9rents acteurs de Tagzirth, au Maroc et \u00e0 l\u2019\u00e9tranger, et le Festival international Maroco-Italien et sous le th\u00e8me \u00ab&nbsp;Les Marocains de monde au service du d\u00e9veloppement local &nbsp;\u00bb,&nbsp; l\u2019Association Ouchrah pour la culture et le d\u00e9veloppement a organis\u00e9 la premi\u00e8re \u00e9dition du <\/strong><\/p>\n\n\n\n<p class=\"has-text-align-left\"><strong>Festival de Tagzirth du&nbsp; 16 au 18 Aout 2024.<\/strong><\/p>\n\n\n\n<figure class=\"wp-block-image size-full\"><img loading=\"lazy\" decoding=\"async\" width=\"640\" height=\"364\" src=\"https:\/\/pressmedias.ma\/wp-content\/uploads\/2024\/08\/13.jpg\" alt=\"\" class=\"wp-image-2308\" srcset=\"https:\/\/pressmedias.ma\/wp-content\/uploads\/2024\/08\/13.jpg 640w, https:\/\/pressmedias.ma\/wp-content\/uploads\/2024\/08\/13-300x171.jpg 300w\" sizes=\"auto, (max-width: 640px) 100vw, 640px\" \/><\/figure>\n\n\n\n<p><\/p>\n\n\n\n<p class=\"has-text-align-left\">Dans une d\u00e9claration \u00e0 ALM, le coordonnateur du festival , Pr Mohamed M\u2019Barki a soulign\u00e9 que l\u2019organisation de la premi\u00e8re \u00e9dition du Festival a pour objectif d\u2019\u00e9tablir des passerelles de communication &nbsp;entre les Marocains du monde relevant de Tagzirth et ses habitants surtout les jeunes&nbsp;\u00ab&nbsp;C\u2019est gr\u00e2ce aux efforts consid\u00e9rables d\u00e9ploy\u00e9s par les&nbsp; MRE originaires de Tagzirth qui \u0153uvrent en Italie , en&nbsp; Espagne , en&nbsp; France, aux Etats-Unis\u2026que ce festival a vu le jour. Ainsi , notre objectif est de cr\u00e9er des opportunit\u00e9s d\u2019emplois pour les jeunes par l\u2019encouragement de la cr\u00e9ation &nbsp;des entreprises , de projets et d\u2019investissements \u00e0 Tagzirth. Le festival&nbsp; n\u2019est pas seulement une occasion de pr\u00e9senter des groupes folkloriques&nbsp; et des chanteurs mais une aubaine&nbsp; qui permettra aux jeunes de d\u00e9couvrir d\u2019autres horizons socio\u00e9conomiques nouveaux \u2026<\/p>\n\n\n\n<p class=\"has-text-align-left\">Lors d\u2019une allocution de circonstance, le pr\u00e9sident de l\u2019Association Ouchrah pour la culture et le d\u00e9veloppement, Mohamed Oulmghenni a d\u00e9clar\u00e9 que \u00ab&nbsp;Nous sommes en train de c\u00e9l\u00e9brer un \u00e9v\u00e8nement tr\u00e8s cher \u00e0 tous les marocains, c\u2019est le 25<sup>\u00e8me<\/sup> anniversaire de l\u2019accession de Sa Majest\u00e9 le Roi Mohammed VI au tr\u00f4ne de ses glorieux anc\u00eatres. Nous organisons ce festival pour conforter&nbsp; le rayonnement de Tagzirth par la prolif\u00e9ration d\u2019activit\u00e9s g\u00e9n\u00e9ratrices de revenus et l\u2019\u00e9tablissement d\u2019une bonne communication entre toutes les parties prenantes. Nous voudrions encourager des investissements productifs et \u00eatre \u00e0 l\u2019origine de l\u2019\u00e9mergence d\u2019une nouvelle g\u00e9n\u00e9ration d\u2019entreprises. Ainsi , je remercie vivement tous nos partenaires et les op\u00e9rateurs concern\u00e9s qui ont particip\u00e9 \u00e0 la r\u00e9ussite de la premi\u00e8re \u00e9dition de ce festival\u2026&nbsp;\u00bb<\/p>\n\n\n\n<p class=\"has-text-align-left\">Pour Mustapha Ouaanit vivant en Italie , \u00ab&nbsp;D\u2019abord je rends un vibrant hommage \u00e0 Abdellah El Khazraji , pr\u00e9sident du Festival international Maroco-Italien qui a d\u00e9ploy\u00e9 des efforts inlassables pour l\u2019organisation de ce festival et \u00e0 tous les acteurs socio\u00e9conomiques au Maroc et \u00e0 l\u2019\u00e9tranger. Ce festival s\u2019assigne pour objectif de magnifier le patrimoine immat\u00e9riel de Tagzirth tout en participant \u00e0 l\u2019affermissement des fondements des relations entre les Marocains du monde relevant de la collectivit\u00e9 territoriale de Tagzirth et le reste de sa population\u2026.&nbsp;\u00bb<\/p>\n\n\n\n<p class=\"has-text-align-left\">Notons qu\u2019au programme de ce festival figurent des expos\u00e9s qui ont \u00e9t\u00e9 pr\u00e9sent\u00e9s au si\u00e8ge de la collectivit\u00e9 territoriale de Tagzirth, \u00e0 savoir , le r\u00f4le des Marocains du monde dans la promotion du d\u00e9veloppement de Tagzirth , l\u2019integration \u00e9conomique des jeunes , le tourisme \u00e0 Tagzirth , r\u00e9alit\u00e9 et perspectives, la femme et le d\u00e9veloppement , les ressources hydriques \u2026Concernant les activit\u00e9s artistiques , le festival a connu une grande affluence \u00e0 l\u2019espace de Tazroualt o\u00f9 des groupes folkloriques Abidat Rma Dar ould Zidouh , les po\u00e8tes amazighs , les groupes Soufiane Tadlaoui&nbsp; et Moncif Rami, le groupe Ahidous Hansala , Abidat Rma de Tagzirth &nbsp;et la fantasia de Ait Abdellouli ont galvanis\u00e9 le public<\/p>\n","protected":false},"excerpt":{"rendered":"<p>En partenariat avec les diff\u00e9rents acteurs de Tagzirth, au Maroc et \u00e0 l\u2019\u00e9tranger, et le Festival international Maroco-Italien et sous le th\u00e8me \u00ab&nbsp;Les Marocains de monde au service du d\u00e9veloppement local &nbsp;\u00bb,&nbsp; l\u2019Association Ouchrah pour la culture et le d\u00e9veloppement a organis\u00e9 la premi\u00e8re \u00e9dition du Festival de Tagzirth du&nbsp; 16 au 18 Aout 2024. [&hellip;]<\/p>\n","protected":false},"author":4,"featured_media":2309,"comment_status":"open","ping_status":"open","sticky":false,"template":"","format":"standard","meta":{"footnotes":""},"categories":[24,18],"tags":[],"class_list":["post-2307","post","type-post","status-publish","format-standard","has-post-thumbnail","hentry","category-francais","category-18"],"_links":{"self":[{"href":"https:\/\/pressmedias.ma\/index.php?rest_route=\/wp\/v2\/posts\/2307","targetHints":{"allow":["GET"]}}],"collection":[{"href":"https:\/\/pressmedias.ma\/index.php?rest_route=\/wp\/v2\/posts"}],"about":[{"href":"https:\/\/pressmedias.ma\/index.php?rest_route=\/wp\/v2\/types\/post"}],"author":[{"embeddable":true,"href":"https:\/\/pressmedias.ma\/index.php?rest_route=\/wp\/v2\/users\/4"}],"replies":[{"embeddable":true,"href":"https:\/\/pressmedias.ma\/index.php?rest_route=%2Fwp%2Fv2%2Fcomments&post=2307"}],"version-history":[{"count":2,"href":"https:\/\/pressmedias.ma\/index.php?rest_route=\/wp\/v2\/posts\/2307\/revisions"}],"predecessor-version":[{"id":2311,"href":"https:\/\/pressmedias.ma\/index.php?rest_route=\/wp\/v2\/posts\/2307\/revisions\/2311"}],"wp:featuredmedia":[{"embeddable":true,"href":"https:\/\/pressmedias.ma\/index.php?rest_route=\/wp\/v2\/media\/2309"}],"wp:attachment":[{"href":"https:\/\/pressmedias.ma\/index.php?rest_route=%2Fwp%2Fv2%2Fmedia&parent=2307"}],"wp:term":[{"taxonomy":"category","embeddable":true,"href":"https:\/\/pressmedias.ma\/index.php?rest_route=%2Fwp%2Fv2%2Fcategories&post=2307"},{"taxonomy":"post_tag","embeddable":true,"href":"https:\/\/pressmedias.ma\/index.php?rest_route=%2Fwp%2Fv2%2Ftags&post=2307"}],"curies":[{"name":"wp","href":"https:\/\/api.w.org\/{rel}","templated":true}]}}