{"id":2320,"date":"2024-09-16T01:53:21","date_gmt":"2024-09-16T01:53:21","guid":{"rendered":"https:\/\/pressmedias.ma\/?p=2320"},"modified":"2025-04-17T16:29:05","modified_gmt":"2025-04-17T15:29:05","slug":"lancement-officiel-de-la-formation-a-la-cite-des-metiers-et-des-competences-a-beni-mellal-pour-la-saison-2024-2025","status":"publish","type":"post","link":"https:\/\/pressmedias.ma\/?p=2320","title":{"rendered":"Lancement officiel de la formation \u00e0 \u00a0la Cit\u00e9 des m\u00e9tiers et des comp\u00e9tences, \u00e0 Beni Mellal, pour la saison 2024-2025"},"content":{"rendered":"\n<p class=\"has-text-align-left\"><strong>Construite sur une superficie de 15 hectares, avec un investissement de 390MDH, cette cit\u00e9 est le fruit d\u2019un partenariat entre le Minist\u00e8re du commerce et de l\u2019industrie, le Fonds Hassan II pour le d\u00e9veloppement, la CGEM et le Conseil r\u00e9gional de Beni Mellal kh\u00e9nifra.<\/strong><strong><\/strong><\/p>\n\n\n\n<p class=\"has-text-align-left\">Dans une d\u00e9claration \u00e0 ALM , le Directeur r\u00e9gional de la formation professionnelle et de la promotion du travail, Abdelouahab Dlia a soulign\u00e9 que le lancement de la formation \u00e0 la cit\u00e9 des m\u00e9tiers et des comp\u00e9tences , \u00e0 Beni Mellal, est une aubaine et une valeur ajout\u00e9e pour la r\u00e9gion Beni Mellal kh\u00e9nifra et tout &nbsp;le Maroc&nbsp;\u00ab&nbsp; &nbsp;La cit\u00e9 des m\u00e9tiers et des comp\u00e9tences est un &nbsp;chantier&nbsp; strat\u00e9gique&nbsp; de la feuille de route Royal qui s\u2019assigne pour objectif de participer \u00e0 la promotion de la formation professionnelle . Construite sur une superficie de 15 hectares, avec un investissement de 390MDH, cette cit\u00e9 est le fruit d\u2019un partenariat entre le Minist\u00e8re du commerce et de l\u2019industrie, le Fonds Hassan II pour le d\u00e9veloppement, la CGEM et le Conseil r\u00e9gional de Beni Mellal kh\u00e9nifra. D\u2019une capacit\u00e9 annuelle de 2515 places p\u00e9dagogiques, cette construction innovante rec\u00e8le des p\u00f4les de formation, des espaces pour le perfectionnement&nbsp; des comp\u00e9tences linguistiques, professionnelles et la construction des projets entrepreneuriaux, des terrains de sport, une ferme p\u00e9dagogique, un atelier num\u00e9rique pour la formation des porteurs de projets, un internat \u2026&nbsp;\u00bb a fait savoir M le Directeur.<\/p>\n\n\n\n<p class=\"has-text-align-left\">Dans le cadre des efforts visant \u00e0 promouvoir le secteur de la formation professionnelle, dans la r\u00e9gion, le &nbsp;&nbsp;wali de la r\u00e9gion de Beni Mellal-Khenifra, Khatib El H\u00e9bil a proc\u00e9d\u00e9, vendredi 06 septembre 2024, au lancement officiel de la formation ,pour la saison en cours, dans la cit\u00e9 des m\u00e9tiers et des comp\u00e9tences , \u00e0 Beni Mellal, en pr\u00e9sence du pr\u00e9sident du Conseil r\u00e9gional, du directeur r\u00e9gional de la formation professionnelle et de la promotion du travail, d&rsquo;un certain nombre d&rsquo;\u00e9lus, de chefs de services de s\u00e9curit\u00e9 et de chefs de services d\u00e9concentr\u00e9s concern\u00e9s.<\/p>\n\n\n\n<p class=\"has-text-align-left\">&nbsp;Le lancement de cette formation a \u00e9t\u00e9 \u00e9galement &nbsp;une occasion de passer en revue les diff\u00e9rents pr\u00e9paratifs au niveau de la Cit\u00e9 des m\u00e9tiers et des comp\u00e9tences pour assurer un bon d\u00e9marrage de la formation au niveau de cette institution de nouvelle g\u00e9n\u00e9ration, construite sur &nbsp;une superficie de 15 hectares, et qui &nbsp;accueille , pour l&rsquo;ann\u00e9e en cours 2024-2025, &nbsp;le premier groupe de 1315 stagiaires r\u00e9partis entre les diff\u00e9rentes disciplines et formations offertes par cette institution de nouvelle g\u00e9n\u00e9ration.<\/p>\n\n\n\n<p class=\"has-text-align-left\">La Cit\u00e9 des m\u00e9tiers et des comp\u00e9tences de Beni Mellal Kh\u00e9nifra est un v\u00e9ritable catalyseur de comp\u00e9tences et un moteur essentiel du d\u00e9veloppement de la formation professionnelle dans la r\u00e9gion, \u00e0 travers un large \u00e9ventail de sp\u00e9cialisations et de formations innovantes, selon 10 p\u00f4les (P\u00f4le num\u00e9rique et intelligence artificielle, P\u00f4le gestion et commerce, P\u00f4le industriel, P\u00f4le agriculture, P\u00f4le agroalimentaire, P\u00f4le industrie traditionnelle, P\u00f4le b\u00e2timent et travaux publics, P\u00f4le tourisme et h\u00f4tellerie, P\u00f4le transport et logistique, P\u00f4le arts et industries graphiques).<\/p>\n\n\n\n<p class=\"has-text-align-left\">Cette plateforme de formation, qui dispose d&rsquo;espaces p\u00e9dagogiques et&nbsp; de vie, offrira des formations r\u00e9pondant aux besoins de la r\u00e9gion en mati\u00e8re de comp\u00e9tences et en phase avec son d\u00e9veloppement social et \u00e9conomique. Elle aura une capacit\u00e9 annuelle de 2515 places p\u00e9dagogiques et proposera une offre de formation diversifi\u00e9e et compl\u00e8te \u00e0 travers 64 nouvelles disciplines centr\u00e9es sur des domaines \u00e0 fort potentiel d&#8217;emploi.<\/p>\n\n\n\n<p class=\"has-text-align-left\">\u00ab&nbsp;J\u2019ai choisi le p\u00f4le du tourisme parce que le Maroc regorge de potentialit\u00e9s touristiques. En plus, nous &nbsp;allons organiser &nbsp;la coupe du Monde et d\u2019Afrique et c\u2019est un grand honneur pour moi d\u2019appartenir aux laur\u00e9ats du premier&nbsp; groupe&nbsp; des dipl\u00f4m\u00e9s de la cit\u00e9 des m\u00e9tiers et des comp\u00e9tences, \u00e0 Beni Mellal&nbsp;\u00bb a r\u00e9v\u00e9l\u00e9 un stagiaire.<\/p>\n\n\n\n<p class=\"has-text-align-left\">SAID FRIX ALM<\/p>\n","protected":false},"excerpt":{"rendered":"<p>Construite sur une superficie de 15 hectares, avec un investissement de 390MDH, cette cit\u00e9 est le fruit d\u2019un partenariat entre le Minist\u00e8re du commerce et de l\u2019industrie, le Fonds Hassan II pour le d\u00e9veloppement, la CGEM et le Conseil r\u00e9gional de Beni Mellal kh\u00e9nifra. Dans une d\u00e9claration \u00e0 ALM , le Directeur r\u00e9gional de la [&hellip;]<\/p>\n","protected":false},"author":4,"featured_media":2321,"comment_status":"open","ping_status":"open","sticky":false,"template":"","format":"standard","meta":{"footnotes":""},"categories":[24,12],"tags":[],"class_list":["post-2320","post","type-post","status-publish","format-standard","has-post-thumbnail","hentry","category-francais","category-economies"],"_links":{"self":[{"href":"https:\/\/pressmedias.ma\/index.php?rest_route=\/wp\/v2\/posts\/2320","targetHints":{"allow":["GET"]}}],"collection":[{"href":"https:\/\/pressmedias.ma\/index.php?rest_route=\/wp\/v2\/posts"}],"about":[{"href":"https:\/\/pressmedias.ma\/index.php?rest_route=\/wp\/v2\/types\/post"}],"author":[{"embeddable":true,"href":"https:\/\/pressmedias.ma\/index.php?rest_route=\/wp\/v2\/users\/4"}],"replies":[{"embeddable":true,"href":"https:\/\/pressmedias.ma\/index.php?rest_route=%2Fwp%2Fv2%2Fcomments&post=2320"}],"version-history":[{"count":1,"href":"https:\/\/pressmedias.ma\/index.php?rest_route=\/wp\/v2\/posts\/2320\/revisions"}],"predecessor-version":[{"id":2322,"href":"https:\/\/pressmedias.ma\/index.php?rest_route=\/wp\/v2\/posts\/2320\/revisions\/2322"}],"wp:featuredmedia":[{"embeddable":true,"href":"https:\/\/pressmedias.ma\/index.php?rest_route=\/wp\/v2\/media\/2321"}],"wp:attachment":[{"href":"https:\/\/pressmedias.ma\/index.php?rest_route=%2Fwp%2Fv2%2Fmedia&parent=2320"}],"wp:term":[{"taxonomy":"category","embeddable":true,"href":"https:\/\/pressmedias.ma\/index.php?rest_route=%2Fwp%2Fv2%2Fcategories&post=2320"},{"taxonomy":"post_tag","embeddable":true,"href":"https:\/\/pressmedias.ma\/index.php?rest_route=%2Fwp%2Fv2%2Ftags&post=2320"}],"curies":[{"name":"wp","href":"https:\/\/api.w.org\/{rel}","templated":true}]}}