{"id":2323,"date":"2024-09-16T01:52:51","date_gmt":"2024-09-16T01:52:51","guid":{"rendered":"https:\/\/pressmedias.ma\/?p=2323"},"modified":"2025-04-17T16:32:04","modified_gmt":"2025-04-17T15:32:04","slug":"3602-personnes-prendront-part-au-rgph-2024-a-beni-mellal-khenifra","status":"publish","type":"post","link":"https:\/\/pressmedias.ma\/?p=2323","title":{"rendered":"3602 personnes prendront part au RGPH 2024 ,\u00e0 Beni Mellal kh\u00e9nifra"},"content":{"rendered":"\r\n<p class=\"has-text-align-left\">Toutes les mesures sont prises pour que le recensement de la population et de l\u2019habitat se passe dans de bonnes conditions au niveau de la r\u00e9gion de Beni Mellal Kh\u00e9nifra. Concernant les ressources humaines qui y &nbsp;seront &nbsp;mobilis\u00e9es au niveau de Beni Mellal Kh\u00e9nifra, Rachid &nbsp;Toursi, directeur r\u00e9gional du HCP a fait savoir que 3602 personnes y prendront part.<\/p>\r\n\r\n\r\n\r\n<p class=\"has-text-align-left\">&nbsp;Dans une d\u00e9claration \u00e0 ALM, le Directeur r\u00e9gional du Haut-Commissariat au plan, r\u00e9gion de Beni Mellal kh\u00e9nifra , Rachid Toursi a&nbsp; soulign\u00e9 que \u00ab&nbsp;Toutes les mesures sont prises pour que le recensement de la population et de l\u2019habitat se passe dans de bonnes conditions au niveau de la r\u00e9gion de Beni Mellal Kh\u00e9nifra. Concernant les ressources humaines qui seront mobilis\u00e9es au niveau de Beni Mellal Kh\u00e9nifra , M Toursi a fait savoir que 3602 personnes y prendront part (&nbsp; 82 superviseurs , 827 contr\u00f4leurs , 2693 &nbsp;enqu\u00eateurs en plus d\u2019un &nbsp;superviseur r\u00e9gional , 5 superviseurs provinciaux ). Au niveau des moyens&nbsp; de transport qui permettront \u00e0 cette op\u00e9ration de se d\u00e9rouler dans de bonnes conditions surtout quand il s\u2019agit&nbsp; d\u2019atteindre&nbsp; les contr\u00e9es&nbsp; montagneuses des provinces comme Azilal, kh\u00e9nifra\u2026524 v\u00e9hicules de transport seront mobilis\u00e9s en vue de transporter toutes les personnes concern\u00e9es par ce recensement.&nbsp;\u00bb<\/p>\r\n\r\n\r\n\r\n<p class=\"has-text-align-left\">\u00ab&nbsp;Notons qu\u2019au mois d\u2019Aout 2024, des campagnes de sensibilisation&nbsp; et des rencontres ont \u00e9t\u00e9 organis\u00e9es en milieu urbain et rural , \u00e0 l\u2019Universit\u00e9 Sultan Moulay Slimane \u2026 Les moyens publicitaires ont port\u00e9 sur des comptoirs dans les villes , &nbsp;les campagnes rurales,des panneaux publicitaires , des banderoles , les diff\u00e9rents m\u00e9dias locaux et r\u00e9gionaux , des stations radios\u2026en vue d\u2019inciter toute la population , au niveau de la r\u00e9gion Beni Mellal kh\u00e9nifra, \u00e0 participer \u00e0 la r\u00e9ussite de l\u2019op\u00e9ration de recensement de l\u2019habitat et de la population qui est un devoir national.&nbsp;Ainsi, nous tablons sur la r\u00e9ussite de cette op\u00e9ration gr\u00e2ce aux pr\u00e9paratifs qui ont \u00e9t\u00e9 concr\u00e9tis\u00e9s, \u00e0 la bonne organisation des formations, &nbsp;aux &nbsp;campagnes de sensibilisation qui ont cibl\u00e9 toute la population et aux moyens de communication modernes utilis\u00e9s\u2026&nbsp;\u00bb a pr\u00e9cis\u00e9 Toursi<\/p>\r\n\r\n\r\n\r\n<p class=\"has-text-align-left\">\u00ab&nbsp;Une autre r\u00e9union a \u00e9t\u00e9 pr\u00e9sid\u00e9e&nbsp; par le wali de la r\u00e9gion Beni Mellal kh\u00e9nifra et Gouverneur de la province de Beni Mellal&nbsp; a \u00e9t\u00e9 organis\u00e9e au niveau de la wilaya de Beni Mellal Kh\u00e9nifra et qui a \u00e9t\u00e9 marqu\u00e9e par la lecture de la lettre adress\u00e9e par Sa Majest\u00e9 le Roi Mohammed VI, que Dieu l\u2019assiste au Chef du Gouvernement M Aziz Akhennouch&nbsp; au sujet du 7<sup>\u00e8me<\/sup> recensement g\u00e9n\u00e9ral de l\u2019habitat et de la population 2024. Au niveau des autres provinces relevant de la r\u00e9gion Beni Mellal kh\u00e9nifra, (Azilal, khouribga , Kh\u00e9nifra et Fkih Ben Salah ) des r\u00e9unions similaires ont \u00e9t\u00e9 tenues et pr\u00e9sid\u00e9es par Messieurs les Gouverneurs des provinces pour participer \u00e0 la r\u00e9ussite du RGPH 2024.&nbsp;\u00bb a-t-il conclu<\/p>\r\n\r\n\r\n\r\n<p class=\"has-text-align-left\">Frix ALM<\/p>\r\n","protected":false},"excerpt":{"rendered":"<p>Toutes les mesures sont prises pour que le recensement de la population et de l\u2019habitat se passe dans de bonnes conditions au niveau de la r\u00e9gion de Beni Mellal Kh\u00e9nifra. Concernant les ressources humaines qui y &nbsp;seront &nbsp;mobilis\u00e9es au niveau de Beni Mellal Kh\u00e9nifra, Rachid &nbsp;Toursi, directeur r\u00e9gional du HCP a fait savoir que 3602 [&hellip;]<\/p>\n","protected":false},"author":4,"featured_media":2324,"comment_status":"open","ping_status":"open","sticky":false,"template":"","format":"standard","meta":{"footnotes":""},"categories":[24,1],"tags":[],"class_list":["post-2323","post","type-post","status-publish","format-standard","has-post-thumbnail","hentry","category-francais","category-1"],"_links":{"self":[{"href":"https:\/\/pressmedias.ma\/index.php?rest_route=\/wp\/v2\/posts\/2323","targetHints":{"allow":["GET"]}}],"collection":[{"href":"https:\/\/pressmedias.ma\/index.php?rest_route=\/wp\/v2\/posts"}],"about":[{"href":"https:\/\/pressmedias.ma\/index.php?rest_route=\/wp\/v2\/types\/post"}],"author":[{"embeddable":true,"href":"https:\/\/pressmedias.ma\/index.php?rest_route=\/wp\/v2\/users\/4"}],"replies":[{"embeddable":true,"href":"https:\/\/pressmedias.ma\/index.php?rest_route=%2Fwp%2Fv2%2Fcomments&post=2323"}],"version-history":[{"count":1,"href":"https:\/\/pressmedias.ma\/index.php?rest_route=\/wp\/v2\/posts\/2323\/revisions"}],"predecessor-version":[{"id":2325,"href":"https:\/\/pressmedias.ma\/index.php?rest_route=\/wp\/v2\/posts\/2323\/revisions\/2325"}],"wp:featuredmedia":[{"embeddable":true,"href":"https:\/\/pressmedias.ma\/index.php?rest_route=\/wp\/v2\/media\/2324"}],"wp:attachment":[{"href":"https:\/\/pressmedias.ma\/index.php?rest_route=%2Fwp%2Fv2%2Fmedia&parent=2323"}],"wp:term":[{"taxonomy":"category","embeddable":true,"href":"https:\/\/pressmedias.ma\/index.php?rest_route=%2Fwp%2Fv2%2Fcategories&post=2323"},{"taxonomy":"post_tag","embeddable":true,"href":"https:\/\/pressmedias.ma\/index.php?rest_route=%2Fwp%2Fv2%2Ftags&post=2323"}],"curies":[{"name":"wp","href":"https:\/\/api.w.org\/{rel}","templated":true}]}}