{"id":2331,"date":"2024-09-16T01:52:15","date_gmt":"2024-09-16T01:52:15","guid":{"rendered":"https:\/\/pressmedias.ma\/?p=2331"},"modified":"2025-04-17T16:29:07","modified_gmt":"2025-04-17T15:29:07","slug":"entretien-avec-hanane-aboulfath-directrice-generale-de-la-regie-autonome-intercommunale-de-distribution-deau-et-delectricite-du-tadla-radeet","status":"publish","type":"post","link":"https:\/\/pressmedias.ma\/?p=2331","title":{"rendered":"Entretien avec Hanane Aboulfath, directrice g\u00e9n\u00e9rale de la R\u00e9gie autonome intercommunale de distribution d&rsquo;eau et d&rsquo;\u00e9lectricit\u00e9 du Tadla ( RADEET)"},"content":{"rendered":"\n<p class=\"has-text-align-left\"><strong>\u00ab&nbsp;Dans le cadre de son engagement pour garantir une gestion optimale de l\u2019eau potable, la RADEET a mobilis\u00e9 une enveloppe budg\u00e9taire importante de 502,31 MDH, r\u00e9partie entre trois volets strat\u00e9giques : la mobilisation des ressources en eau potable, le renforcement de la capacit\u00e9 de stockage&nbsp; et l\u2019am\u00e9lioration des rendements des r\u00e9seaux de distribution&nbsp;<\/strong><strong>\u00bb<\/strong><\/p>\n\n\n\n<p class=\"has-text-align-left\"><strong>Apr\u00e8s avoir pass\u00e9 en revue les causes de la crise de&nbsp; production et de distribution de l\u2019eau potable, la directrice g\u00e9n\u00e9rale de la RADEET&nbsp; met l\u2019accent sur les mesures urgentes prises pour surmonter cette \u00e9preuve, garantir un r\u00e9tablissement parfait&nbsp; de la situation et faire face aux d\u00e9fis futurs<\/strong><\/p>\n\n\n\n<p class=\"has-text-align-left\"><strong>ALM&nbsp;:<\/strong> <strong>quelles \u00e9taient les causes qui \u00e9taient \u00e0 l\u2019origine de l\u2019arr\u00eat total de production au niveau de la station de traitement de l\u2019eau potable d\u2019Afourer&nbsp;?<\/strong><\/p>\n\n\n\n<p class=\"has-text-align-left\">&nbsp;<strong>Hanane Aboulfath&nbsp;:<\/strong> En date du 29 Aout 2024, la R\u00e9gie autonome intercommunale de distribution d&rsquo;eau et d&rsquo;\u00e9lectricit\u00e9 du Tadla (RADEET) a re\u00e7u un Fax de la part de la direction provinciale de l&rsquo;ONEE branche Eau, responsable de la production d&rsquo;eau potable l&rsquo;alertant de l&rsquo;arr\u00eat total de production au niveau de la station de traitement de l\u2019eau potable d&rsquo;Afourer, ravitaill\u00e9e par les eaux brutes du Barrage de Bin El Ouidane, du fait que les fortes pr\u00e9cipitations qu&rsquo;a connues la r\u00e9gion, ces derniers jours, ont entra\u00een\u00e9 la d\u00e9gradation de la qualit\u00e9 de l&rsquo;eau du barrage par l&rsquo;augmentation de la boue et des mati\u00e8res en suspension dans l&rsquo;eau brute, et que la reprise de la fourniture d&rsquo;eau potable est tributaire de l&rsquo;am\u00e9lioration de la qualit\u00e9 des eaux brutes amen\u00e9es et la remise en service de la station de traitement.<\/p>\n\n\n\n<p class=\"has-text-align-left\">Par ailleurs, Les turbidim\u00e8tres, \u00e0 l&rsquo;entr\u00e9e r\u00e9seau, ayant enregistr\u00e9 des d\u00e9passements de seuils tol\u00e9rables de turbidit\u00e9, les \u00e9quipes de la RADEET avaient d\u00e9j\u00e0 commenc\u00e9 les man\u0153uvres de fermeture d&rsquo;isolation aux entr\u00e9es des r\u00e9seaux de distribution, pour la protection des r\u00e9seaux et des ouvrages en vue d&rsquo;\u00e9viter ou du moins limiter les d\u00e9g\u00e2ts et &nbsp;le colmatage des canalisations.<\/p>\n\n\n\n<p class=\"has-text-align-left\"><strong>Quelles \u00e9taient les mesures d\u2019urgence que vous avez prises pour le r\u00e9tablissement de la situation&nbsp;?<\/strong><\/p>\n\n\n\n<p class=\"has-text-align-left\">La Direction g\u00e9n\u00e9rale de la R\u00e9gie a imm\u00e9diatement d\u00e9sign\u00e9 une cellule de crise qui a entrepris des mesures d&rsquo;urgence et a pilot\u00e9 les actions suivantes : l&rsquo;identification et la d\u00e9limitation des zones touch\u00e9es, l\u2019instauration d\u2019un planning de man\u0153uvres d\u2019arr\u00eat de distribution nocturne , l\u2019analyse et l\u2019\u00e9valuation des volumes et d\u00e9bits restant disponibles pour leur r\u00e9partition dans les zones du r\u00e9seau et la tenue d\u2019un journal de statistiques de suivi des r\u00e9servoirs et des compteurs de distribution, la r\u00e9flexion et l&rsquo;\u00e9tablissement d&rsquo;un programme de distribution rationnalis\u00e9e intermittente dans le temps et l&rsquo;espace afin de r\u00e9partir le plus \u00e9quitablement possible les volumes d\u2019eau potable disponibles, la diffusion de communiqu\u00e9s de presse &nbsp;pour aviser et tenir au courant la population (avis du 29 Aout, du 03 Septembre 2024.), la coordination et la collaboration en continu avec les services de l&rsquo;ONEE branche Eau pour s&rsquo;enqu\u00e9rir de l&rsquo;avancement des op\u00e9rations engag\u00e9es , de l&rsquo;\u00e9volution de la qualit\u00e9 de l&rsquo;eau brute et de la situation de la production, la contribution active aux actions men\u00e9es par les autorit\u00e9s locales, dont la r\u00e9union \u00e0 laquelle a particip\u00e9 l&rsquo;ONEE branche Eau avec les repr\u00e9sentants des ayants droit soulalites des eaux de la source de Ain Asserdoune\u2026<\/p>\n\n\n\n<p class=\"has-text-align-left\"><strong>Quelles \u00e9taient les zones affect\u00e9es&nbsp;?<\/strong><\/p>\n\n\n\n<p class=\"has-text-align-left\">Le centre d\u2019Oulad &nbsp;Ayad dont l\u2019unique ressource&nbsp; est la station de traitement de l\u2019eau potable Afourer \u00e0 cause de l\u2019arr\u00eat de production des forages locaux ass\u00e9ch\u00e9s. Mais la coupure de la distribution au niveau des centres touch\u00e9s a port\u00e9 sur Le centre de Souk Sebt, en grande partie, la petite part \u00e9tant couverte par les forages locaux, le centre d&rsquo;Ouled Mbark avec le lotissement Nour Ait &nbsp;Atta qui fait partie du centre Foum Oudi, la ville de Beni Mellal&nbsp; dont le d\u00e9bit consomm\u00e9 normal journalier moyen &nbsp;est d&rsquo;environ <strong>1500 m3<\/strong> par heure, la station de traitement d&rsquo;Afourer &nbsp;qui couvre un d\u00e9bit moyen de <strong>1000 m3<\/strong> par heure, le reste est assur\u00e9 par la station de traitement de l\u2019eau potable de la &nbsp;source Ain Asserdoune, soit un d\u00e9ficit engendre par l&rsquo;incident de 65%.<\/p>\n\n\n\n<p class=\"has-text-align-left\">Un communiqu\u00e9 a \u00e9t\u00e9 diffus\u00e9 le 03 Septembre 2024 rassurant le r\u00e9tablissement proche de la situation, les actions entreprises ont dur\u00e9 jusqu&rsquo; \u00e0 la matin\u00e9e du 04 Septembre 2024, apr\u00e8s la reprise de la production par l&rsquo;ONEE branche Eau, ou des actions de stabilisation de la situation ont eu lieu tels que que le remplissage des r\u00e9servoirs, le d\u00e9gazage et la vidange des conduites, le contr\u00f4le de la qualit\u00e9 des eaux distribu\u00e9es, la remise en charge sous pression des canalisations, le r\u00e9tablissement de l\u2019alimentation d\u2019eau potable des quartiers\u2026<\/p>\n\n\n\n<p class=\"has-text-align-left\">Pendant &nbsp;la crise, toutes les \u00e9quipes mobilis\u00e9es par la RADEET ont intensifi\u00e9 les efforts dans l&rsquo;altruisme, la pers\u00e9v\u00e9rance et la d\u00e9termination, r\u00e9solues \u00e0 surmonter cette \u00e9preuve, garantir un r\u00e9tablissement parfait de la situation et faire face aux d\u00e9fis futurs.<\/p>\n\n\n\n<p class=\"has-text-align-left\">Cette crise a \u00e9galement d\u00e9montr\u00e9 l&rsquo;importance de la collaboration entre les diff\u00e9rents acteurs au m\u00eame titre que la participation et la compr\u00e9hension des habitants.<\/p>\n\n\n\n<p class=\"has-text-align-left\">D&rsquo;autres actions ont eu un r\u00f4le pertinent dans la gestion de la crise : la cellule de commande tenue au Wilaya de la R\u00e9gion pour la gestion de la crise, les interventions des autorit\u00e9s locales, la coordination \u00e0 tous les niveaux, et la distribution de citernes d&rsquo;eau, les actions de communication avec les associations de la soci\u00e9t\u00e9 civile &nbsp;par les moyens m\u00e9diatiques.<\/p>\n\n\n\n<p class=\"has-text-align-left\"><strong>Est \u2013ce que la situation de l\u2019approvisionnement en eau s\u2019est am\u00e9lior\u00e9e&nbsp; maintenant ?<\/strong><\/p>\n\n\n\n<p class=\"has-text-align-left\">Gr\u00e2ce \u00e0 ces efforts conjugu\u00e9s, la situation s&rsquo;est progressivement am\u00e9lior\u00e9e. Les r\u00e9serves ont \u00e9t\u00e9 reconstitu\u00e9es, les r\u00e9seaux ont \u00e9t\u00e9 stabilis\u00e9s et la qualit\u00e9 de l&rsquo;eau a \u00e9t\u00e9 r\u00e9tablie. Aujourd&rsquo;hui, l&rsquo;alimentation en eau potable est revenue \u00e0 la normale dans l&rsquo;ensemble du la ville de B\u00e9ni Mellal et les centres Souk Sebt, Oulad Ayad, Oulad M\u2019barek et Foum Oudi.<\/p>\n\n\n\n<p class=\"has-text-align-left\">Cette crise a soulign\u00e9 la n\u00e9cessit\u00e9 d&rsquo;investir davantage dans la gestion de l&rsquo;eau, s&rsquo;agissant de son domaine d&rsquo;action, en l&rsquo;occurrence, la distribution de l&rsquo;eau potable et l&rsquo;assainissement liquide.Pour pr\u00e9venir de nouvelles crises, La RADEET a d\u00e9j\u00e0 engag\u00e9 un plan d&rsquo;investissement ambitieux pour renforcer les infrastructures et am\u00e9liorer la r\u00e9silience du r\u00e9seau face aux \u00e9v\u00e9nements climatiques extr\u00eames dans le cadre &nbsp;du Programme National d\u2019alimentation en eau potable et d\u2019irrigation PNAEPI 2020-2027. Ce programme comprend un investissement de <strong>502,31 MDH<\/strong> pour assurer l\u2019approvisionnement en eau potable et am\u00e9liorer les infrastructures.<\/p>\n\n\n\n<p class=\"has-text-align-left\">Dans le cadre de son engagement pour garantir une gestion optimale de l\u2019eau potable, la RADEET a mobilis\u00e9 une enveloppe budg\u00e9taire importante de <strong>502,31 MDH,<\/strong> r\u00e9partie entre trois volets strat\u00e9giques : la mobilisation des ressources en eau potable, le renforcement de la capacit\u00e9 de stockage, et l\u2019am\u00e9lioration des rendements des r\u00e9seaux de distribution. Concernant la mobilisation des ressources en eau potable, un investissement de plus de <strong>46 millions de dirhams<\/strong> a \u00e9t\u00e9 allou\u00e9 \u00e0 ce volet qui &nbsp;concerne principalement la r\u00e9alisation et l\u2019\u00e9quipement de forages ainsi que la mise en place de conduites d\u2019adduction dans les diff\u00e9rents centres g\u00e9r\u00e9s par la RADEET. Ces projets visent \u00e0 s\u00e9curiser l\u2019approvisionnement en eau potable en renfor\u00e7ant et r\u00e9alisant les infrastructures n\u00e9cessaires \u00e0 partir des ouvrages de mobilisation de l\u2019eau. L\u2019objectif est \u00e9galement de prospecter et exploiter les ressources en eau souterraine pour renforcer l\u2019alimentation en eau potable. Et pour le renforcement de la capacit\u00e9 de stockage, une enveloppe de <strong>166,04 millions de dirhams<\/strong> a \u00e9t\u00e9 d\u00e9di\u00e9e \u00e0 ce volet. L\u2019objectif est de construire des ouvrages de stockage permettant d\u2019augmenter la capacit\u00e9 globale, afin d\u2019assurer une autonomie de stockage de 24 heures dans chaque centre g\u00e9r\u00e9 par la RADEET. Enfin, au niveau de l\u2019am\u00e9lioration des rendements, ce volet qui , repr\u00e9sente plus de <strong>58 %<\/strong> de l\u2019enveloppe globale, soit plus de <strong>289 MDH<\/strong>, comprend plusieurs actions cl\u00e9s&nbsp;, \u00e0 savoir, Le renouvellement et le renforcement du r\u00e9seau de distribution , la recherche et la r\u00e9paration des fuites, avec un investissement annuel de <strong>9 millions de dirhams<\/strong> , la modulation de la pression dans les r\u00e9seaux ; l&rsquo;acquisition de dispositifs de d\u00e9tection des fuites et le renouvellement des compteurs d\u2019eau. Ces projets t\u00e9moignent de l\u2019effort constant de la RADEET pour moderniser et am\u00e9liorer les performances des r\u00e9seaux de distribution d\u2019eau potable, notamment dans les centres urbains &nbsp;qui sont sous sa gestion. Avec ces investissements, la RADEET poursuit son engagement en faveur d\u2019une gestion responsable et durable des ressources en eau, tout en r\u00e9pondant aux besoins croissants des populations qu&rsquo;elle&nbsp;dessert.<\/p>\n\n\n\n<p class=\"has-text-align-left\">SAID FRIX ALM<\/p>\n","protected":false},"excerpt":{"rendered":"<p>\u00ab&nbsp;Dans le cadre de son engagement pour garantir une gestion optimale de l\u2019eau potable, la RADEET a mobilis\u00e9 une enveloppe budg\u00e9taire importante de 502,31 MDH, r\u00e9partie entre trois volets strat\u00e9giques : la mobilisation des ressources en eau potable, le renforcement de la capacit\u00e9 de stockage&nbsp; et l\u2019am\u00e9lioration des rendements des r\u00e9seaux de distribution&nbsp;\u00bb Apr\u00e8s avoir [&hellip;]<\/p>\n","protected":false},"author":4,"featured_media":2332,"comment_status":"open","ping_status":"open","sticky":false,"template":"","format":"standard","meta":{"footnotes":""},"categories":[24,12],"tags":[],"class_list":["post-2331","post","type-post","status-publish","format-standard","has-post-thumbnail","hentry","category-francais","category-economies"],"_links":{"self":[{"href":"https:\/\/pressmedias.ma\/index.php?rest_route=\/wp\/v2\/posts\/2331","targetHints":{"allow":["GET"]}}],"collection":[{"href":"https:\/\/pressmedias.ma\/index.php?rest_route=\/wp\/v2\/posts"}],"about":[{"href":"https:\/\/pressmedias.ma\/index.php?rest_route=\/wp\/v2\/types\/post"}],"author":[{"embeddable":true,"href":"https:\/\/pressmedias.ma\/index.php?rest_route=\/wp\/v2\/users\/4"}],"replies":[{"embeddable":true,"href":"https:\/\/pressmedias.ma\/index.php?rest_route=%2Fwp%2Fv2%2Fcomments&post=2331"}],"version-history":[{"count":1,"href":"https:\/\/pressmedias.ma\/index.php?rest_route=\/wp\/v2\/posts\/2331\/revisions"}],"predecessor-version":[{"id":2333,"href":"https:\/\/pressmedias.ma\/index.php?rest_route=\/wp\/v2\/posts\/2331\/revisions\/2333"}],"wp:featuredmedia":[{"embeddable":true,"href":"https:\/\/pressmedias.ma\/index.php?rest_route=\/wp\/v2\/media\/2332"}],"wp:attachment":[{"href":"https:\/\/pressmedias.ma\/index.php?rest_route=%2Fwp%2Fv2%2Fmedia&parent=2331"}],"wp:term":[{"taxonomy":"category","embeddable":true,"href":"https:\/\/pressmedias.ma\/index.php?rest_route=%2Fwp%2Fv2%2Fcategories&post=2331"},{"taxonomy":"post_tag","embeddable":true,"href":"https:\/\/pressmedias.ma\/index.php?rest_route=%2Fwp%2Fv2%2Ftags&post=2331"}],"curies":[{"name":"wp","href":"https:\/\/api.w.org\/{rel}","templated":true}]}}