{"id":2414,"date":"2024-10-28T13:30:06","date_gmt":"2024-10-28T13:30:06","guid":{"rendered":"https:\/\/pressmedias.ma\/?p=2414"},"modified":"2025-04-17T16:29:03","modified_gmt":"2025-04-17T15:29:03","slug":"promouvoir-la-representativite-politique-des-femmes-elues-et-renforcer-leurs-capacites","status":"publish","type":"post","link":"https:\/\/pressmedias.ma\/?p=2414","title":{"rendered":"Promouvoir la repr\u00e9sentativit\u00e9 politique des femmes \u00e9lues et renforcer leurs capacit\u00e9s"},"content":{"rendered":"\n<p class=\"has-text-align-left\">L\u2019Association Al Intilaka pour le D\u00e9veloppement, l\u2019Environnement et la Culture&nbsp; Afourer&nbsp; (AIDECA) a&nbsp; organis\u00e9 la c\u00e9r\u00e9monie de lancement du projet \u00ab\u00a0Amssawass, pour la promotion de l&rsquo;\u00e9galit\u00e9 des genres dans les politiques territoriales de la r\u00e9gion B\u00e9ni Mellal-Kh\u00e9nifra, vendredi 18 octobre 2024 au Centre de Renforcement des Capacit\u00e9s des Jeunes \u00e0 Afourer. La&nbsp; mise en \u0153uvre du projet \u00ab\u00a0Amssawass\u00a0\u00bb s\u2019inscrit dans le cadre du partenariat entre l\u2019association Al Intilaka et le programme Ajyal \u00c9galit\u00e9. Financ\u00e9 par l&rsquo;Agence Fran\u00e7aise de D\u00e9veloppement (AFD) et l&rsquo;Ambassade de France au Maroc et mis en \u0153uvre par Expertise France &nbsp;&nbsp;, il &nbsp;vise \u00e0 promouvoir l&rsquo;\u00e9galit\u00e9 entre les femmes et les hommes en Afrique du Nord tout en soutenant &nbsp;les acteurs locaux engag\u00e9s pour cette cause.<\/p>\n\n\n\n<p class=\"has-text-align-left\">Lors de son mot inaugural, la pr\u00e9sidente d\u2019AIDECA, Chaima Salami a soulign\u00e9 que cette rencontre vise l\u2019affermissement&nbsp; de tous les efforts en vue de participer \u00e0 l\u2019autonomisation des femmes et des filles&nbsp; tout en mettant en \u0153uvre&nbsp; l\u2019\u00e9galit\u00e9 des genres&nbsp; dans le domaine de la gouvernance locale. \u00ab&nbsp;Le lancement du projet Amssaouass incarne la vision de notre Association et sa strat\u00e9gie&nbsp; pour contribuer \u00e0 la r\u00e9alisation de l\u2019\u00e9galit\u00e9 des genres .Gr\u00e2ce \u00e0 un travail de concertation avec nos partenaires et les acteurs concern\u00e9s, nos efforts porteront leurs fruits et les objectifs escompt\u00e9s seront concr\u00e9tis\u00e9s. Amssaouss s\u2019assigne donc pour objectif d\u2019autonomiser&nbsp; 40 femmes \u00e9lues occupant les postes de vice-pr\u00e9sidentes&nbsp; ou pr\u00e9sidentes des commissions dans 10 collectivit\u00e9s territoriales&nbsp; \u00e0 la r\u00e9gion de Beni Mellal kh\u00e9nifra. Gr\u00e2ce \u00e0 ce projet&nbsp; et \u00e0 notre partenariat avec le programme \u00ab&nbsp;Ajyal Egalit\u00e9&nbsp;\u00bb, au financement&nbsp; de l\u2019Agence fran\u00e7aise de d\u00e9veloppement ( AFD ) et \u00e0 l\u2019Ambassade de France au Maroc et Expertise France , nous tablons sur le renforcement&nbsp; des capacit\u00e9s des femmes et de leur autonomisation afin qu\u2019elles soient capables de jouer un r\u00f4le pionnier&nbsp; dans leurs soci\u00e9t\u00e9s&nbsp; et r\u00e9ussir dans la prise des d\u00e9cisions au niveau local\u2026&nbsp;\u00bb a-t-elle conclu.<\/p>\n\n\n\n<p class=\"has-text-align-left\">Pour sa part , le pr\u00e9sident du Service&nbsp; des collectivit\u00e9s territoriales , \u00e0 la province d\u2019Azilal a mis l\u2019accent sur les acquis r\u00e9alis\u00e9s par le Maroc dans le domaine de l\u2019autonomisation , la repr\u00e9sentativit\u00e9 &nbsp;des femmes et de l\u2019\u00e9galit\u00e9 des genres \u00ab&nbsp;Nous sommes tenus de soutenir les femmes et de conjuguer nos efforts afin qu\u2019elles r\u00e9ussissent \u00e0 relever les d\u00e9fis au sein des conseils \u00e9lus , des collectivit\u00e9s territoriales \u2026tout en participant au renforcement de leurs capacit\u00e9s et de leurs comp\u00e9tences pour qu\u2019elles soient capables de prendre des d\u00e9cisions et&nbsp; de participer au d\u00e9veloppement socio\u00e9conomique de leur r\u00e9gion et de leur pays\u2026&nbsp;\u00bb a \u2013t-il ajout\u00e9.<\/p>\n\n\n\n<p class=\"has-text-align-left\">Pour le coordinateur des projets au sein d\u2019AIDECA, Mohamed Alouane, \u00ab&nbsp;Le projet Amssaouass contribuera \u00e0 la r\u00e9alisation des objectifs de Ajyal Egalit\u00e9 et de ceux de notre Association&nbsp; pour les deux ann\u00e9es \u00e0 venir, 2024\/2026. Notre objectif est de r\u00e9aliser un d\u00e9veloppement durable au niveau de 10 collectivit\u00e9s territoriales&nbsp; tout en participant \u00e0 l\u2019autonomisation des femmes \u00e9lues et &nbsp;des &nbsp;hommes&nbsp;&nbsp; gr\u00e2ce \u00e0 des formations qui leur seront dispens\u00e9es, au suivi, \u00e0 l\u2019encadrement et l\u2019accompagnement dont &nbsp;ils &nbsp;b\u00e9n\u00e9ficieront pour qu\u2019ils jouent un r\u00f4le primordial dans leurs collectivit\u00e9s territoriales\u2026&nbsp;\u00bb a-t-il fait savoir.<\/p>\n\n\n\n<p class=\"has-text-align-left\">&nbsp;L\u2019intervention de Saida Ouarhmane, \u00e9lue au Conseil r\u00e9gional de la r\u00e9gion de Beni Mellal kh\u00e9nifra a port\u00e9 sur l\u2019analyse de la situation de la femme&nbsp; dans l\u2019\u00e9cosyst\u00e8me politique apr\u00e8s les \u00e9lections de 2021 \u00e0 la R\u00e9gion de Beni Mellal kh\u00e9nifra et les femmes \u00e9lues \u00e0 la r\u00e9gion Beni Mellal kh\u00e9nifra&nbsp;: r\u00e9alit\u00e9 et perspectives.<\/p>\n\n\n\n<p class=\"has-text-align-left\">SAID FRIX ALM<\/p>\n","protected":false},"excerpt":{"rendered":"<p>L\u2019Association Al Intilaka pour le D\u00e9veloppement, l\u2019Environnement et la Culture&nbsp; Afourer&nbsp; (AIDECA) a&nbsp; organis\u00e9 la c\u00e9r\u00e9monie de lancement du projet \u00ab\u00a0Amssawass, pour la promotion de l&rsquo;\u00e9galit\u00e9 des genres dans les politiques territoriales de la r\u00e9gion B\u00e9ni Mellal-Kh\u00e9nifra, vendredi 18 octobre 2024 au Centre de Renforcement des Capacit\u00e9s des Jeunes \u00e0 Afourer. La&nbsp; mise en \u0153uvre [&hellip;]<\/p>\n","protected":false},"author":4,"featured_media":1248,"comment_status":"open","ping_status":"open","sticky":false,"template":"","format":"standard","meta":{"footnotes":""},"categories":[24,12],"tags":[],"class_list":["post-2414","post","type-post","status-publish","format-standard","has-post-thumbnail","hentry","category-francais","category-economies"],"_links":{"self":[{"href":"https:\/\/pressmedias.ma\/index.php?rest_route=\/wp\/v2\/posts\/2414","targetHints":{"allow":["GET"]}}],"collection":[{"href":"https:\/\/pressmedias.ma\/index.php?rest_route=\/wp\/v2\/posts"}],"about":[{"href":"https:\/\/pressmedias.ma\/index.php?rest_route=\/wp\/v2\/types\/post"}],"author":[{"embeddable":true,"href":"https:\/\/pressmedias.ma\/index.php?rest_route=\/wp\/v2\/users\/4"}],"replies":[{"embeddable":true,"href":"https:\/\/pressmedias.ma\/index.php?rest_route=%2Fwp%2Fv2%2Fcomments&post=2414"}],"version-history":[{"count":1,"href":"https:\/\/pressmedias.ma\/index.php?rest_route=\/wp\/v2\/posts\/2414\/revisions"}],"predecessor-version":[{"id":2415,"href":"https:\/\/pressmedias.ma\/index.php?rest_route=\/wp\/v2\/posts\/2414\/revisions\/2415"}],"wp:featuredmedia":[{"embeddable":true,"href":"https:\/\/pressmedias.ma\/index.php?rest_route=\/wp\/v2\/media\/1248"}],"wp:attachment":[{"href":"https:\/\/pressmedias.ma\/index.php?rest_route=%2Fwp%2Fv2%2Fmedia&parent=2414"}],"wp:term":[{"taxonomy":"category","embeddable":true,"href":"https:\/\/pressmedias.ma\/index.php?rest_route=%2Fwp%2Fv2%2Fcategories&post=2414"},{"taxonomy":"post_tag","embeddable":true,"href":"https:\/\/pressmedias.ma\/index.php?rest_route=%2Fwp%2Fv2%2Ftags&post=2414"}],"curies":[{"name":"wp","href":"https:\/\/api.w.org\/{rel}","templated":true}]}}