{"id":2417,"date":"2024-10-28T13:29:48","date_gmt":"2024-10-28T13:29:48","guid":{"rendered":"https:\/\/pressmedias.ma\/?p=2417"},"modified":"2025-04-17T16:29:04","modified_gmt":"2025-04-17T15:29:04","slug":"les-changements-climatiques-et-la-problematique-de-la-gestion-de-leau-au-centre-dun-colloque-scientifique-a-afourer","status":"publish","type":"post","link":"https:\/\/pressmedias.ma\/?p=2417","title":{"rendered":"Les changements climatiques et la probl\u00e9matique de la gestion de l\u2019eau au centre d\u2019un\u00a0 colloque scientifique \u00e0 Afourer"},"content":{"rendered":"\n<p class=\"has-text-align-left\"><strong>Des experts sp\u00e9cialis\u00e9s dans les questions de raret\u00e9 de l\u2019eau et des changements climatiques dans la r\u00e9gion de B\u00e9ni Mellal-Kh\u00e9nifra ont mis en lumi\u00e8re, lundi 21 octobre 2024, lors d\u2019un colloque scientifique organis\u00e9 en marge du festival annuel d\u2019Afourer (province d\u2019Azilal), le th\u00e8me : <em>\u00ab Les changements climatiques et la probl\u00e9matique de la gestion de l\u2019eau \u00bb<\/em>. Ils ont soulign\u00e9 l\u2019importance de trouver des solutions efficaces pour rationaliser l\u2019usage de l\u2019eau, en particulier dans le secteur agricole, et ont insist\u00e9 sur le r\u00f4le cl\u00e9 des institutions gouvernementales et des \u00e9lus, en partenariat avec la soci\u00e9t\u00e9 civile, dans la sensibilisation \u00e0 une gestion durable des ressources hydriques.<\/strong><\/p>\n\n\n\n<p class=\"has-text-align-left\">Ce colloque, initi\u00e9 par l&rsquo;association Bouqlat en coordination avec le Conseil communal d\u2019Afourer, s\u2019inscrit dans le cadre des discussions publiques sur les d\u00e9fis li\u00e9s au stress hydrique et les moyens d\u2019y faire face. L\u2019\u00e9v\u00e9nement a r\u00e9uni plusieurs intervenants et sp\u00e9cialistes, dont le Dr Mohamed Boulman, chef du d\u00e9partement du d\u00e9veloppement social au Conseil r\u00e9gional de B\u00e9ni Mellal-Kh\u00e9nifra, qui a pr\u00e9sent\u00e9 une communication sur <em>\u00ab La probl\u00e9matique des changements climatiques \u00bb<\/em>. Les professeurs Youssef Amine et Youssef Ben Ala, du bureau r\u00e9gional de l\u2019investissement agricole, ont abord\u00e9 la contribution de cet organisme face aux changements climatiques, tandis que Mohamed Sabil, pr\u00e9sident de l&rsquo;Association de l\u2019eau potable, a expos\u00e9 les difficult\u00e9s rencontr\u00e9es par les associations dans la commune d\u2019Afourer. Une autre intervention, pr\u00e9sent\u00e9e par Abdelmoumen Benchatou, doctorant,&nbsp; a port\u00e9&nbsp; sur <em>\u00ab Les changements climatiques et les d\u00e9fis de la gestion des ressources en eau au Maroc \u00bb<\/em>.<\/p>\n\n\n\n<p class=\"has-text-align-left\">Le coordinateur du colloque, Mohamed Aghzan, a insist\u00e9 sur l\u2019urgence de la situation li\u00e9e \u00e0 la gestion de l\u2019eau, affirmant que cette probl\u00e9matique n\u00e9cessite une implication collective dans la recherche de solutions et l\u2019enrichissement du d\u00e9bat. Il a \u00e9galement rappel\u00e9 que le Maroc traverse une p\u00e9riode de s\u00e9cheresse particuli\u00e8rement s\u00e9v\u00e8re, la plus grave enregistr\u00e9e depuis plusieurs ann\u00e9es.<\/p>\n\n\n\n<p class=\"has-text-align-left\"><strong>Une situation critique et des mesures strat\u00e9giques<\/strong><\/p>\n\n\n\n<p class=\"has-text-align-left\">Les participants ont mis en avant les d\u00e9fis pos\u00e9s par le d\u00e9ficit hydrique dans la r\u00e9gion, qui subit, comme le reste du pays, une raret\u00e9 des pr\u00e9cipitations et une baisse du taux de remplissage des barrages, affectant notamment ceux qui alimentent directement la r\u00e9gion. Ils ont \u00e9voqu\u00e9 plusieurs mesures en cours, notamment dans le cadre des programmes du <em>Plan Maroc Vert<\/em> et du <em>Plan G\u00e9n\u00e9ration Verte<\/em>. Ces initiatives comprennent l\u2019am\u00e9lioration de l&rsquo;efficacit\u00e9 hydrique par un programme national d\u2019\u00e9conomie d\u2019eau d\u2019irrigation, la mobilisation de ressources hydriques non conventionnelles (comme la d\u00e9salinisation de l\u2019eau de mer) et l\u2019encouragement des \u00e9nergies renouvelables dans l\u2019agriculture.<\/p>\n\n\n\n<p class=\"has-text-align-left\">Des programmes de plantation d\u2019arbres fruitiers et fourragers, adapt\u00e9s aux conditions climatiques actuelles, sont \u00e9galement en cours. Les participants ont insist\u00e9 sur la n\u00e9cessit\u00e9 de mettre en \u0153uvre des actions d\u2019urgence pour att\u00e9nuer les impacts du manque de pr\u00e9cipitations sur les agriculteurs et les \u00e9leveurs, tout en promouvant des cultures alternatives comme le cactus, le c\u00e2prier et le caroubier, qui se montrent plus r\u00e9sistantes aux changements climatiques. De plus, la technique du semis direct a \u00e9t\u00e9 pr\u00e9sent\u00e9e comme une solution efficace.<\/p>\n\n\n\n<p class=\"has-text-align-left\"><strong>Appels \u00e0 une gestion plus rationnelle de l\u2019eau<\/strong><\/p>\n\n\n\n<p class=\"has-text-align-left\">Les intervenants ont soulign\u00e9 l\u2019importance d\u2019am\u00e9liorer la gestion et la rationalisation de l\u2019utilisation de l\u2019eau. Ils ont insist\u00e9 sur l\u2019inacceptabilit\u00e9 du gaspillage de cette ressource pr\u00e9cieuse, \u00e9tant donn\u00e9 les investissements importants engag\u00e9s pour la mobiliser. La r\u00e9duction de la consommation d\u2019eau est jug\u00e9e primordiale, notamment face \u00e0 la pression exerc\u00e9e par l\u2019agriculture. Ils ont \u00e9galement recommand\u00e9 de revoir la carte agricole du pays pour mieux adapter les cultures aux ressources disponibles et d&rsquo;optimiser l\u2019utilisation de l\u2019eau dans les secteurs industriel et touristique.<\/p>\n\n\n\n<p class=\"has-text-align-left\">Les participants ont encourag\u00e9 l\u2019usage des eaux us\u00e9es trait\u00e9es ou le stockage des eaux de pluie et plaid\u00e9 pour un investissement accru dans la mobilisation des ressources hydriques (via la construction de barrages ou la d\u00e9salinisation). Ils ont \u00e9galement pr\u00e9conis\u00e9 une r\u00e9\u00e9valuation du co\u00fbt r\u00e9el de l\u2019eau selon ses diff\u00e9rentes sources afin de rendre l\u2019usage des eaux us\u00e9es plus attractif. Enfin, ils ont sugg\u00e9r\u00e9 de transf\u00e9rer la gestion du secteur de l\u2019eau potable aux mains de l&rsquo;Office national de l\u2019eau, en raison de sa capacit\u00e9 \u00e0 mobiliser des ressources diversifi\u00e9es, tout en soulignant les limites et les difficult\u00e9s croissantes rencontr\u00e9es par les associations locales pour approvisionner une large partie de la population d\u2019Afourer.<\/p>\n\n\n\n<p class=\"has-text-align-left\">Le colloque, qui s\u2019est tenu au Centre de renforcement des capacit\u00e9s des jeunes \u00e0 Afourer, a conclu que la r\u00e9alisation des objectifs escompt\u00e9s par les politiques et les plans en cours ne peut se faire qu\u2019\u00e0 travers une approche participative. Les participants ont insist\u00e9 sur l\u2019importance de surmonter les contraintes li\u00e9es \u00e0 la r\u00e9partition in\u00e9gale de l\u2019eau et \u00e0 la surexploitation des nappes phr\u00e9atiques. Ils ont \u00e9galement soulign\u00e9 le besoin d\u2019une meilleure synergie entre les diff\u00e9rents projets sectoriels et d\u2019une implication renforc\u00e9e de tous les acteurs concern\u00e9s.<\/p>\n\n\n\n<p class=\"has-text-align-left\">FRIX ALM<\/p>\n","protected":false},"excerpt":{"rendered":"<p>Des experts sp\u00e9cialis\u00e9s dans les questions de raret\u00e9 de l\u2019eau et des changements climatiques dans la r\u00e9gion de B\u00e9ni Mellal-Kh\u00e9nifra ont mis en lumi\u00e8re, lundi 21 octobre 2024, lors d\u2019un colloque scientifique organis\u00e9 en marge du festival annuel d\u2019Afourer (province d\u2019Azilal), le th\u00e8me : \u00ab Les changements climatiques et la probl\u00e9matique de la gestion de [&hellip;]<\/p>\n","protected":false},"author":4,"featured_media":2202,"comment_status":"open","ping_status":"open","sticky":false,"template":"","format":"standard","meta":{"footnotes":""},"categories":[24,15],"tags":[],"class_list":["post-2417","post","type-post","status-publish","format-standard","has-post-thumbnail","hentry","category-francais","category-15"],"_links":{"self":[{"href":"https:\/\/pressmedias.ma\/index.php?rest_route=\/wp\/v2\/posts\/2417","targetHints":{"allow":["GET"]}}],"collection":[{"href":"https:\/\/pressmedias.ma\/index.php?rest_route=\/wp\/v2\/posts"}],"about":[{"href":"https:\/\/pressmedias.ma\/index.php?rest_route=\/wp\/v2\/types\/post"}],"author":[{"embeddable":true,"href":"https:\/\/pressmedias.ma\/index.php?rest_route=\/wp\/v2\/users\/4"}],"replies":[{"embeddable":true,"href":"https:\/\/pressmedias.ma\/index.php?rest_route=%2Fwp%2Fv2%2Fcomments&post=2417"}],"version-history":[{"count":1,"href":"https:\/\/pressmedias.ma\/index.php?rest_route=\/wp\/v2\/posts\/2417\/revisions"}],"predecessor-version":[{"id":2418,"href":"https:\/\/pressmedias.ma\/index.php?rest_route=\/wp\/v2\/posts\/2417\/revisions\/2418"}],"wp:featuredmedia":[{"embeddable":true,"href":"https:\/\/pressmedias.ma\/index.php?rest_route=\/wp\/v2\/media\/2202"}],"wp:attachment":[{"href":"https:\/\/pressmedias.ma\/index.php?rest_route=%2Fwp%2Fv2%2Fmedia&parent=2417"}],"wp:term":[{"taxonomy":"category","embeddable":true,"href":"https:\/\/pressmedias.ma\/index.php?rest_route=%2Fwp%2Fv2%2Fcategories&post=2417"},{"taxonomy":"post_tag","embeddable":true,"href":"https:\/\/pressmedias.ma\/index.php?rest_route=%2Fwp%2Fv2%2Ftags&post=2417"}],"curies":[{"name":"wp","href":"https:\/\/api.w.org\/{rel}","templated":true}]}}