{"id":2428,"date":"2024-10-29T22:55:53","date_gmt":"2024-10-29T22:55:53","guid":{"rendered":"https:\/\/pressmedias.ma\/?p=2428"},"modified":"2025-04-17T16:29:05","modified_gmt":"2025-04-17T15:29:05","slug":"la-strategie-de-leconomie-sociale-et-solidaire-en-debat-a-beni-mellal","status":"publish","type":"post","link":"https:\/\/pressmedias.ma\/?p=2428","title":{"rendered":"La strat\u00e9gie de l\u2019\u00e9conomie sociale et solidaire en d\u00e9bat \u00e0 Beni Mellal"},"content":{"rendered":"\n<p class=\"has-text-align-left\"><strong>En coordination avec la<\/strong> <strong>direction r\u00e9gionale du Tourisme , de l\u2019artisanat et de l\u2019\u00e9conomie sociale et solidaire \u00e0 B\u00e9ni Mellal<\/strong>, <strong>la<\/strong> <strong>Direction de la promotion de l\u2019\u00e9conomie sociale<\/strong> <strong>au sein du<\/strong> <strong>Minist\u00e8re, a organis\u00e9,<\/strong> <strong>jeudi 24 octobre 2024, au si\u00e8ge de la Chambre r\u00e9gionale d\u2019agriculture<\/strong><strong>, <\/strong><strong>\u00e0 B\u00e9ni Mellal<\/strong>, une <strong>journ\u00e9e de communication et de<\/strong><strong> <\/strong><strong>formation<\/strong><strong> autour des programmes de l\u2019\u00e9conomie sociale et solidaire, au profit des diff\u00e9rents acteurs du secteur dans la r\u00e9gion <\/strong>: <strong>coop\u00e9ratives, associations et unions de coop\u00e9ratives<\/strong><strong>, en pr\u00e9sence de repr\u00e9sentants de la r\u00e9gion, de la wilaya, ainsi que de plusieurs services d\u00e9concentr\u00e9s et chambres professionnelles<\/strong><strong>.<\/strong><\/p>\n\n\n\n<p class=\"has-text-align-left\"><strong>Dans le cadre des orientations royales contenues dans les discours de Sa Majest\u00e9 le Roi Mohammed VI, que Dieu l\u2019assiste, et qui s\u2019articulent autour de la promotion de l\u2019\u00e9conomie sociale et solidaire dans une dynamique de d\u00e9veloppement durable alliant efficacit\u00e9 \u00e9conomique et solidarit\u00e9 sociale, et dans le cadre <\/strong>des efforts d\u00e9ploy\u00e9s par le <strong>Minist\u00e8re du<\/strong><strong> <\/strong><strong>Tourisme, de l&rsquo;Artisanat, de l&rsquo;\u00c9conomie Sociale et Solidaire<\/strong>pour promouvoir ce secteur et\u00e9laborer la<strong>strat\u00e9gie nationale de l&rsquo;\u00e9conomie sociale et solidaire<\/strong>, visant \u00e0 renforcer et d\u00e9velopper ce domaine, g\u00e9n\u00e9rer des richesses, cr\u00e9er davantage d&#8217;emplois durables, et contribuer significativement au produit int\u00e9rieur brut (PIB) du pays et compte tenu de la dynamique que conna\u00eet l\u2019\u00e9conomie sociale et solidaire aux niveaux national et r\u00e9gional, \u00e0 la lumi\u00e8re du nouveau mod\u00e8le de d\u00e9veloppement,&nbsp; il a \u00e9t\u00e9 donc proc\u00e9d\u00e9 \u00e0 l\u2019organisation de cette rencontre qui&nbsp; a pour objectif de renforcer le dialogue et la communication avec les diff\u00e9rents partenaires institutionnels et de &nbsp;les sensibiliser \u00e0 l\u2019importance de l\u2019\u00e9conomie sociale et solidaire en tant que <strong>levier de d\u00e9veloppement durable local, d\u2019int\u00e9gration socio-\u00e9conomique, de justice territoriale, ainsi que d\u2019autonomisation \u00e9conomique des femmes et des jeunes<\/strong><strong>. <\/strong>Elle vise\u00e9galement \u00e0 pr\u00e9senter les divers<strong>programmes de soutien mis en place par le minist\u00e8re<\/strong>en faveur des coop\u00e9ratives, associations, mutuelles et entreprises sociales op\u00e9rant dans ce secteur.<\/p>\n\n\n\n<p class=\"has-text-align-left\">Intervenant lors de cette rencontre ,Mohammed Ilali, Chef de la division de la planification et de la coordination \u00e0 la Direction &nbsp;de la promotion de l\u2019\u00e9conomie sociale et solidaire a mis l\u2019accent sur les objectifs que s\u2019assigne l\u2019organisation de cette journ\u00e9e et les fondements de la strat\u00e9gie nationale de l\u2019\u00e9conomie sociale et solidaire &nbsp;en expliquant que \u00ab&nbsp;Notre objectif est de communiquer avec tous les acteurs du public et du priv\u00e9&nbsp; de l\u2019\u00e9cosyst\u00e8me de l\u2019\u00e9conomie sociale et solidaire au niveau de Beni Mellal kh\u00e9nifra en vue de la mise en \u0153uvre de la strat\u00e9gie nationale de l\u2019\u00e9conomie sociale et solidaire pour les 10 ann\u00e9es \u00e0 venir. Notons que&nbsp; les objectifs de ladite strat\u00e9gie sont le fruit d\u2019un grand nombre de discours Royaux ,&nbsp; d\u2019orientations du Nouveau mod\u00e8le de d\u00e9veloppement , de la constitution et de la R\u00e9gionalisation que nous sommes en train de mettre en \u0153uvre en partenariat avec tous les acteurs concern\u00e9s\u2026.&nbsp;\u00bb<\/p>\n\n\n\n<p class=\"has-text-align-left\">Par la suite, M Ilali a mis en exergue les fondements de cette strat\u00e9gie \u00e0 savoir &nbsp;la motivation la restructuration, l\u2019organisation et l\u2019am\u00e9lioration, la diversification, l\u2019orientation et l\u2019extension\u2026<\/p>\n\n\n\n<p class=\"has-text-align-left\">Pour sa part, la Directrice r\u00e9gionale du Minist\u00e8re du Tourisme, de l\u2019Artisanat et de l\u2019\u00e9conomie sociale et solidaire&nbsp; a soulign\u00e9 que l\u2019organisation de cette journ\u00e9e de communication autour de l\u2019\u00e9conomie sociale et solidaire&nbsp; entre dans le cadre de la dynamique que connait ladite \u00e9conomie au niveau national et r\u00e9gional et des efforts consid\u00e9rables d\u00e9ploy\u00e9s par le Minist\u00e8re de tutelle pour l\u2019\u00e9laboration de la strat\u00e9gie nationale de l\u2019\u00e9conomie sociale et solidaire .\u00ab&nbsp;L\u2019objectif \u00e9tant de participer \u00e0 l\u2019\u00e9laboration de la strat\u00e9gie nationale de l\u2019\u00e9conomie sociale et solidaire, de cr\u00e9er des activit\u00e9s g\u00e9n\u00e9ratrices de revenus et d\u2019emplois\u2026 tout&nbsp; en mettant l\u2019accent sur tous les programmes qui ont \u00e9t\u00e9 concr\u00e9tis\u00e9s dans le domaine de l\u2019\u00e9conomie sociale et solidaire au profit des coop\u00e9ratives, des associations, des entreprises sociales&nbsp; \u0153uvrant dans le domaine de la dite \u00e9conomie. Cette rencontre vise aussi \u00e0 mettre en exergue l\u2019importance du r\u00f4le que joue l\u2019\u00e9cosyst\u00e8me de l\u2019\u00e9conomie sociale et solidaire dans le d\u00e9veloppement socio\u00e9conomique de notre pays. &nbsp;A cette occasion, je remercie vivement M le Wali, les gouverneurs des provinces relevant de la r\u00e9gion, le conseil r\u00e9gional et provincial, les autorit\u00e9s locales&nbsp; et tous nos partenaires.&nbsp;\u00bb a-t-elle ajout\u00e9.<\/p>\n\n\n\n<p class=\"has-text-align-left\">Madame la Directrice a fait savoir qu\u2019en 2023, la R\u00e9gion &nbsp;a abrit\u00e9 plus de 8% de l\u2019ensemble des coop\u00e9ratives sur le plan national ( 4781 coop\u00e9ratives&nbsp; dont 543 f\u00e9minines&nbsp; &nbsp;regroupant&nbsp; 4879 membres )<\/p>\n\n\n\n<p class=\"has-text-align-left\">Cette journ\u00e9e a r\u00e9uni plus de<strong>100 participants<\/strong><strong>, <\/strong>repr\u00e9sentant des<strong>organismes, coop\u00e9ratives, associations et institutions concern\u00e9es par l&rsquo;\u00e9conomie sociale et solidaire<\/strong><strong>.<\/strong><\/p>\n\n\n\n<p class=\"has-text-align-left\">FRIX ALM<\/p>\n","protected":false},"excerpt":{"rendered":"<p>En coordination avec la direction r\u00e9gionale du Tourisme , de l\u2019artisanat et de l\u2019\u00e9conomie sociale et solidaire \u00e0 B\u00e9ni Mellal, la Direction de la promotion de l\u2019\u00e9conomie sociale au sein du Minist\u00e8re, a organis\u00e9, jeudi 24 octobre 2024, au si\u00e8ge de la Chambre r\u00e9gionale d\u2019agriculture, \u00e0 B\u00e9ni Mellal, une journ\u00e9e de communication et de formation [&hellip;]<\/p>\n","protected":false},"author":4,"featured_media":2429,"comment_status":"open","ping_status":"open","sticky":false,"template":"","format":"standard","meta":{"footnotes":""},"categories":[24,12],"tags":[],"class_list":["post-2428","post","type-post","status-publish","format-standard","has-post-thumbnail","hentry","category-francais","category-economies"],"_links":{"self":[{"href":"https:\/\/pressmedias.ma\/index.php?rest_route=\/wp\/v2\/posts\/2428","targetHints":{"allow":["GET"]}}],"collection":[{"href":"https:\/\/pressmedias.ma\/index.php?rest_route=\/wp\/v2\/posts"}],"about":[{"href":"https:\/\/pressmedias.ma\/index.php?rest_route=\/wp\/v2\/types\/post"}],"author":[{"embeddable":true,"href":"https:\/\/pressmedias.ma\/index.php?rest_route=\/wp\/v2\/users\/4"}],"replies":[{"embeddable":true,"href":"https:\/\/pressmedias.ma\/index.php?rest_route=%2Fwp%2Fv2%2Fcomments&post=2428"}],"version-history":[{"count":1,"href":"https:\/\/pressmedias.ma\/index.php?rest_route=\/wp\/v2\/posts\/2428\/revisions"}],"predecessor-version":[{"id":2430,"href":"https:\/\/pressmedias.ma\/index.php?rest_route=\/wp\/v2\/posts\/2428\/revisions\/2430"}],"wp:featuredmedia":[{"embeddable":true,"href":"https:\/\/pressmedias.ma\/index.php?rest_route=\/wp\/v2\/media\/2429"}],"wp:attachment":[{"href":"https:\/\/pressmedias.ma\/index.php?rest_route=%2Fwp%2Fv2%2Fmedia&parent=2428"}],"wp:term":[{"taxonomy":"category","embeddable":true,"href":"https:\/\/pressmedias.ma\/index.php?rest_route=%2Fwp%2Fv2%2Fcategories&post=2428"},{"taxonomy":"post_tag","embeddable":true,"href":"https:\/\/pressmedias.ma\/index.php?rest_route=%2Fwp%2Fv2%2Ftags&post=2428"}],"curies":[{"name":"wp","href":"https:\/\/api.w.org\/{rel}","templated":true}]}}