{"id":2436,"date":"2024-11-07T14:36:52","date_gmt":"2024-11-07T14:36:52","guid":{"rendered":"https:\/\/pressmedias.ma\/?p=2436"},"modified":"2025-04-17T16:29:05","modified_gmt":"2025-04-17T15:29:05","slug":"le-salon-regional-des-arts-plastiques-a-afourer-un-grand-hommage-rendu-a-lartiste-feu-ahmed-cherkaoui","status":"publish","type":"post","link":"https:\/\/pressmedias.ma\/?p=2436","title":{"rendered":"Le Salon R\u00e9gional des Arts Plastiques \u00e0 Afourer , un grand \u00a0hommage rendu \u00e0 l&rsquo;artiste Feu Ahmed Cherkaoui"},"content":{"rendered":"\n<p class=\"has-text-align-left\"><strong>Le Centre Culturel d&rsquo;Afourer abrite du 27 Octobre au 3 Novembre 2024, &nbsp;la premi\u00e8re \u00e9dition du Salon r\u00e9gional des Arts plastiques &nbsp;organis\u00e9e &nbsp;par l&rsquo;Association des Amis de la Maison de la Culture pour le Soutien et l&rsquo;Appui, en partenariat avec le Centre &nbsp;pr\u00e9cit\u00e9. Cette \u00e9dition, d\u00e9di\u00e9e \u00e0 l&rsquo;artiste &nbsp;&nbsp;Feu Ahmed Cherkaoui, originaire de la ville de Bouja\u00e2d, vise \u00e0 rendre hommage \u00e0 cet artiste \u00e9minent et \u00e0 souligner le r\u00f4le de l&rsquo;association dans la valorisation du patrimoine culturel et la promotion des arts plastiques dans la r\u00e9gion.<\/strong><\/p>\n\n\n\n<p class=\"has-text-align-left\">Hamid Machkouri, pr\u00e9sident de l&rsquo;Association des Amis de la Maison de la Culture, a d\u00e9clar\u00e9 que le choix d&rsquo;Ahmed Cherkaoui pour cette premi\u00e8re \u00e9dition est un grand &nbsp;hommage rendu \u00e0 un artiste authentique de la r\u00e9gion.&nbsp;\u00ab&nbsp; Force est de constater que &nbsp;cette initiative deviendra, certes, une tradition dans laquelle chaque \u00e9dition portera le nom d&rsquo;un pionnier de l&rsquo;art plastique marocain. Ainsi , le salon a pour but de soutenir et d\u2019encourager les artistes plasticiens de la r\u00e9gion, de cr\u00e9er un espace d\u2019\u00e9change, d&rsquo;inspiration et de dialogue entre artistes de diff\u00e9rentes g\u00e9n\u00e9rations. L\u2019association consid\u00e8re cette initiative comme un moyen de renforcer le r\u00f4le de l\u2019art plastique dans le d\u00e9veloppement communautaire et d&rsquo;enrichir la sc\u00e8ne culturelle.&nbsp;\u00bb a-t-il ajout\u00e9<\/p>\n\n\n\n<p class=\"has-text-align-left\">&nbsp;Selon Youssef Argab, directeur du Centre Culturel d&rsquo;Afourer, dipl\u00f4m\u00e9 de l&rsquo;Institut National des Beaux-Arts&nbsp;\u00ab&nbsp; le salon a accueilli des artistes venus de plusieurs villes, telles que Bouja\u00e2d, Oued Zem, Beni Mellal, ainsi que d\u2019autres villes et localit\u00e9s de la r\u00e9gion, avec une pr\u00e9sence notable de plus de six artistes locaux.: \u00ab\u00a0Nous sommes heureux de constater une augmentation de la participation des artistes locaux, c\u2019est &nbsp;un d\u00e9veloppement positif qui t\u00e9moigne de l&rsquo;adh\u00e9sion de l\u2019art plastique \u00e0 la culture de la r\u00e9gion.\u00a0\u00bb A soulign\u00e9 M .Argab<\/p>\n\n\n\n<p class=\"has-text-align-left\">Et d\u2019ajouter&nbsp;\u00ab&nbsp;En plus de l&rsquo;exposition collective, l&rsquo;association a lanc\u00e9 une comp\u00e9tition pour r\u00e9compenser les trois premiers laur\u00e9ats du salon, avec une conservation des \u0153uvres prim\u00e9es par l&rsquo;association pour encourager la cr\u00e9ation artistique. La manifestation &nbsp;a port\u00e9 \u00e9galement sur &nbsp;un concours d\u00e9di\u00e9 aux jeunes artistes &nbsp;&nbsp;sur le th\u00e8me \u00ab\u00a0Le Salon des Arts Plastiques dans l&rsquo;esprit de la Marche Verte et de la F\u00eate de l&rsquo;Ind\u00e9pendance\u00a0\u00bb, c\u00e9l\u00e9brant ces deux \u00e9v\u00e9nements nationaux majeurs. Ce concours a \u00e9t\u00e9 organis\u00e9 en partenariat avec les \u00e9tablissements d&rsquo;enseignement de la r\u00e9gion, tant publics que priv\u00e9s, afin d&rsquo;impliquer les enfants et de stimuler leur expression artistique et leur sens patriotique.&nbsp;\u00bb<\/p>\n\n\n\n<p class=\"has-text-align-left\">Parall\u00e8lement aux activit\u00e9s du salon, des ateliers artistiques ont \u00e9t\u00e9 organis\u00e9s pour les enfants et les jeunes, notamment au Centre culturel pour Personnes en Situation de Handicap et dans plusieurs \u00e9coles de la r\u00e9gion, leur permettant de d\u00e9couvrir leurs talents et de d\u00e9velopper leurs comp\u00e9tences en dessin et en art plastique. Cette activit\u00e9 fait partie d&rsquo;un programme plus large comprenant divers ateliers et rencontres culturelles, dont une table ronde intitul\u00e9e \u00ab\u00a0Le r\u00f4le de l&rsquo;art plastique dans le d\u00e9veloppement des communes rurales et la promotion du tourisme culturel\u00a0\u00bb, anim\u00e9e par des professeurs et chercheurs. Cet \u00e9change a suscit\u00e9 un engouement positif et a permis de formuler des recommandations pour renforcer l\u2019action culturelle dans la r\u00e9gion.<\/p>\n\n\n\n<p class=\"has-text-align-left\">&nbsp;Dans une d\u00e9claration \u00e0 ALM, l\u2019association, \u00e0 travers son pr\u00e9sident M. Hamid Machkouri, a exprim\u00e9 son souhait d&rsquo;\u00e9largir le cercle des partenaires et des soutiens pour les prochaines \u00e9ditions du salon, affirmant sa volont\u00e9 de surprendre le public avec des id\u00e9es novatrices dans l\u2019avenir. M. Youssef Argab a \u00e9galement tenu \u00e0 remercier les autorit\u00e9s locales, en particulier le Chef de la Ka\u00efda d\u2019Afourer, le directeur r\u00e9gional de la Culture de B\u00e9ni Mellal-Kh\u00e9nifra, ainsi que le Minist\u00e8re de la Culture pour leur soutien constant au centre culturel tout en esp\u00e9rant donner naissance \u00e0 une galerie des arts plastiques \u00e0 Afourer en collaboration avec l&rsquo;association.<\/p>\n\n\n\n<p class=\"has-text-align-left\">\u00ab&nbsp;Par cet \u00e9v\u00e9nement, l&rsquo;Association des Amis de la Maison de la Culture et le Centre Culturel d&rsquo;Afourer r\u00e9affirment leur engagement \u00e0 soutenir le mouvement artistique et \u00e0 promouvoir la place de l&rsquo;art plastique dans la r\u00e9gion, en vue d&rsquo;enrichir le paysage culturel et d&rsquo;encourager les nouvelles g\u00e9n\u00e9rations \u00e0 contribuer \u00e0 la pr\u00e9servation et \u00e0 la valorisation du patrimoine culturel.&nbsp;\u00bb a conclu M Machkouri<\/p>\n\n\n\n<p class=\"has-text-align-left\"><strong>SAID FRIX ALM<\/strong><\/p>\n","protected":false},"excerpt":{"rendered":"<p>Le Centre Culturel d&rsquo;Afourer abrite du 27 Octobre au 3 Novembre 2024, &nbsp;la premi\u00e8re \u00e9dition du Salon r\u00e9gional des Arts plastiques &nbsp;organis\u00e9e &nbsp;par l&rsquo;Association des Amis de la Maison de la Culture pour le Soutien et l&rsquo;Appui, en partenariat avec le Centre &nbsp;pr\u00e9cit\u00e9. Cette \u00e9dition, d\u00e9di\u00e9e \u00e0 l&rsquo;artiste &nbsp;&nbsp;Feu Ahmed Cherkaoui, originaire de la ville [&hellip;]<\/p>\n","protected":false},"author":4,"featured_media":2437,"comment_status":"open","ping_status":"open","sticky":false,"template":"","format":"standard","meta":{"footnotes":""},"categories":[24,1],"tags":[],"class_list":["post-2436","post","type-post","status-publish","format-standard","has-post-thumbnail","hentry","category-francais","category-1"],"_links":{"self":[{"href":"https:\/\/pressmedias.ma\/index.php?rest_route=\/wp\/v2\/posts\/2436","targetHints":{"allow":["GET"]}}],"collection":[{"href":"https:\/\/pressmedias.ma\/index.php?rest_route=\/wp\/v2\/posts"}],"about":[{"href":"https:\/\/pressmedias.ma\/index.php?rest_route=\/wp\/v2\/types\/post"}],"author":[{"embeddable":true,"href":"https:\/\/pressmedias.ma\/index.php?rest_route=\/wp\/v2\/users\/4"}],"replies":[{"embeddable":true,"href":"https:\/\/pressmedias.ma\/index.php?rest_route=%2Fwp%2Fv2%2Fcomments&post=2436"}],"version-history":[{"count":1,"href":"https:\/\/pressmedias.ma\/index.php?rest_route=\/wp\/v2\/posts\/2436\/revisions"}],"predecessor-version":[{"id":2438,"href":"https:\/\/pressmedias.ma\/index.php?rest_route=\/wp\/v2\/posts\/2436\/revisions\/2438"}],"wp:featuredmedia":[{"embeddable":true,"href":"https:\/\/pressmedias.ma\/index.php?rest_route=\/wp\/v2\/media\/2437"}],"wp:attachment":[{"href":"https:\/\/pressmedias.ma\/index.php?rest_route=%2Fwp%2Fv2%2Fmedia&parent=2436"}],"wp:term":[{"taxonomy":"category","embeddable":true,"href":"https:\/\/pressmedias.ma\/index.php?rest_route=%2Fwp%2Fv2%2Fcategories&post=2436"},{"taxonomy":"post_tag","embeddable":true,"href":"https:\/\/pressmedias.ma\/index.php?rest_route=%2Fwp%2Fv2%2Ftags&post=2436"}],"curies":[{"name":"wp","href":"https:\/\/api.w.org\/{rel}","templated":true}]}}