{"id":244,"date":"2023-02-13T14:01:19","date_gmt":"2023-02-13T14:01:19","guid":{"rendered":"https:\/\/pressmedias.ma\/?p=244"},"modified":"2025-04-17T16:29:05","modified_gmt":"2025-04-17T15:29:05","slug":"la-ministre-et-maire-fatima-zahraa-al-mansouri-a-perdu-sa-mere","status":"publish","type":"post","link":"https:\/\/pressmedias.ma\/?p=244","title":{"rendered":"la ministre et maire Fatima Zahraa Al Mansouri a perdu sa m\u00e8re"},"content":{"rendered":"\n<p dir=\"ltr\">Plusieurs sources m\u00e9diatiques marocaine ont annonc\u00e9 que <strong>la maman<\/strong> de Fatima Al-Zahraa Al-Mansouri, ministre de l&rsquo;Am\u00e9nagement du territoire national, de l&rsquo;Urbanisme, de l&rsquo;Habitat et de la Politique de la Ville et maire de Marrakech, est d\u00e9c\u00e9d\u00e9e lundi matin \u00e0 l&rsquo;h\u00f4pital militaire de Marrakech.<\/p>\n\n\n\n<p dir=\"ltr\">En cette triste occasion, la direction du parti \u00ab Al-JARRAR \u00bb plusieurs messages de condol\u00e9ances, envoy\u00e9s par un grand nombre de dirigeants, membres et associ\u00e9s du Parti Authenticit\u00e9 et Modernit\u00e9, ainsi que par ses amis et proches, implorant Dieu la mis\u00e9ricorde et le pardon, et pour sa fille et sa famille en g\u00e9n\u00e9ral la patience et le r\u00e9confort.<\/p>\n\n\n\n<p dir=\"ltr\">Les obs\u00e8ques du d\u00e9funt devraient avoir lieu, demain mardi, au cimeti\u00e8re de Sidi Ben Slimane El Jazouli dans la cit\u00e9 antique de Marrakech.<\/p>\n\n\n\n<p class=\"has-text-align-right\" dir=\"ltr\">Nous somme \u00e0 Dieu et c&rsquo;est \u00e0 lui nous revenons. \u0625\u0646\u0627 \u0644\u0644\u0647 \u0648\u0625\u0646\u0627 \u0625\u0644\u064a\u0647 \u0631\u0627\u062c\u0639\u0648\u0646.<\/p>\n","protected":false},"excerpt":{"rendered":"<p>Plusieurs sources m\u00e9diatiques marocaine ont annonc\u00e9 que la maman de Fatima Al-Zahraa Al-Mansouri, ministre de l&rsquo;Am\u00e9nagement du territoire national, de l&rsquo;Urbanisme, de l&rsquo;Habitat et de la Politique de la Ville et maire de Marrakech, est d\u00e9c\u00e9d\u00e9e lundi matin \u00e0 l&rsquo;h\u00f4pital militaire de Marrakech. En cette triste occasion, la direction du parti \u00ab Al-JARRAR \u00bb plusieurs [&hellip;]<\/p>\n","protected":false},"author":1,"featured_media":247,"comment_status":"open","ping_status":"open","sticky":false,"template":"","format":"standard","meta":{"footnotes":""},"categories":[24,15],"tags":[],"class_list":["post-244","post","type-post","status-publish","format-standard","has-post-thumbnail","hentry","category-francais","category-15"],"_links":{"self":[{"href":"https:\/\/pressmedias.ma\/index.php?rest_route=\/wp\/v2\/posts\/244","targetHints":{"allow":["GET"]}}],"collection":[{"href":"https:\/\/pressmedias.ma\/index.php?rest_route=\/wp\/v2\/posts"}],"about":[{"href":"https:\/\/pressmedias.ma\/index.php?rest_route=\/wp\/v2\/types\/post"}],"author":[{"embeddable":true,"href":"https:\/\/pressmedias.ma\/index.php?rest_route=\/wp\/v2\/users\/1"}],"replies":[{"embeddable":true,"href":"https:\/\/pressmedias.ma\/index.php?rest_route=%2Fwp%2Fv2%2Fcomments&post=244"}],"version-history":[{"count":1,"href":"https:\/\/pressmedias.ma\/index.php?rest_route=\/wp\/v2\/posts\/244\/revisions"}],"predecessor-version":[{"id":248,"href":"https:\/\/pressmedias.ma\/index.php?rest_route=\/wp\/v2\/posts\/244\/revisions\/248"}],"wp:featuredmedia":[{"embeddable":true,"href":"https:\/\/pressmedias.ma\/index.php?rest_route=\/wp\/v2\/media\/247"}],"wp:attachment":[{"href":"https:\/\/pressmedias.ma\/index.php?rest_route=%2Fwp%2Fv2%2Fmedia&parent=244"}],"wp:term":[{"taxonomy":"category","embeddable":true,"href":"https:\/\/pressmedias.ma\/index.php?rest_route=%2Fwp%2Fv2%2Fcategories&post=244"},{"taxonomy":"post_tag","embeddable":true,"href":"https:\/\/pressmedias.ma\/index.php?rest_route=%2Fwp%2Fv2%2Ftags&post=244"}],"curies":[{"name":"wp","href":"https:\/\/api.w.org\/{rel}","templated":true}]}}