{"id":2449,"date":"2024-11-15T21:28:54","date_gmt":"2024-11-15T21:28:54","guid":{"rendered":"https:\/\/pressmedias.ma\/?p=2449"},"modified":"2025-04-17T16:29:05","modified_gmt":"2025-04-17T15:29:05","slug":"lancement-des-journees-de-formation-sur-lapproche-denseignement-explicite-au-profit-des-inspecteurs-engages-dans-le-modele-des-ecoles-pionnieres","status":"publish","type":"post","link":"https:\/\/pressmedias.ma\/?p=2449","title":{"rendered":"Lancement des journ\u00e9es de formation sur l\u2019approche d\u2019enseignement explicite au profit des inspecteurs engag\u00e9s dans le mod\u00e8le des \u00c9coles \u00a0pionni\u00e8res"},"content":{"rendered":"\n<p class=\"has-text-align-left\"><strong>Dans le cadre de la mise en \u0153uvre des engagements et objectifs de la feuille de route 2022-2026 \u00ab Pour une \u00e9cole publique de qualit\u00e9 \u00bb, ainsi que des programmes relevant de son plan d\u2019action, notamment le deuxi\u00e8me programme relatif aux \u00c9coles de Leadership, visant \u00e0 \u00e9tablir un mod\u00e8le d\u2019\u00e9cole marocaine propice \u00e0 l\u2019apprentissage et \u00e0 adopter des approches p\u00e9dagogiques efficaces pour am\u00e9liorer la qualit\u00e9 et la ma\u00eetrise des apprentissages fondamentaux, M. Mustapha Eslifani, directeur de l&rsquo;Acad\u00e9mie R\u00e9gionale d\u2019\u00c9ducation et de Formation de la r\u00e9gion B\u00e9ni Mellal-Kh\u00e9nifra, a pr\u00e9sid\u00e9, Mercredi 30 Octobre 2024, le lancement des journ\u00e9es de formation portant sur l\u2019approche de l\u2019enseignement explicite, au profit des inspecteurs engag\u00e9s dans le mod\u00e8le des \u00c9coles de Leadership de la r\u00e9gion<\/strong>.<\/p>\n\n\n\n<p class=\"has-text-align-left\">Dans son discours d\u2019ouverture, le directeur de l\u2019acad\u00e9mie a insist\u00e9 sur l\u2019importance de ces journ\u00e9es comme espace d\u2019\u00e9change, de d\u00e9veloppement et d\u2019enrichissement du projet. Il a \u00e9galement salu\u00e9 le travail des inspectrices et inspecteurs de la r\u00e9gion, mettant en avant la qualit\u00e9 de leur engagement, marqu\u00e9 par un esprit d\u2019\u00e9quipe, une dynamique de collaboration, une bonne coordination entre les inspecteurs et avec l\u2019administration, ainsi qu\u2019une priorit\u00e9 accord\u00e9e \u00e0 l\u2019int\u00e9r\u00eat g\u00e9n\u00e9ral et \u00e0 l\u2019adh\u00e9sion \u00e0 la r\u00e9forme \u00e9ducative.<\/p>\n\n\n\n<p class=\"has-text-align-left\">M. Eslifani a \u00e9galement rappel\u00e9 &nbsp;la r\u00e9alisation des objectifs escompt\u00e9s lors de ses visites dans les \u00c9coles de Leadership de la r\u00e9gion, en particulier &nbsp;au niveau&nbsp; humain et l\u2019esprit de coop\u00e9ration et d\u2019entente entre les diff\u00e9rents acteurs. Il a soulign\u00e9 que, bien que des r\u00e9sultats significatifs aient \u00e9t\u00e9 obtenus, le projet en est encore \u00e0 ses d\u00e9buts. Sa p\u00e9rennit\u00e9 et son d\u00e9veloppement reposent donc sur l\u2019engagement continu des inspecteurs, leur suivi rigoureux et leur accompagnement sur le terrain.<\/p>\n\n\n\n<p class=\"has-text-align-left\">Ces ateliers r\u00e9gionaux, qui se d\u00e9roulent du 30 octobre au 1er novembre 2024, visent \u00e0 partager la trousse de formation des enseignants relative \u00e0 l\u2019approche d\u2019enseignement avec tous les inspecteurs engag\u00e9s dans le mod\u00e8le des \u00c9coles de Leadership. Lors de ces ateliers , plusieurs axes seront abord\u00e9s , \u00e0 savoir , le cadre th\u00e9orique&nbsp;: contexte g\u00e9n\u00e9ral et cadre conceptuel de l\u2019enseignement explicite, le cadre op\u00e9rationnel&nbsp;portant sur les strat\u00e9gies d\u2019enseignement explicite appuy\u00e9es par la Recherche scientifique , le cadre p\u00e9dagogique&nbsp;: conception curriculaire pour les disciplines de la langue arabe, des math\u00e9matiques et du fran\u00e7ais et le cadre de gestion portant sur l\u2019exploitation&nbsp; des meilleurs pratiques de r\u00e9f\u00e9rence et utilisation des supports didactiques appropri\u00e9s<\/p>\n\n\n\n<p class=\"has-text-align-left\">Il convient de noter que 91 \u00e9tablissements scolaires ont rejoint le mod\u00e8le des \u00c9coles de Leadership pour l\u2019ann\u00e9e scolaire 2024-2025, s\u2019ajoutant aux 41 \u00e9tablissements d\u00e9j\u00e0 engag\u00e9s lors de l\u2019ann\u00e9e pr\u00e9c\u00e9dente (2023-2024), portant le total \u00e0 132 \u00e9coles publiques dans la r\u00e9gion, encadr\u00e9es par 29 inspecteurs de l\u2019enseignement primaire.<\/p>\n\n\n\n<p class=\"has-text-align-left\">FRIX ALM<\/p>\n","protected":false},"excerpt":{"rendered":"<p>Dans le cadre de la mise en \u0153uvre des engagements et objectifs de la feuille de route 2022-2026 \u00ab Pour une \u00e9cole publique de qualit\u00e9 \u00bb, ainsi que des programmes relevant de son plan d\u2019action, notamment le deuxi\u00e8me programme relatif aux \u00c9coles de Leadership, visant \u00e0 \u00e9tablir un mod\u00e8le d\u2019\u00e9cole marocaine propice \u00e0 l\u2019apprentissage et [&hellip;]<\/p>\n","protected":false},"author":4,"featured_media":2379,"comment_status":"open","ping_status":"open","sticky":false,"template":"","format":"standard","meta":{"footnotes":""},"categories":[24,15],"tags":[],"class_list":["post-2449","post","type-post","status-publish","format-standard","has-post-thumbnail","hentry","category-francais","category-15"],"_links":{"self":[{"href":"https:\/\/pressmedias.ma\/index.php?rest_route=\/wp\/v2\/posts\/2449","targetHints":{"allow":["GET"]}}],"collection":[{"href":"https:\/\/pressmedias.ma\/index.php?rest_route=\/wp\/v2\/posts"}],"about":[{"href":"https:\/\/pressmedias.ma\/index.php?rest_route=\/wp\/v2\/types\/post"}],"author":[{"embeddable":true,"href":"https:\/\/pressmedias.ma\/index.php?rest_route=\/wp\/v2\/users\/4"}],"replies":[{"embeddable":true,"href":"https:\/\/pressmedias.ma\/index.php?rest_route=%2Fwp%2Fv2%2Fcomments&post=2449"}],"version-history":[{"count":1,"href":"https:\/\/pressmedias.ma\/index.php?rest_route=\/wp\/v2\/posts\/2449\/revisions"}],"predecessor-version":[{"id":2450,"href":"https:\/\/pressmedias.ma\/index.php?rest_route=\/wp\/v2\/posts\/2449\/revisions\/2450"}],"wp:featuredmedia":[{"embeddable":true,"href":"https:\/\/pressmedias.ma\/index.php?rest_route=\/wp\/v2\/media\/2379"}],"wp:attachment":[{"href":"https:\/\/pressmedias.ma\/index.php?rest_route=%2Fwp%2Fv2%2Fmedia&parent=2449"}],"wp:term":[{"taxonomy":"category","embeddable":true,"href":"https:\/\/pressmedias.ma\/index.php?rest_route=%2Fwp%2Fv2%2Fcategories&post=2449"},{"taxonomy":"post_tag","embeddable":true,"href":"https:\/\/pressmedias.ma\/index.php?rest_route=%2Fwp%2Fv2%2Ftags&post=2449"}],"curies":[{"name":"wp","href":"https:\/\/api.w.org\/{rel}","templated":true}]}}