{"id":2453,"date":"2024-11-15T21:28:25","date_gmt":"2024-11-15T21:28:25","guid":{"rendered":"https:\/\/pressmedias.ma\/?p=2453"},"modified":"2025-04-17T16:29:03","modified_gmt":"2025-04-17T15:29:03","slug":"premiere-edition-des-journees-scientifiques-a-l-ispits-de-beni-mellal-focus-sur-le-cancer-du-sein-et-du-col-de-luterus","status":"publish","type":"post","link":"https:\/\/pressmedias.ma\/?p=2453","title":{"rendered":"Premi\u00e8re \u00e9dition des Journ\u00e9es Scientifiques \u00e0 l\u2019 ISPITS de B\u00e9ni Mellal : Focus sur le Cancer du Sein et du Col de l\u2019Ut\u00e9rus"},"content":{"rendered":"\n<p class=\"has-text-align-left\"><strong>L\u2019Institut Sup\u00e9rieur des Professions Infirmi\u00e8res et Techniques de Sant\u00e9 (ISPITS) de B\u00e9ni Mellal a organis\u00e9, Samedi 02 Novembre 2024, la premi\u00e8re \u00e9dition des Journ\u00e9es Scientifiques sous le th\u00e8me \u00ab Cancer du sein et du col de l\u2019ut\u00e9rus : Actualit\u00e9s scientifiques et m\u00e9dicales \u00bb, visant \u00e0 sensibiliser \u00e0 l\u2019importance de la pr\u00e9vention et du d\u00e9pistage pr\u00e9coce de ces deux cancers, qui repr\u00e9sentent un d\u00e9fi sanitaire tant au niveau national qu\u2019international.<\/strong><\/p>\n\n\n\n<p class=\"has-text-align-left\">L&rsquo;\u00e9v\u00e9nement, qui s\u2019est tenu \u00e0 la Chambre de Commerce, d\u2019Industrie et de Services de B\u00e9ni Mellal, a vu la participation d\u2019un large \u00e9ventail de cadres de la sant\u00e9 et d\u2019experts sp\u00e9cialis\u00e9s dans le domaine du cancer. Dans ce cadre, la Professeure Essaada BELGLAIAA, Directrice Adjointe Charg\u00e9e de la Recherche Scientifique, de la Formation Continue et &nbsp;&nbsp;de la Coop\u00e9ration \u00e0 l\u2019institut, a soulign\u00e9 lors de son discours d\u2019ouverture, que le mois d\u2019Octobre est une occasion internationale pour sensibiliser \u00e0 la gravit\u00e9 du cancer du sein, qui demeure le cancer le plus fr\u00e9quent chez les femmes au Maroc, repr\u00e9sentant plus de 36 % des cas de cancers recens\u00e9s dans le pays. Mme BELGLAIAA a pr\u00e9cis\u00e9 que cette rencontre scientifique vise \u00e0 mettre en lumi\u00e8re l\u2019importance de la sensibilisation et de l\u2019\u00e9ducation sanitaire dans la pr\u00e9vention et le d\u00e9pistage pr\u00e9coce de cancer du sein et du col de l\u2019ut\u00e9rus, en pr\u00e9sentant les derni\u00e8res recherches et expertises scientifiques.<\/p>\n\n\n\n<p class=\"has-text-align-left\">Le programme a port\u00e9 sur&nbsp; trois&nbsp; s\u00e9ances scientifiques principales couvrant divers aspects de la pr\u00e9vention, du diagnostic et du traitement. La premi\u00e8re s\u00e9ance \u00e9tait consacr\u00e9e au d\u00e9pistage pr\u00e9coce du cancer du sein et aux derni\u00e8res avanc\u00e9es en mati\u00e8re de pr\u00e9vention, de diagnostic et de traitement, pr\u00e9sent\u00e9es par des m\u00e9decins et experts chevronn\u00e9s. La seconde&nbsp; s\u00e9ance&nbsp; s\u2019est concentr\u00e9e sur le cancer du col de l\u2019ut\u00e9rus, avec un accent particulier sur l\u2019importance de la vaccination contre le papillomavirus humain (HPV) comme mesure pr\u00e9ventive essentielle, ainsi que sur les strat\u00e9gies de diagnostic pr\u00e9coce et les soins offerts aux patientes.<\/p>\n\n\n\n<p class=\"has-text-align-left\">La troisi\u00e8me&nbsp; s\u00e9ance&nbsp; \u00e9tait d\u00e9di\u00e9e aux soins de soutien pour les patientes atteintes du cancer, mettant l\u2019accent sur les aspects de soutien \u00e0 la sant\u00e9 et au bien-\u00eatre psychologique des patientes, en soulignant le r\u00f4le de la nutrition saine, des interventions psychosociales et du soutien communautaire apport\u00e9 par les associations de la soci\u00e9t\u00e9 civile pour aider les patientes et leurs familles.<\/p>\n\n\n\n<p class=\"has-text-align-left\">Ainsi, les&nbsp; participants ont salu\u00e9 l\u2019importance de cette rencontre qui a mis en lumi\u00e8re divers aspects de la sensibilisation, du d\u00e9pistage pr\u00e9coce et du traitement. Ils ont unanimement reconnu la n\u00e9cessit\u00e9 de poursuivre de telles initiatives scientifiques pour renforcer la sensibilisation, surtout face \u00e0 l\u2019augmentation des taux d\u2019incidence de cancer du sein et du col de l\u2019ut\u00e9rus. Ces Journ\u00e9es Scientifiques se sont cl\u00f4tur\u00e9es par un d\u00e9bat , offrant au public l\u2019opportunit\u00e9 de poser des questions et d\u2019\u00e9changer des points de vue avec les conf\u00e9renciers, apportant ainsi une dimension interactive qui a enrichi le niveau des \u00e9changes et approfondi le d\u00e9bat autour de l\u2019importance du d\u00e9pistage pr\u00e9coce, du r\u00f4le de la soci\u00e9t\u00e9 civile et de la collaboration intersectorielle entre les institutions de sant\u00e9 et les organisations civiles pour renforcer la sensibilisation et le soutien psycho-social des patientes.<\/p>\n\n\n\n<p class=\"has-text-align-left\">SAID FRIX ALM<\/p>\n","protected":false},"excerpt":{"rendered":"<p>L\u2019Institut Sup\u00e9rieur des Professions Infirmi\u00e8res et Techniques de Sant\u00e9 (ISPITS) de B\u00e9ni Mellal a organis\u00e9, Samedi 02 Novembre 2024, la premi\u00e8re \u00e9dition des Journ\u00e9es Scientifiques sous le th\u00e8me \u00ab Cancer du sein et du col de l\u2019ut\u00e9rus : Actualit\u00e9s scientifiques et m\u00e9dicales \u00bb, visant \u00e0 sensibiliser \u00e0 l\u2019importance de la pr\u00e9vention et du d\u00e9pistage pr\u00e9coce [&hellip;]<\/p>\n","protected":false},"author":4,"featured_media":2398,"comment_status":"open","ping_status":"open","sticky":false,"template":"","format":"standard","meta":{"footnotes":""},"categories":[24,1],"tags":[],"class_list":["post-2453","post","type-post","status-publish","format-standard","has-post-thumbnail","hentry","category-francais","category-1"],"_links":{"self":[{"href":"https:\/\/pressmedias.ma\/index.php?rest_route=\/wp\/v2\/posts\/2453","targetHints":{"allow":["GET"]}}],"collection":[{"href":"https:\/\/pressmedias.ma\/index.php?rest_route=\/wp\/v2\/posts"}],"about":[{"href":"https:\/\/pressmedias.ma\/index.php?rest_route=\/wp\/v2\/types\/post"}],"author":[{"embeddable":true,"href":"https:\/\/pressmedias.ma\/index.php?rest_route=\/wp\/v2\/users\/4"}],"replies":[{"embeddable":true,"href":"https:\/\/pressmedias.ma\/index.php?rest_route=%2Fwp%2Fv2%2Fcomments&post=2453"}],"version-history":[{"count":1,"href":"https:\/\/pressmedias.ma\/index.php?rest_route=\/wp\/v2\/posts\/2453\/revisions"}],"predecessor-version":[{"id":2454,"href":"https:\/\/pressmedias.ma\/index.php?rest_route=\/wp\/v2\/posts\/2453\/revisions\/2454"}],"wp:featuredmedia":[{"embeddable":true,"href":"https:\/\/pressmedias.ma\/index.php?rest_route=\/wp\/v2\/media\/2398"}],"wp:attachment":[{"href":"https:\/\/pressmedias.ma\/index.php?rest_route=%2Fwp%2Fv2%2Fmedia&parent=2453"}],"wp:term":[{"taxonomy":"category","embeddable":true,"href":"https:\/\/pressmedias.ma\/index.php?rest_route=%2Fwp%2Fv2%2Fcategories&post=2453"},{"taxonomy":"post_tag","embeddable":true,"href":"https:\/\/pressmedias.ma\/index.php?rest_route=%2Fwp%2Fv2%2Ftags&post=2453"}],"curies":[{"name":"wp","href":"https:\/\/api.w.org\/{rel}","templated":true}]}}