{"id":2455,"date":"2024-11-15T21:28:04","date_gmt":"2024-11-15T21:28:04","guid":{"rendered":"https:\/\/pressmedias.ma\/?p=2455"},"modified":"2025-04-17T16:28:24","modified_gmt":"2025-04-17T15:28:24","slug":"un-festival-au-service-de-la-celebration-de-la-glorieuse-marche-verte-et-du-renforcement-du-role-des-migrants-dans-le-developpement-local","status":"publish","type":"post","link":"https:\/\/pressmedias.ma\/?p=2455","title":{"rendered":"\u00a0Un festival au service de la \u00a0c\u00e9l\u00e9bration de la glorieuse \u00a0Marche Verte et \u00a0du renforcement du r\u00f4le des migrants dans le d\u00e9veloppement local"},"content":{"rendered":"\n<p class=\"has-text-align-left\"><strong>A l&rsquo;occasion de la c\u00e9l\u00e9bration&nbsp; du 49e anniversaire de la glorieuse Marche Verte et en&nbsp; partenariat avec la province de Beni Mellal, le Conseil r\u00e9gional de B\u00e9ni Mellal-Kh\u00e9nifra et la soci\u00e9t\u00e9 Atlas pour le d\u00e9veloppement touristique, la&nbsp; 18eme \u00e9dition du festival annuel des migrants&nbsp; a \u00e9t\u00e9 organis\u00e9e , du 1 au 5 Novembre 2024 ,&nbsp; \u00e0 la commune d&rsquo;Ouled Youssef, \u00e0 la province de Beni Mellal, sous le th\u00e8me \u00ab Tous ensemble pour renforcer le r\u00f4le des migrants dans la r\u00e9ussite du d\u00e9veloppement local \u00bb.<\/strong><strong><\/strong><\/p>\n\n\n\n<p class=\"has-text-align-left\">Le festival se veut une plateforme unique r\u00e9unissant des acteurs locaux et internationaux, visant \u00e0 mettre en lumi\u00e8re la contribution des migrants marocains au d\u00e9veloppement local et \u00e0 renforcer leurs liens avec leur pays d&rsquo;origine. Les activit\u00e9s propos\u00e9es sont diverses : un espace de produits du terroir exposant des artisans et produits traditionnels, un espace pour enfants avec des activit\u00e9s r\u00e9cr\u00e9atives et \u00e9ducatives, ainsi que des spectacles \u00e9questres dans l\u2019espace de Tbourida et des soir\u00e9es musicales anim\u00e9es par des artistes locaux et nationaux, cr\u00e9ant ainsi une ambiance festive attrayante<\/p>\n\n\n\n<p class=\"has-text-align-left\">Mustapha Brim, pr\u00e9sident du conseil communal d&rsquo;Ouled Youssef, a soulign\u00e9 l&rsquo;importance de cette occasion nationale, indiquant que l&rsquo;organisation du festival pour la 18e ann\u00e9e cons\u00e9cutive refl\u00e8te l&rsquo;engagement de la commune \u00e0 faire des migrants des partenaires strat\u00e9giques dans le d\u00e9veloppement local. Il a ajout\u00e9 : \u00ab Par ce festival, nous cherchons \u00e0 \u00e9tablir un pont de communication entre les migrants et leur patrie, et \u00e0 renforcer les liens sociaux, culturels et \u00e9conomiques. \u00bb<\/p>\n\n\n\n<p class=\"has-text-align-left\">M. Le pr\u00e9sident a expliqu\u00e9 que l\u2019objectif du festival est \u00ab d\u2019impliquer les migrants dans des projets de d\u00e9veloppement local, de leur permettre de soutenir l&rsquo;\u00e9conomie locale et d&rsquo;explorer de nouvelles opportunit\u00e9s d&rsquo;investissement \u00bb. En outre ,il&nbsp; a exprim\u00e9 son espoir que les diverses activit\u00e9s contribueront \u00e0 renforcer les liens entre la communaut\u00e9 marocaine \u00e0 l\u2019\u00e9tranger et leur pays d\u2019origine, soulignant que le festival \u00e9voluera dans les prochaines \u00e9ditions pour r\u00e9pondre aux int\u00e9r\u00eats des visiteurs et soutenir le d\u00e9veloppement durable.<\/p>\n\n\n\n<p class=\"has-text-align-left\">Le festival annuel des migrants \u00e0 Ouled Youssef repr\u00e9sente un point de d\u00e9part pour faire conna\u00eetre les potentialit\u00e9s locales et cr\u00e9er une nouvelle dynamique de d\u00e9veloppement. L&rsquo;\u00e9v\u00e9nement devrait continuer \u00e0 c\u00e9l\u00e9brer le patrimoine et l\u2019histoire du Maroc pour approfondir les liens entre la diaspora marocaine et la communaut\u00e9 locale, tout en travaillant \u00e0 en faire un pilier essentiel de l\u2019\u00e9conomie culturelle de la r\u00e9gion dans les ann\u00e9es \u00e0 venir.<\/p>\n\n\n\n<p class=\"has-text-align-left\">Le festival a connu la participation de plus de 20 troupes de fantasia provenant de diff\u00e9rentes r\u00e9gions de la province, offrant des spectacles impressionnants de l\u2019art de la Tbourida. Cet \u00e9v\u00e9nement est organis\u00e9 r\u00e9guli\u00e8rement par le conseil communal d&rsquo;Ouled Youssef&nbsp; s\u2019assigne pour objectif de pr\u00e9server le patrimoine culturel, les traditions de la r\u00e9gion, et de soutenir les efforts de la communaut\u00e9 r\u00e9sidant \u00e0 l\u2019\u00e9tranger qui contribue r\u00e9guli\u00e8rement&nbsp; au d\u00e9veloppement socio\u00e9conomique aux niveaux local, r\u00e9gional et national.<\/p>\n\n\n\n<p class=\"has-text-align-left\">&nbsp;Notons que la journ\u00e9e inaugurale a \u00e9t\u00e9 marqu\u00e9e par la pr\u00e9sence des membres du conseil communal d&rsquo;Ouled Youssef, sous la pr\u00e9sidence de M. Mustapha Brim, ainsi que du Pr\u00e9sident de la Circonscription de Kasbat Tadla, du Ca\u00efd d&rsquo;Ouled Youssef et de plusieurs pr\u00e9sidents des communes voisines, d\u2019\u00e9lus et de parlementaires de la province\u2026<\/p>\n\n\n\n<p class=\"has-text-align-left\"><strong>SAID FRIX ALM<\/strong><\/p>\n","protected":false},"excerpt":{"rendered":"<p>A l&rsquo;occasion de la c\u00e9l\u00e9bration&nbsp; du 49e anniversaire de la glorieuse Marche Verte et en&nbsp; partenariat avec la province de Beni Mellal, le Conseil r\u00e9gional de B\u00e9ni Mellal-Kh\u00e9nifra et la soci\u00e9t\u00e9 Atlas pour le d\u00e9veloppement touristique, la&nbsp; 18eme \u00e9dition du festival annuel des migrants&nbsp; a \u00e9t\u00e9 organis\u00e9e , du 1 au 5 Novembre 2024 ,&nbsp; [&hellip;]<\/p>\n","protected":false},"author":4,"featured_media":2308,"comment_status":"open","ping_status":"open","sticky":false,"template":"","format":"standard","meta":{"footnotes":""},"categories":[24,18],"tags":[],"class_list":["post-2455","post","type-post","status-publish","format-standard","has-post-thumbnail","hentry","category-francais","category-18"],"_links":{"self":[{"href":"https:\/\/pressmedias.ma\/index.php?rest_route=\/wp\/v2\/posts\/2455","targetHints":{"allow":["GET"]}}],"collection":[{"href":"https:\/\/pressmedias.ma\/index.php?rest_route=\/wp\/v2\/posts"}],"about":[{"href":"https:\/\/pressmedias.ma\/index.php?rest_route=\/wp\/v2\/types\/post"}],"author":[{"embeddable":true,"href":"https:\/\/pressmedias.ma\/index.php?rest_route=\/wp\/v2\/users\/4"}],"replies":[{"embeddable":true,"href":"https:\/\/pressmedias.ma\/index.php?rest_route=%2Fwp%2Fv2%2Fcomments&post=2455"}],"version-history":[{"count":1,"href":"https:\/\/pressmedias.ma\/index.php?rest_route=\/wp\/v2\/posts\/2455\/revisions"}],"predecessor-version":[{"id":2456,"href":"https:\/\/pressmedias.ma\/index.php?rest_route=\/wp\/v2\/posts\/2455\/revisions\/2456"}],"wp:featuredmedia":[{"embeddable":true,"href":"https:\/\/pressmedias.ma\/index.php?rest_route=\/wp\/v2\/media\/2308"}],"wp:attachment":[{"href":"https:\/\/pressmedias.ma\/index.php?rest_route=%2Fwp%2Fv2%2Fmedia&parent=2455"}],"wp:term":[{"taxonomy":"category","embeddable":true,"href":"https:\/\/pressmedias.ma\/index.php?rest_route=%2Fwp%2Fv2%2Fcategories&post=2455"},{"taxonomy":"post_tag","embeddable":true,"href":"https:\/\/pressmedias.ma\/index.php?rest_route=%2Fwp%2Fv2%2Ftags&post=2455"}],"curies":[{"name":"wp","href":"https:\/\/api.w.org\/{rel}","templated":true}]}}