{"id":2457,"date":"2024-11-15T21:27:41","date_gmt":"2024-11-15T21:27:41","guid":{"rendered":"https:\/\/pressmedias.ma\/?p=2457"},"modified":"2025-04-17T16:29:05","modified_gmt":"2025-04-17T15:29:05","slug":"le-parcours-dexcellence-en-journalisme-et-medias-a-la-flshbm-organise-une-rencontre-de-communication","status":"publish","type":"post","link":"https:\/\/pressmedias.ma\/?p=2457","title":{"rendered":"Le Parcours d&rsquo;Excellence en Journalisme et M\u00e9dias, \u00e0 la FLSHBM, organise une rencontre de communication."},"content":{"rendered":"\n<p class=\"has-text-align-left\"><strong>A la Facult\u00e9 des Lettres et des Sciences Humaines de B\u00e9ni Mellal, s\u2019est tenue une rencontre de communication, Mardi 12 Novembre 2024, destin\u00e9e aux \u00e9tudiants inscrits dans le parcours de la licence d&rsquo;excellence en journalisme et m\u00e9dias pour l&rsquo;ann\u00e9e universitaire 2024-2025, en pr\u00e9sence du coordinateur p\u00e9dagogique du parcours, M. Idriss Jabri, et de certains membres de l&rsquo;\u00e9quipe p\u00e9dagogique.<\/strong><\/p>\n\n\n\n<p class=\"has-text-align-left\">Cette rencontre a \u00e9t\u00e9 une occasion pour &nbsp;initier les nouveaux \u00e9tudiants \u00e0 la philosophie de la formation dans le parcours d&rsquo;excellence en journalisme et m\u00e9dias, en pr\u00e9sence des nouveaux inscrits ainsi que des professeurs Mohamed Rafiq et Abderrahim Bahar.<\/p>\n\n\n\n<p class=\"has-text-align-left\">Lors son discours d&rsquo;ouverture, le Dr Idriss Jabri a f\u00e9licit\u00e9 l&rsquo;ensemble des nouveaux inscrits ( plus de 50 \u00e9tudiants ) pour avoir franchi les \u00e9tapes n\u00e9cessaires d&rsquo;acc\u00e8s \u00e0 la formation pour cette ann\u00e9e universitaire. Par la suite, il a fourni diverses explications et clarifications, en insistant sur l&rsquo;importance de l&rsquo;engagement total des \u00e9tudiants dans cette formation.<\/p>\n\n\n\n<p class=\"has-text-align-left\">\u00ab&nbsp;Cette premi\u00e8re&nbsp; rencontre de communication&nbsp;&nbsp; qu\u2019on organise avec les \u00e9tudiants laur\u00e9ats du parcours de la licence &nbsp;&nbsp;d\u2019excellence en journalisme et m\u00e9dias, deuxi\u00e8me groupe apr\u00e8s celui de 2023\/2024, s\u2019assigne pour objectif de leur expliquer la feuille de route et les diff\u00e9rents modules de cette formation tout en les informant que les cours commenceront cette semaine&nbsp;\u00bb a fait savoir M Jabri<\/p>\n\n\n\n<p class=\"has-text-align-left\">Le coordinateur p\u00e9dagogique a \u00e9galement soulign\u00e9 que le parcours d&rsquo;excellence en journalisme et m\u00e9dias, lanc\u00e9 en 2012, a acquis une exp\u00e9rience significative dans le domaine dans la mesure o\u00f9 il inclut des modules fondamentaux dans la formation en journalisme et m\u00e9dias, indispensables pour tout journaliste et base de toute formation dans le secteur. M. Jabri a ensuite pr\u00e9sent\u00e9 les diff\u00e9rents modules du programme, tra\u00e7ant ainsi une feuille de route et offrant un aper\u00e7u des unit\u00e9s qui seront approfondies dans le cadre du master. Il a \u00e9galement annonc\u00e9 que&nbsp;\u00ab&nbsp; Cette ann\u00e9e, le studio de journalisme de la Facult\u00e9 des Lettres et des Sciences Humaines de B\u00e9ni Mellal sera op\u00e9rationnel, permettant aux \u00e9tudiants de se former aux aspects techniques n\u00e9cessaires pour r\u00e9aliser et diffuser des travaux pratiques. \u00c0 l\u2019avenir, des enseignants et cadres de l\u2019Institut Sup\u00e9rieur de l\u2019Information et de la Communication viendront \u00e9galement animer des formations pour les \u00e9tudiants du parcours d&rsquo;excellence en journalisme et m\u00e9dias.&nbsp;\u00bba-t-il conclu.<\/p>\n\n\n\n<p class=\"has-text-align-left\">Pour sa part, M. Mohamed Rafiq a mis en avant les exigences d\u2019un engagement positif dans la formation, notamment par le s\u00e9rieux au travail et la r\u00e9gularit\u00e9 dans la pr\u00e9sence, en soulignant l&rsquo;importance de la rigueur acad\u00e9mique et scientifique pour am\u00e9liorer les comp\u00e9tences journalistiques.<\/p>\n\n\n\n<p class=\"has-text-align-left\">De son c\u00f4t\u00e9, M. Abderrahim Bahar a soulign\u00e9 la valeur du parcours d&rsquo;excellence, exposant les grandes lignes du module qu\u2019il encadre portant sur le cadre juridique du secteur, incluant les lois r\u00e9gissant l\u2019audiovisuel, la presse et la publication, ainsi que le champ d\u2019action et les limites du journaliste.<\/p>\n\n\n\n<p class=\"has-text-align-left\">\u00ab&nbsp;Je suis licenci\u00e9 en langue arabe. Ainsi, j\u2019ai choisi de poursuivre mes \u00e9tudes dans le parcours d\u2019excellence en journalisme et m\u00e9dias parce que le journalisme a \u00e9t\u00e9 ma passion depuis mon enfance .La rencontre de communication&nbsp; qu\u2019ont organis\u00e9e, aujourd\u2019hui, les professeurs et la commission p\u00e9dagogique nous a \u00e9clair\u00e9 le chemin d\u2019un parcours dont on ne savait pas grand-chose\u2026&nbsp;\u00bb S\u2019est f\u00e9licit\u00e9 une \u00e9tudiante.<\/p>\n\n\n\n<p class=\"has-text-align-left\">SAID FRIX.ALM<\/p>\n","protected":false},"excerpt":{"rendered":"<p>A la Facult\u00e9 des Lettres et des Sciences Humaines de B\u00e9ni Mellal, s\u2019est tenue une rencontre de communication, Mardi 12 Novembre 2024, destin\u00e9e aux \u00e9tudiants inscrits dans le parcours de la licence d&rsquo;excellence en journalisme et m\u00e9dias pour l&rsquo;ann\u00e9e universitaire 2024-2025, en pr\u00e9sence du coordinateur p\u00e9dagogique du parcours, M. Idriss Jabri, et de certains membres [&hellip;]<\/p>\n","protected":false},"author":4,"featured_media":2202,"comment_status":"open","ping_status":"open","sticky":false,"template":"","format":"standard","meta":{"footnotes":""},"categories":[24,1],"tags":[],"class_list":["post-2457","post","type-post","status-publish","format-standard","has-post-thumbnail","hentry","category-francais","category-1"],"_links":{"self":[{"href":"https:\/\/pressmedias.ma\/index.php?rest_route=\/wp\/v2\/posts\/2457","targetHints":{"allow":["GET"]}}],"collection":[{"href":"https:\/\/pressmedias.ma\/index.php?rest_route=\/wp\/v2\/posts"}],"about":[{"href":"https:\/\/pressmedias.ma\/index.php?rest_route=\/wp\/v2\/types\/post"}],"author":[{"embeddable":true,"href":"https:\/\/pressmedias.ma\/index.php?rest_route=\/wp\/v2\/users\/4"}],"replies":[{"embeddable":true,"href":"https:\/\/pressmedias.ma\/index.php?rest_route=%2Fwp%2Fv2%2Fcomments&post=2457"}],"version-history":[{"count":1,"href":"https:\/\/pressmedias.ma\/index.php?rest_route=\/wp\/v2\/posts\/2457\/revisions"}],"predecessor-version":[{"id":2458,"href":"https:\/\/pressmedias.ma\/index.php?rest_route=\/wp\/v2\/posts\/2457\/revisions\/2458"}],"wp:featuredmedia":[{"embeddable":true,"href":"https:\/\/pressmedias.ma\/index.php?rest_route=\/wp\/v2\/media\/2202"}],"wp:attachment":[{"href":"https:\/\/pressmedias.ma\/index.php?rest_route=%2Fwp%2Fv2%2Fmedia&parent=2457"}],"wp:term":[{"taxonomy":"category","embeddable":true,"href":"https:\/\/pressmedias.ma\/index.php?rest_route=%2Fwp%2Fv2%2Fcategories&post=2457"},{"taxonomy":"post_tag","embeddable":true,"href":"https:\/\/pressmedias.ma\/index.php?rest_route=%2Fwp%2Fv2%2Ftags&post=2457"}],"curies":[{"name":"wp","href":"https:\/\/api.w.org\/{rel}","templated":true}]}}