{"id":2461,"date":"2024-11-25T14:56:03","date_gmt":"2024-11-25T14:56:03","guid":{"rendered":"https:\/\/pressmedias.ma\/?p=2461"},"modified":"2025-04-17T16:29:06","modified_gmt":"2025-04-17T15:29:06","slug":"focus-sur-la-promotion-de-linclusion-economique-des-jeunes-a-beni-mellal-khenifra","status":"publish","type":"post","link":"https:\/\/pressmedias.ma\/?p=2461","title":{"rendered":"Focus sur la promotion de l\u2019inclusion \u00e9conomique des jeunes \u00e0 Beni Mellal kh\u00e9nifra"},"content":{"rendered":"\n<p><strong>En partenariat avec l\u2019organisation danoise Action Aid et l\u2019organisation suisse Swisscontact et&nbsp; en collaboration avec la direction r\u00e9gionale du minist\u00e8re de la Jeunesse, de la Culture et de la Communication et ANAPEC, l\u2019Association<\/strong><strong>&nbsp; <\/strong><strong>qualification&nbsp; des Jeunes (AQJ)<\/strong><strong> dans la r\u00e9gion de B\u00e9ni Mellal-Kh\u00e9nifra, a organis\u00e9, jeudi 14 Novembre 2024, la deuxi\u00e8me \u00e9dition du Forum des Opportunit\u00e9s pour les Jeunes \u00ab\u00a0Krib Lik\u00a0\u00bb<\/strong>,<strong> \u00e0 la salle couverte, \u00e0 Beni Mellal. Plus de 475 personnes ont visit\u00e9 le forum.<\/strong><\/p>\n\n\n\n<p>&nbsp;Dans une d\u00e9claration \u00e0 ALM, la coordinatrice du projet Dapp , R\u00e9gion de Beni Mellal kh\u00e9nifra, Meryem Taouss,&nbsp; a soulign\u00e9 que L&rsquo;objectif de cette rencontre est de promouvoir l&rsquo;entrepreneuriat vert et l\u2019inclusion \u00e9conomique des jeunes &nbsp;au niveau &nbsp;de la r\u00e9gion de Beni Mellal kh\u00e9nifra. \u00ab&nbsp;Aujourd&rsquo;hui, le Forum \u00ab\u00a0Opportunit\u00e9s pour les Jeunes \u00ab&nbsp;Krib Lik&nbsp;\u00bb,&nbsp; revient pour sa deuxi\u00e8me \u00e9dition. Cet espace interactif rassemble des jeunes entrepreneurs, des porteurs de projets, des institutions publiques et priv\u00e9es, ainsi que des banques, afin de pr\u00e9senter leurs services et programmes destin\u00e9s aux jeunes. Cela inclut notamment des actions d&rsquo;encadrement, de formation, de financement de projets, ainsi que la mise en lumi\u00e8re des initiatives propos\u00e9es par les diff\u00e9rentes institutions\u2026&nbsp;\u00bb a \u2013t-elle fait savoir.<\/p>\n\n\n\n<p>Pour sa part, Rachid El Habib, directeur&nbsp; ex\u00e9cutif de l\u2019Association qualification&nbsp; des jeunes ( AQJ )&nbsp; a mis l\u2019accent sur les objectifs escompt\u00e9s et les efforts inlassables d\u00e9ploy\u00e9s par AQJ en vue de concr\u00e9tiser des r\u00e9sultats positifs au niveau&nbsp; de l\u2019affermissement de l\u2019esprit entrepreneurial et l\u2019inclusion \u00e9conomique des jeunes et d\u2019ajouter \u00ab&nbsp;Ce forum vise \u00e0 cr\u00e9er un environnement favorable \u00e0 l\u2019apprentissage, \u00e0 l\u2019innovation et au r\u00e9seautage. Ainsi, les &nbsp;participants auront l\u2019opportunit\u00e9 de d\u00e9couvrir des possibilit\u00e9s de perfectionnement de leurs comp\u00e9tences, d&rsquo;acc\u00e9der \u00e0 des financements, de recevoir des conseils d&rsquo;experts et de tracer leur chemin vers l\u2019autonomisation professionnelle. Ce forum se veut aussi &nbsp;inclusif et ouvert \u00e0 tous les jeunes, quels que soient leurs niveaux d&rsquo;exp\u00e9rience ou de formation. En leur offrant un acc\u00e8s facilit\u00e9 \u00e0 des informations, des ressources et des r\u00e9seaux essentiels, il cherche \u00e0 transformer leur potentiel en r\u00e9alit\u00e9, tout en leur fournissant les outils n\u00e9cessaires pour b\u00e2tir un avenir professionnel prosp\u00e8re&nbsp;\u00bb<\/p>\n\n\n\n<p>Pour Nassim Soufiane , un participant au forum pr\u00e9cit\u00e9 ,&nbsp;\u00ab&nbsp;L\u2019organisation de ce forum est une valeur ajout\u00e9e pour tous les jeunes . Nous avions l\u2019occasion d\u2019\u00e9changer avec un grand nombre d\u2019op\u00e9rateurs concern\u00e9s comme le Conseil r\u00e9gional de Beni Mellal kh\u00e9nifra , le conseil r\u00e9gional du tourisme , ANAPEC , ,Dar Al moukawil ,OFPPT , CMC, des porteurs de projets\u2026Des explications nous ont \u00e9t\u00e9 pr\u00e9sent\u00e9es sur des formations , la cr\u00e9ation des entreprises, l\u2019\u00e9pargne\u2026A noter que des ateliers ont \u00e9t\u00e9 organis\u00e9es au profit d\u2019un grand nombre de jeunes\u2026&nbsp;\u00bb<\/p>\n\n\n\n<p>&nbsp;A rappeler que le &nbsp;programme de partenariat dano-arabe (DAPP) a \u00e9t\u00e9 cr\u00e9\u00e9 en 2003 par le Minist\u00e8re des affaires \u00e9trang\u00e8res danois (Danida). La phase actuelle du DAPP \u2013 le DAPP II (2022-2027) se concentre sur l&#8217;emploi et les droits de l&rsquo;homme dans la r\u00e9gion MENA et a pour cible principale les jeunes. Les activit\u00e9s se concentrent sur le Maroc, la Tunisie, l&rsquo;\u00c9gypte et la Jordanie, et aborderont certaines des causes profondes de la migration des jeunes vers l&rsquo;Europe.<\/p>\n\n\n\n<p><strong>SAID FRIX ALM<\/strong><\/p>\n","protected":false},"excerpt":{"rendered":"<p>En partenariat avec l\u2019organisation danoise Action Aid et l\u2019organisation suisse Swisscontact et&nbsp; en collaboration avec la direction r\u00e9gionale du minist\u00e8re de la Jeunesse, de la Culture et de la Communication et ANAPEC, l\u2019Association&nbsp; qualification&nbsp; des Jeunes (AQJ) dans la r\u00e9gion de B\u00e9ni Mellal-Kh\u00e9nifra, a organis\u00e9, jeudi 14 Novembre 2024, la deuxi\u00e8me \u00e9dition du Forum des [&hellip;]<\/p>\n","protected":false},"author":4,"featured_media":2462,"comment_status":"open","ping_status":"open","sticky":false,"template":"","format":"standard","meta":{"footnotes":""},"categories":[24,12],"tags":[],"class_list":["post-2461","post","type-post","status-publish","format-standard","has-post-thumbnail","hentry","category-francais","category-economies"],"_links":{"self":[{"href":"https:\/\/pressmedias.ma\/index.php?rest_route=\/wp\/v2\/posts\/2461","targetHints":{"allow":["GET"]}}],"collection":[{"href":"https:\/\/pressmedias.ma\/index.php?rest_route=\/wp\/v2\/posts"}],"about":[{"href":"https:\/\/pressmedias.ma\/index.php?rest_route=\/wp\/v2\/types\/post"}],"author":[{"embeddable":true,"href":"https:\/\/pressmedias.ma\/index.php?rest_route=\/wp\/v2\/users\/4"}],"replies":[{"embeddable":true,"href":"https:\/\/pressmedias.ma\/index.php?rest_route=%2Fwp%2Fv2%2Fcomments&post=2461"}],"version-history":[{"count":1,"href":"https:\/\/pressmedias.ma\/index.php?rest_route=\/wp\/v2\/posts\/2461\/revisions"}],"predecessor-version":[{"id":2463,"href":"https:\/\/pressmedias.ma\/index.php?rest_route=\/wp\/v2\/posts\/2461\/revisions\/2463"}],"wp:featuredmedia":[{"embeddable":true,"href":"https:\/\/pressmedias.ma\/index.php?rest_route=\/wp\/v2\/media\/2462"}],"wp:attachment":[{"href":"https:\/\/pressmedias.ma\/index.php?rest_route=%2Fwp%2Fv2%2Fmedia&parent=2461"}],"wp:term":[{"taxonomy":"category","embeddable":true,"href":"https:\/\/pressmedias.ma\/index.php?rest_route=%2Fwp%2Fv2%2Fcategories&post=2461"},{"taxonomy":"post_tag","embeddable":true,"href":"https:\/\/pressmedias.ma\/index.php?rest_route=%2Fwp%2Fv2%2Ftags&post=2461"}],"curies":[{"name":"wp","href":"https:\/\/api.w.org\/{rel}","templated":true}]}}