{"id":2464,"date":"2024-11-25T14:55:44","date_gmt":"2024-11-25T14:55:44","guid":{"rendered":"https:\/\/pressmedias.ma\/?p=2464"},"modified":"2025-04-17T16:28:25","modified_gmt":"2025-04-17T15:28:25","slug":"une-session-de-formation-autour-des-droits-de-lenfant-legislations-et-mecanismes","status":"publish","type":"post","link":"https:\/\/pressmedias.ma\/?p=2464","title":{"rendered":"Une session de formation autour des droits de l\u2019enfant, l\u00e9gislations et m\u00e9canismes"},"content":{"rendered":"\n<p class=\"has-text-align-left\">Sous le th\u00e8me : \u00ab Droits de l&rsquo;enfant : l\u00e9gislations et m\u00e9canismes \u00bb.la Commission r\u00e9gionale des droits de l&rsquo;homme de la r\u00e9gion de B\u00e9ni Mellal-Kh\u00e9nifra a organis\u00e9, les 13 et 14 novembre 2024, \u00e0 Bin El Ouidane \u00e0 la province d&rsquo;Azilal, une session de formation au profit de 25 participants issus des cadres de la coordination r\u00e9gionale de la coop\u00e9ration nationale de la r\u00e9gion B\u00e9ni Mellal-Kh\u00e9nifra,<\/p>\n\n\n\n<p class=\"has-text-align-left\">Les discours du pr\u00e9sident de la Commission r\u00e9gionale des droits de l&rsquo;homme de B\u00e9ni Mellal-Kh\u00e9nifra, M. Ahmed Toufiq Zainabi et de la coordinatrice r\u00e9gionale de l\u2019Entraide nationale, Mme Malika Ouhamou, ont &nbsp;d\u2019abord&nbsp; rendu un vibrant hommage au &nbsp;partenariat entre les deux institutions, visant \u00e0 renforcer leur coop\u00e9ration dans le domaine de la protection et de la promotion des droits de l&rsquo;homme, notamment ceux des cat\u00e9gories vuln\u00e9rables, en particulier les enfants, les femmes, les personnes en situation de handicap et les personnes \u00e2g\u00e9es.<\/p>\n\n\n\n<p class=\"has-text-align-left\">Les deux responsables ont pr\u00e9cis\u00e9 que le lancement et la mise en \u0153uvre de ce partenariat \u00e0 travers une session de formation sur les droits des enfants t\u00e9moignent de l&rsquo;importance accord\u00e9e \u00e0 cette cat\u00e9gorie par les deux institutions, car le travail avec ce groupe n\u00e9cessite une connaissance approfondie de la culture des droits de l&rsquo;homme en g\u00e9n\u00e9ral et des droits de l&rsquo;enfant en particulier, ainsi que des principes et r\u00e9f\u00e9rences nationaux et internationaux, et de toutes les informations relatives aux m\u00e9canismes nationaux et internationaux de protection de l&rsquo;enfance. Ces informations visent \u00e0 soutenir les cadres de la coordination r\u00e9gionale dans l&rsquo;am\u00e9lioration de leurs performances professionnelles, pour renforcer la protection des enfants au sein des institutions de protection sociale, favorisant ainsi leur \u00e9panouissement et leur bien-\u00eatre.<\/p>\n\n\n\n<p class=\"has-text-align-left\">La session de formation a port\u00e9 sur &nbsp;quatre modules. Le premier module \u00e9tait consacr\u00e9 \u00e0 la pr\u00e9sentation de l&rsquo;atelier, de sa m\u00e9thodologie, et du Conseil national des droits de l&rsquo;homme, sa nature, ses comp\u00e9tences et ses m\u00e9canismes. Le deuxi\u00e8me module a mis l\u2019accent &nbsp;sur les r\u00e9f\u00e9rences nationales et internationales en mati\u00e8re de droits de l&rsquo;enfant, avec un examen des conventions internationales relatives aux droits de cette cat\u00e9gorie, en mettant l&rsquo;accent sur la Convention relative aux droits de l&rsquo;enfant, ses principes et les diff\u00e9rents types de droits des enfants. Les r\u00e9f\u00e9rences nationales en mati\u00e8re de droits de l&rsquo;enfant, dont la Constitution, la l\u00e9gislation nationale et les politiques publiques concern\u00e9es, ont \u00e9galement \u00e9t\u00e9 abord\u00e9es.<\/p>\n\n\n\n<p class=\"has-text-align-left\">Le troisi\u00e8me module de la session de formation a \u00e9t\u00e9 consacr\u00e9 aux m\u00e9canismes internationaux de protection de l&rsquo;enfance, notamment le Comit\u00e9 des droits de l&rsquo;enfant, les trois protocoles facultatifs de la Convention et les proc\u00e9dures sp\u00e9ciales. Il a \u00e9galement abord\u00e9 les m\u00e9canismes nationaux de protection, \u00e0 savoir le syst\u00e8me judiciaire, les cellules de prise en charge des femmes et des enfants victimes de violence dans les tribunaux, le m\u00e9canisme national de r\u00e9clamation pour les enfants victimes de violations de leurs droits, le Conseil national des droits de l&rsquo;homme et ses commissions r\u00e9gionales, entre autres.<\/p>\n\n\n\n<p class=\"has-text-align-left\">Enfin, le quatri\u00e8me module \u00e9tait ax\u00e9 sur la m\u00e9thodologie d&rsquo;\u00e9valuation et de suivi des politiques publiques selon une approche bas\u00e9e sur les droits de l&rsquo;homme, en explorant les caract\u00e9ristiques fondamentales des droits de l&rsquo;enfant, les indicateurs structurels ainsi que les normes directrices en mati\u00e8re de droits de l&rsquo;homme relatives \u00e0 la non-discrimination, \u00e0 la participation, \u00e0 la l\u00e9gitimit\u00e9, \u00e0 l&rsquo;acc\u00e8s aux recours, \u00e0 l&rsquo;acc\u00e8s \u00e0 l&rsquo;information et \u00e0 la gouvernance.<\/p>\n\n\n\n<p>Said FRIX ALM<\/p>\n","protected":false},"excerpt":{"rendered":"<p>Sous le th\u00e8me : \u00ab Droits de l&rsquo;enfant : l\u00e9gislations et m\u00e9canismes \u00bb.la Commission r\u00e9gionale des droits de l&rsquo;homme de la r\u00e9gion de B\u00e9ni Mellal-Kh\u00e9nifra a organis\u00e9, les 13 et 14 novembre 2024, \u00e0 Bin El Ouidane \u00e0 la province d&rsquo;Azilal, une session de formation au profit de 25 participants issus des cadres de la [&hellip;]<\/p>\n","protected":false},"author":4,"featured_media":2465,"comment_status":"open","ping_status":"open","sticky":false,"template":"","format":"standard","meta":{"footnotes":""},"categories":[24,15],"tags":[],"class_list":["post-2464","post","type-post","status-publish","format-standard","has-post-thumbnail","hentry","category-francais","category-15"],"_links":{"self":[{"href":"https:\/\/pressmedias.ma\/index.php?rest_route=\/wp\/v2\/posts\/2464","targetHints":{"allow":["GET"]}}],"collection":[{"href":"https:\/\/pressmedias.ma\/index.php?rest_route=\/wp\/v2\/posts"}],"about":[{"href":"https:\/\/pressmedias.ma\/index.php?rest_route=\/wp\/v2\/types\/post"}],"author":[{"embeddable":true,"href":"https:\/\/pressmedias.ma\/index.php?rest_route=\/wp\/v2\/users\/4"}],"replies":[{"embeddable":true,"href":"https:\/\/pressmedias.ma\/index.php?rest_route=%2Fwp%2Fv2%2Fcomments&post=2464"}],"version-history":[{"count":1,"href":"https:\/\/pressmedias.ma\/index.php?rest_route=\/wp\/v2\/posts\/2464\/revisions"}],"predecessor-version":[{"id":2466,"href":"https:\/\/pressmedias.ma\/index.php?rest_route=\/wp\/v2\/posts\/2464\/revisions\/2466"}],"wp:featuredmedia":[{"embeddable":true,"href":"https:\/\/pressmedias.ma\/index.php?rest_route=\/wp\/v2\/media\/2465"}],"wp:attachment":[{"href":"https:\/\/pressmedias.ma\/index.php?rest_route=%2Fwp%2Fv2%2Fmedia&parent=2464"}],"wp:term":[{"taxonomy":"category","embeddable":true,"href":"https:\/\/pressmedias.ma\/index.php?rest_route=%2Fwp%2Fv2%2Fcategories&post=2464"},{"taxonomy":"post_tag","embeddable":true,"href":"https:\/\/pressmedias.ma\/index.php?rest_route=%2Fwp%2Fv2%2Ftags&post=2464"}],"curies":[{"name":"wp","href":"https:\/\/api.w.org\/{rel}","templated":true}]}}