{"id":2473,"date":"2024-11-25T14:54:49","date_gmt":"2024-11-25T14:54:49","guid":{"rendered":"https:\/\/pressmedias.ma\/?p=2473"},"modified":"2025-04-17T16:29:04","modified_gmt":"2025-04-17T15:29:04","slug":"les-medias-culturels-une-locomotive-pour-la-construction-dune-bonne-communication-entre-les-peuples-africains","status":"publish","type":"post","link":"https:\/\/pressmedias.ma\/?p=2473","title":{"rendered":"Les m\u00e9dias culturels, une locomotive pour la construction d\u2019une bonne communication entre les peuples africains."},"content":{"rendered":"\n<p class=\"has-text-align-left\"><strong>Organis\u00e9s par&nbsp; le journal&nbsp; Al-Inmaa et l&rsquo;Agence Maghreb Arabe Presse, en partenariat avec le Minist\u00e8re de la Jeunesse, de la Culture et de la Communication, la&nbsp; wilaya et le conseil de la r\u00e9gion B\u00e9ni Mellal-Kh\u00e9nifra, l&rsquo;\u00c9cole sup\u00e9rieure de l&rsquo;\u00e9ducation et de la formation et d\u2019autres op\u00e9rateurs concern\u00e9s, les travaux du quatri\u00e8me symposium de l\u2019information se sont d\u00e9roul\u00e9s vendredi 15 et 16 novembre 2024&nbsp; \u00e0 Bejaad et \u00e0 l\u2019ENSA , \u00e0 Beni Mellal sous le th\u00e8me \u00ab&nbsp;<\/strong><strong>\u00ab <\/strong><strong>M\u00e9dias culturels : une locomotive pour la construction de ponts de communication et de coop\u00e9ration \u00e9conomique et culturelle entre les peuples africains \u00bb.<\/strong><\/p>\n\n\n\n<p class=\"has-text-align-left\">Lors de son discours inaugural, le vice \u2013pr\u00e9sident de l\u2019Universit\u00e9 Sultan Moulay Slimane Mohammed Sajieddine a soulign\u00e9 l\u2019importance de cette quatri\u00e8me \u00e9dition des M\u00e9dias culturels organis\u00e9e \u00e0 l\u2019occasion de la comm\u00e9moration de l\u2019anniversaire de la glorieuse Marche verte et de la f\u00eate de l\u2019Ind\u00e9pendance tout en mettent l\u2019accent sur les objectifs que s\u2019assigne l\u2019organisation de cette quatri\u00e8me \u00e9dition d\u00e9di\u00e9e \u00e0 la m\u00e9moire du savant Mohamed Smouni Cherkaoui.<\/p>\n\n\n\n<p class=\"has-text-align-left\">Pour sa part, le vice-pr\u00e9sident du Conseil r\u00e9gional de Beni Mellal kh\u00e9nifra , M Zoubdi a mis en exergue les fonctions et le r\u00f4le que jouent les m\u00e9dias culturels dans le d\u00e9veloppement des soci\u00e9t\u00e9s \u00e0 une \u00e9poque o\u00f9 le monde connait une r\u00e9volution de la communication et de l\u2019information&nbsp;\u00ab&nbsp;Les m\u00e9dias culturels nous permettent de s\u2019ouvrir sur&nbsp; les cultures \u00e9trang\u00e8res tout en prot\u00e9geant&nbsp; notre patrimoine culturel , nos traditions et notre identit\u00e9 culturelle.&nbsp; L\u2019affermissement du r\u00f4le des m\u00e9dias culturels dans la soci\u00e9t\u00e9 commence par la formation de l\u2019individu bien inform\u00e9e sur les cultures nationales et \u00e9trang\u00e8res en vue de r\u00e9aliser les objectifs escompt\u00e9s portant sur le d\u00e9veloppement socio\u00e9conomique des soci\u00e9t\u00e9s&nbsp; et la protection de notre identit\u00e9 culturelle\u2026.Ainsi , notre pays regorge de ressources humaines&nbsp; comp\u00e9tentes dans le domaine scientifique et culturel et capables de d\u00e9battre de toutes les probl\u00e9matiques nationales et internationales en vue de participer au rayonnement de notre pays\u2026&nbsp;\u00bb a-t-il ajout\u00e9.<\/p>\n\n\n\n<p class=\"has-text-align-left\">D\u2019apr\u00e8s les intervenants dans cette quatri\u00e8me \u00e9dition , l\u2019objectif de ce symposium porte , entre autres, sur l\u2019ouverture d\u2019un d\u00e9bat scientifique sur les m\u00e9dias culturels et la nature des relations entre les m\u00e9dias et la culture tout en examinant&nbsp; les caract\u00e9ristiques et les types de m\u00e9dias culturels, leur r\u00f4le dans la formation et la transmission de la culture, ainsi que dans le renforcement des valeurs partag\u00e9es outre le renforcement des liens culturels et de la bonne communication entre les peuples tout en contribuant au d\u00e9veloppement du r\u00f4le des m\u00e9dias culturels&nbsp; dans les pays africains.<\/p>\n\n\n\n<p class=\"has-text-align-left\">Lors de son intervention, Abdelfattah Idrissi , Directeur de la Fondation El Inmae pour les m\u00e9dias et la communication a soulign\u00e9 que les trois&nbsp; pr\u00e9c\u00e9dentes \u00e9ditions qui ont \u00e9t\u00e9 organis\u00e9es ont \u00e9t\u00e9 une cons\u00e9cration et que la r\u00e9gion de Beni Mellal a \u00e9t\u00e9 choisie pour l\u2019organisation de la quatri\u00e8me \u00e9dition sur les m\u00e9dias culturels parce qu\u2019elle participe au d\u00e9veloppement de notre pays gr\u00e2ce \u00e0 ses potentialit\u00e9s agricoles , culturelles , touristiques, naturelles\u2026tout en mettant en avant la richesse culturelle de Bejaad et de Beni Mellal et l\u2019organisation de cette \u00e9dition d\u00e9di\u00e9e \u00e0 la m\u00e9moire du savant Mohammed Smouni Cherkaoui..<\/p>\n\n\n\n<p class=\"has-text-align-left\">A noter que le programme de ce symposium a port\u00e9 sur des conf\u00e9rences, des d\u00e9bats, des visites sur le terrain, des hommages rendus \u00e0 des personnalit\u00e9s scientifiques et culturelles \u00e9minentes dans le domaine de la culture et des m\u00e9dias comme &nbsp;le professeur Njib Zerouali, Brahim Oukdim , Mohamed Smouni ,Mustapha Amedjar , Abderrahim Najmi\u2026Les principaux axes de la conf\u00e9rence &nbsp;ont mis l\u2019accent sur &nbsp;le r\u00f4le des m\u00e9dias dans la promotion de l\u2019identit\u00e9 culturelle et religieuse, la diffusion des valeurs de paix et de coexistence, le soutien \u00e0 la communication entre les peuples africains, ainsi que la mise en avant des r\u00e9alisations nationales dans ce domaine\u2026<\/p>\n\n\n\n<p class=\"has-text-align-left\"><strong>SAID FRIX ALM<\/strong><strong><\/strong><\/p>\n","protected":false},"excerpt":{"rendered":"<p>Organis\u00e9s par&nbsp; le journal&nbsp; Al-Inmaa et l&rsquo;Agence Maghreb Arabe Presse, en partenariat avec le Minist\u00e8re de la Jeunesse, de la Culture et de la Communication, la&nbsp; wilaya et le conseil de la r\u00e9gion B\u00e9ni Mellal-Kh\u00e9nifra, l&rsquo;\u00c9cole sup\u00e9rieure de l&rsquo;\u00e9ducation et de la formation et d\u2019autres op\u00e9rateurs concern\u00e9s, les travaux du quatri\u00e8me symposium de l\u2019information se [&hellip;]<\/p>\n","protected":false},"author":4,"featured_media":2474,"comment_status":"open","ping_status":"open","sticky":false,"template":"","format":"standard","meta":{"footnotes":""},"categories":[24,15],"tags":[],"class_list":["post-2473","post","type-post","status-publish","format-standard","has-post-thumbnail","hentry","category-francais","category-15"],"_links":{"self":[{"href":"https:\/\/pressmedias.ma\/index.php?rest_route=\/wp\/v2\/posts\/2473","targetHints":{"allow":["GET"]}}],"collection":[{"href":"https:\/\/pressmedias.ma\/index.php?rest_route=\/wp\/v2\/posts"}],"about":[{"href":"https:\/\/pressmedias.ma\/index.php?rest_route=\/wp\/v2\/types\/post"}],"author":[{"embeddable":true,"href":"https:\/\/pressmedias.ma\/index.php?rest_route=\/wp\/v2\/users\/4"}],"replies":[{"embeddable":true,"href":"https:\/\/pressmedias.ma\/index.php?rest_route=%2Fwp%2Fv2%2Fcomments&post=2473"}],"version-history":[{"count":1,"href":"https:\/\/pressmedias.ma\/index.php?rest_route=\/wp\/v2\/posts\/2473\/revisions"}],"predecessor-version":[{"id":2475,"href":"https:\/\/pressmedias.ma\/index.php?rest_route=\/wp\/v2\/posts\/2473\/revisions\/2475"}],"wp:featuredmedia":[{"embeddable":true,"href":"https:\/\/pressmedias.ma\/index.php?rest_route=\/wp\/v2\/media\/2474"}],"wp:attachment":[{"href":"https:\/\/pressmedias.ma\/index.php?rest_route=%2Fwp%2Fv2%2Fmedia&parent=2473"}],"wp:term":[{"taxonomy":"category","embeddable":true,"href":"https:\/\/pressmedias.ma\/index.php?rest_route=%2Fwp%2Fv2%2Fcategories&post=2473"},{"taxonomy":"post_tag","embeddable":true,"href":"https:\/\/pressmedias.ma\/index.php?rest_route=%2Fwp%2Fv2%2Ftags&post=2473"}],"curies":[{"name":"wp","href":"https:\/\/api.w.org\/{rel}","templated":true}]}}