{"id":2476,"date":"2024-11-25T14:54:35","date_gmt":"2024-11-25T14:54:35","guid":{"rendered":"https:\/\/pressmedias.ma\/?p=2476"},"modified":"2025-04-17T16:29:04","modified_gmt":"2025-04-17T15:29:04","slug":"organisation-de-la-premiere-edition-de-la-conference-internationale-sur-les-applications-dintelligence-artificielle-de-pointe-a-lensa-de-beni-mellal","status":"publish","type":"post","link":"https:\/\/pressmedias.ma\/?p=2476","title":{"rendered":"Organisation de la premi\u00e8re \u00e9dition de \u00a0la Conf\u00e9rence Internationale sur les Applications d\u2019Intelligence Artificielle de Pointe \u00e0 L\u2019ENSA de Beni Mellal"},"content":{"rendered":"\n<p class=\"has-text-align-left\"><strong>B\u00e9ni-Mellal&nbsp; a abrit\u00e9 la premi\u00e8re \u00e9dition de la Conf\u00e9rence Internationale sur les Applications d\u2019Intelligence artificielle de Pointe, \u00ab&nbsp;The first \u00e9dition of the international conference on Cutting-Edge artificial intelligence Applications&nbsp;\u00bb, les 21 et 22 Novembre 2024 \u00e0 l\u2019Ecole Nationale des Sciences Appliqu\u00e9es de B\u00e9ni-Mellal.&nbsp; Une th\u00e9matique au c\u0153ur de l\u2019actualit\u00e9 \u00e9lucid\u00e9e par des intervenants nationaux et internationaux de haut calibre, qui, &nbsp;ont r\u00e9pondu pr\u00e9sents \u00e0 travers des conf\u00e9rences et des ateliers de formations d\u00e9di\u00e9es aux chercheurs, doctorants, et professionnels tout au long de cet \u00e9v\u00e9nement.<\/strong><\/p>\n\n\n\n<p class=\"has-text-align-left\">&nbsp;Dans une d\u00e9claration \u00e0 ALM, le Directeur de L\u2019Ecole Nationale des Sciences appliqu\u00e9es de Beni Mellal (l\u2019ENSA), Pr Belaid Bouikhalene a mis l\u2019accent sur les objectifs ce cette conf\u00e9rence internationale qui a fait appel \u00e0 des personnalit\u00e9s scientifiques de renom pour d\u00e9battre des applications d\u2019intelligence artificielle de pointe. Et d\u2019ajouter \u00ab&nbsp;La premi\u00e8re conf\u00e9rence internationale sur les applications de pointe dans l\u2019intelligence artificielle organis\u00e9e par L\u2019\u00e9cole nationale des sciences appliqu\u00e9es a rassembl\u00e9 environ 80 enseignants chercheurs et doctorants. Elle a&nbsp; permis \u00e0 ces chercheurs de pr\u00e9senter leurs travaux de recherche sur l\u2019intelligence artificielle et ses applications dans divers domaine dont l\u2019agriculture num\u00e9rique, la t\u00e9l\u00e9 m\u00e9decine, les villes intelligentes et l\u2019industrie 4.0. Elle a aussi permis aux laboratoires de recherche relevant de l\u2019universit\u00e9 Sultan Moulay Slimane de d\u00e9velopper des projets de recherche sur les technologies avanc\u00e9es. Parall\u00e8lement, un atelier de formation sur l\u2019intelligence artificielle g\u00e9n\u00e9rative et les mod\u00e8les de langage \u00e0 grande dimensions (LLM), anim\u00e9 par le professeur Kav\u00e9 Salamatian de l\u2019universit\u00e9 de Savoie -Mont Blanc a \u00e9t\u00e9 organis\u00e9 au profit des \u00e9tudiants de la fili\u00e8re ing\u00e9nieur&nbsp; Intelligence Artificielle et&nbsp; Cyber s\u00e9curit\u00e9 affili\u00e9e \u00e0 l&rsquo;\u00e9cole Nationale des Sciences Appliqu\u00e9es de Beni Mellal&nbsp;\u00bb<\/p>\n\n\n\n<p class=\"has-text-align-left\">Pour sa part, le coordinateur de la conf\u00e9rence Pr Mohamed Gouskir a mis en exergue l\u2019importance de l\u2019intelligence artificielle dans un monde en perp\u00e9tuelle transformation. Et de souligner que \u00ab&nbsp;Le domaine de l&rsquo;intelligence artificielle (IA) conna\u00eet au Maroc un d\u00e9veloppement remarquable, gr\u00e2ce aux efforts d\u00e9ploy\u00e9s pour promouvoir la transformation num\u00e9rique et l&rsquo;innovation technologique. L&rsquo;IA est devenue un axe central dans de nombreux secteurs tels que la sant\u00e9, l&rsquo;\u00e9ducation, l&rsquo;industrie, la cyber s\u00e9curit\u00e9 et l&rsquo;agriculture. Les universit\u00e9s et grandes \u00e9coles, notamment les \u00c9coles Nationales des Sciences Appliqu\u00e9es (ENSA) et les instituts sp\u00e9cialis\u00e9s, s&rsquo;efforcent de former une nouvelle g\u00e9n\u00e9ration d&rsquo;ing\u00e9nieurs et de chercheurs capables de d\u00e9velopper des solutions innovantes bas\u00e9es sur l&rsquo;intelligence artificielle. Sur le plan gouvernemental, la strat\u00e9gie \u00ab\u00a0Maroc Digital 2030\u00a0\u00bb vise \u00e0 int\u00e9grer l&rsquo;IA dans les politiques de d\u00e9veloppement afin d&rsquo;am\u00e9liorer l&rsquo;efficacit\u00e9 et les services publics, notamment gr\u00e2ce \u00e0 la digitalisation de l&rsquo;administration et \u00e0 l&rsquo;\u00e9ducation en ligne. Des initiatives et partenariats ont \u00e9galement \u00e9t\u00e9 lanc\u00e9s pour renforcer la recherche scientifique et encourager les startups sp\u00e9cialis\u00e9es dans ce domaine. Ainsi, je rends un vibrant hommage \u00e0 tous les conf\u00e9renciers et&nbsp; les participants \u00e0 cette conf\u00e9rence, au pr\u00e9sident de l\u2019Universit\u00e9 Sultan Moulay Slimane, au Directeur de l\u2019ENSA&nbsp; et \u00e0&nbsp; son \u00e9quipe p\u00e9dagogique et administrative, au comit\u00e9 d\u2019organisation, aux \u00e9tudiants \u2026&nbsp;\u00bb<\/p>\n\n\n\n<p class=\"has-text-align-left\">&nbsp;D\u2019apr\u00e8s la d\u00e9claration d\u2019un participant \u00e0 cette &nbsp;rencontre internationale,&nbsp;\u00ab&nbsp;cette conf\u00e9rence &nbsp;a contribu\u00e9 \u00e0 &nbsp;&nbsp;enrichir les&nbsp; &nbsp;connaissances th\u00e9oriques et pratiques des \u00e9tudiants et &nbsp;\u00e0 stimuler l&rsquo;innovation et la cr\u00e9ativit\u00e9 pour relever les d\u00e9fis technologiques actuels. En outre, les interactions avec des chercheurs et professionnels de renom &nbsp;ont ouvert des perspectives de collaboration, de stages et de projets de recherche appliqu\u00e9e. La conf\u00e9rence &nbsp;a sensibilis\u00e9 &nbsp;\u00e9galement les \u00e9tudiants aux d\u00e9fis \u00e9thiques et aux impacts soci\u00e9taux li\u00e9s \u00e0 l&rsquo;intelligence artificielle et \u00e0 la cyber s\u00e9curit\u00e9, les pr\u00e9parant ainsi \u00e0 devenir des acteurs responsables et influents dans leur domaine.&nbsp;\u00bb<\/p>\n\n\n\n<p class=\"has-text-align-left\"><strong>SAID FRIX ALM<\/strong><\/p>\n","protected":false},"excerpt":{"rendered":"<p>B\u00e9ni-Mellal&nbsp; a abrit\u00e9 la premi\u00e8re \u00e9dition de la Conf\u00e9rence Internationale sur les Applications d\u2019Intelligence artificielle de Pointe, \u00ab&nbsp;The first \u00e9dition of the international conference on Cutting-Edge artificial intelligence Applications&nbsp;\u00bb, les 21 et 22 Novembre 2024 \u00e0 l\u2019Ecole Nationale des Sciences Appliqu\u00e9es de B\u00e9ni-Mellal.&nbsp; Une th\u00e9matique au c\u0153ur de l\u2019actualit\u00e9 \u00e9lucid\u00e9e par des intervenants nationaux et [&hellip;]<\/p>\n","protected":false},"author":4,"featured_media":2477,"comment_status":"open","ping_status":"open","sticky":false,"template":"","format":"standard","meta":{"footnotes":""},"categories":[24,12],"tags":[],"class_list":["post-2476","post","type-post","status-publish","format-standard","has-post-thumbnail","hentry","category-francais","category-economies"],"_links":{"self":[{"href":"https:\/\/pressmedias.ma\/index.php?rest_route=\/wp\/v2\/posts\/2476","targetHints":{"allow":["GET"]}}],"collection":[{"href":"https:\/\/pressmedias.ma\/index.php?rest_route=\/wp\/v2\/posts"}],"about":[{"href":"https:\/\/pressmedias.ma\/index.php?rest_route=\/wp\/v2\/types\/post"}],"author":[{"embeddable":true,"href":"https:\/\/pressmedias.ma\/index.php?rest_route=\/wp\/v2\/users\/4"}],"replies":[{"embeddable":true,"href":"https:\/\/pressmedias.ma\/index.php?rest_route=%2Fwp%2Fv2%2Fcomments&post=2476"}],"version-history":[{"count":1,"href":"https:\/\/pressmedias.ma\/index.php?rest_route=\/wp\/v2\/posts\/2476\/revisions"}],"predecessor-version":[{"id":2478,"href":"https:\/\/pressmedias.ma\/index.php?rest_route=\/wp\/v2\/posts\/2476\/revisions\/2478"}],"wp:featuredmedia":[{"embeddable":true,"href":"https:\/\/pressmedias.ma\/index.php?rest_route=\/wp\/v2\/media\/2477"}],"wp:attachment":[{"href":"https:\/\/pressmedias.ma\/index.php?rest_route=%2Fwp%2Fv2%2Fmedia&parent=2476"}],"wp:term":[{"taxonomy":"category","embeddable":true,"href":"https:\/\/pressmedias.ma\/index.php?rest_route=%2Fwp%2Fv2%2Fcategories&post=2476"},{"taxonomy":"post_tag","embeddable":true,"href":"https:\/\/pressmedias.ma\/index.php?rest_route=%2Fwp%2Fv2%2Ftags&post=2476"}],"curies":[{"name":"wp","href":"https:\/\/api.w.org\/{rel}","templated":true}]}}