{"id":2480,"date":"2024-11-27T18:31:45","date_gmt":"2024-11-27T18:31:45","guid":{"rendered":"https:\/\/pressmedias.ma\/?p=2480"},"modified":"2025-04-17T16:29:07","modified_gmt":"2025-04-17T15:29:07","slug":"entretien-avec-lactrice-et-professeur-denseignement-artistique-hasna-tamtaoui","status":"publish","type":"post","link":"https:\/\/pressmedias.ma\/?p=2480","title":{"rendered":"Entretien avec l\u2019Actrice et Professeur\u00a0 d\u2019enseignement artistique \u00a0Hasna Tamtaoui"},"content":{"rendered":"\n<p class=\"has-text-align-left\"><strong>Entretien avec l\u2019Actrice et Professeur&nbsp; d\u2019enseignement artistique &nbsp;Hasna Tamtaoui en marge de l\u2019encadrement &nbsp;d\u2019un atelier au Centre culturel \u00e0 Beni Mellal autour de la construction de la personnalit\u00e9 th\u00e9\u00e2trale.<\/strong><\/p>\n\n\n\n<p class=\"has-text-align-left\"><strong>\u00ab&nbsp;Le th\u00e9\u00e2tre offre un moyen d\u2019expression artistique de communication et de divertissement&nbsp;\u00bb<\/strong><\/p>\n\n\n\n<p class=\"has-text-align-left\">&nbsp;<strong>A partir de l\u2019encadrement d\u2019un atelier autour de la &nbsp;construction de la personnalit\u00e9 th\u00e9\u00e2trale, l\u2019Actrice &nbsp;et professeur d\u2019enseignement artistique, Hasna Tamtaoui nous fait part de ses riches r\u00e9flexions sur l\u2019art dramatique, la&nbsp; construction de la personnalit\u00e9 th\u00e9\u00e2trale et le th\u00e9\u00e2tre marocain.<\/strong><\/p>\n\n\n\n<p class=\"has-text-align-left\"><strong>ALM&nbsp;: <\/strong><strong>Vous avez encadr\u00e9&nbsp; un atelier,&nbsp; du 22 au 24 Novembre 2024, au centre culturel, \u00e0 Beni Mellal, sur la personnalit\u00e9 th\u00e9\u00e2trale. Pourriez-vous nous en parlez&nbsp;?<\/strong><\/p>\n\n\n\n<p class=\"has-text-align-left\"><strong>Hasna Tamtaoui&nbsp;:<\/strong> d\u2019abord, une pi\u00e8ce de th\u00e9\u00e2tre, c\u2019est quelqu\u2019un. C\u2019est une voix qui parle, c\u2019est un esprit qui \u00e9claire et c\u2019est une conscience qui avertit, pour reprendre la citation de Victor Hugo. Effectivement, j\u2019ai encadr\u00e9 un atelier sur la formation de la personnalit\u00e9 th\u00e9\u00e2trale pendant trois jours au centre culturel, \u00e0 Beni Mellal et le th\u00e8me choisi \u00e9tait celui de la migration. Ainsi, notre objectif est de mettre l\u2019accent sur des sc\u00e8nes de th\u00e9\u00e2tre en relation avec &nbsp;la migration. D\u2019ailleurs, je n\u2019aime pas imposer mes propres id\u00e9es aux participants \u00e0 cet atelier dans la mesure o\u00f9 ces derniers connaissent mieux que moi leur v\u00e9cu&nbsp; et comment ils vivent dans leur soci\u00e9t\u00e9, en plus, chaque participant \u00e0 sa propre personnalit\u00e9. Le premier jour &nbsp;a \u00e9t\u00e9 consacr\u00e9 \u00e0 la discussion et le deuxi\u00e8me jour &nbsp;a port\u00e9 &nbsp;sur le travail sur des sc\u00e8nes de th\u00e9\u00e2tre. Le th\u00e9\u00e2tre est depuis longtemps, un \u00e9l\u00e9ment important de la soci\u00e9t\u00e9, il offre un moyen d\u2019expression artistique, de communication et de divertissement. Depuis des si\u00e8cles, il sert \u00e0 raconter des histoires, \u00e0 transmettre des messages et \u00e0 rassembler les gens.<\/p>\n\n\n\n<p class=\"has-text-align-left\"><strong>Quels sont les objectifs de l\u2019encadrement de cet atelier&nbsp;?<\/strong><\/p>\n\n\n\n<p class=\"has-text-align-left\">Au lieu d\u2019imprimer des id\u00e9es sur un papier, le participant \u00e0 cet atelier est tenu&nbsp; de les graver dans sa m\u00e9moire&nbsp; et son imagination, d\u2019en parler et de les personnifier sur la sc\u00e8ne de th\u00e9\u00e2tre. Ainsi, l\u2019objectif \u00e9tant&nbsp; d\u2019imaginer&nbsp; des histoires \u00e0 partir d\u2019un th\u00e8me &nbsp;qui est en relation avec la th\u00e9matique de l\u2019\u00e9ducation, l\u2019environnement \u2026surtout lorsqu\u2019il s\u2019agit de jeunes \u00e2g\u00e9s entre 18 et 20 ans. Nous sommes tenus de choisir des th\u00e8mes qui respectent notre identit\u00e9 culturelle et nos traditions. Cette ann\u00e9e le th\u00e8me choisi est celui de la migration. L\u2019attitude d\u2019un auteur, dit Charlie Chaplin, quand il \u00e9crit pour le th\u00e9\u00e2tre doit \u00eatre affective avant d\u2019\u00eatre intellectuelle car tout le th\u00e9\u00e2tre s\u2019adresse \u00e0 l\u2019\u00e9motion avant tout.<\/p>\n\n\n\n<p class=\"has-text-align-left\"><strong>Comment peut-on proc\u00e9der \u00e0 la &nbsp;cr\u00e9ation &nbsp;de la personnalit\u00e9 th\u00e9\u00e2trale&nbsp;?<\/strong><\/p>\n\n\n\n<p class=\"has-text-align-left\">D\u2019abord, il faut \u00eatre conscient de cette personnalit\u00e9&nbsp; et la bien connaitre, connaitre son pass\u00e9, son histoire, sa relation avec les gens, son \u00e2ge, ses probl\u00e8mes psychiques\u2026C\u2019est comme une p\u00e2te \u00e0 modeler qu\u2019on doit fa\u00e7onner. C\u2019est un ensemble d\u2019id\u00e9es qui proviennent de notre v\u00e9cu&nbsp; depuis notre naissance\u2026Au fil de notre v\u00e9cu, on cache beaucoup de choses dont on aura besoin un jour sur la sc\u00e8ne de th\u00e9\u00e2tre. Mais pour que tu m\u00e8nes \u00e0 bien la formation de la personnalit\u00e9 th\u00e9\u00e2trale, il faut une orientation, un encadrement et un suivi. \u00ab&nbsp;Un amour fervent du th\u00e9\u00e2tre, n\u2019est pas suffisant \u00e0 un acteur&nbsp;: il doit s\u2019y ajouter un amour fervent de soi-m\u00eame et de la confiance en soi&nbsp;\u00bb Charlie Chaplin.<\/p>\n\n\n\n<p class=\"has-text-align-left\"><strong>Le th\u00e9\u00e2tre est \u2013il inn\u00e9 ou acquis&nbsp;?<\/strong><\/p>\n\n\n\n<p class=\"has-text-align-left\">La passion inn\u00e9e &nbsp;du th\u00e9\u00e2tre doit au moins repr\u00e9senter 25%. Mais pour l\u2019aiguiser, il faut apprendre et &nbsp;profiter des formations, des ateliers de th\u00e9\u00e2tre, des exp\u00e9riences&nbsp; des acteurs en g\u00e9n\u00e9ral en vue d\u2019acqu\u00e9rir beaucoup de connaissances dans le domaine de l\u2019art dramatique. Et c\u2019est l\u2019exp\u00e9rience en sc\u00e8ne qui vous oriente. Personnellement, je suis actrice depuis 28 ans. Et lorsque j\u2019encadre des jeunes lors d\u2019un atelier de th\u00e9\u00e2tre, j\u2019arrive facilement \u00e0 connaitre ceux qui sont faits pour le th\u00e9\u00e2tre et ceux qui ne le sont pas.<\/p>\n\n\n\n<p class=\"has-text-align-left\"><strong>Comment se porte le th\u00e9\u00e2tre marocain.&nbsp;?<\/strong><\/p>\n\n\n\n<p class=\"has-text-align-left\">Le th\u00e9\u00e2tre au Maroc se porte tr\u00e8s bien. La seule contrainte qui existe c\u2019est celle de la commercialisation. Quand on aime le th\u00e9\u00e2tre, on est tenu de le chercher et d\u2019arracher la formation. N\u2019attendez pas que l\u2019art dramatique vienne vous chercher. Vous pouvez jeter un coup d\u2019\u0153il sur les programmes du th\u00e9\u00e2tre Mohammed V qui sont nombreux et tr\u00e8s riches. Au centre culturel de Beni Mellal, par exemple, son Directeur m\u2019a dit que la salle d\u2019exposition est occup\u00e9e jusqu\u2019au mois de d\u00e9cembre 2024. En outre , toutes les troupes marocaines de th\u00e9\u00e2tre qui participent \u00e0 des festivals \u00e9trangers sont toujours &nbsp;prim\u00e9es&nbsp; parce qu\u2019on est ouvert sur la th\u00e9\u00e2tre europ\u00e9en . Personnellement, on a \u00e9t\u00e9 prim\u00e9 l\u2019ann\u00e9e derni\u00e8re au festival de Carthage. Notez qu\u2019au Maroc, le th\u00e9\u00e2tre est le domaine le plus d\u00e9velopp\u00e9 de point de vue&nbsp; &nbsp;cr\u00e9ativit\u00e9 par rapport \u00e0 la t\u00e9l\u00e9vision et au cin\u00e9ma.<\/p>\n\n\n\n<p class=\"has-text-align-left\"><strong>Propos recueillis par SAID FRIX alm<\/strong><\/p>\n","protected":false},"excerpt":{"rendered":"<p>Entretien avec l\u2019Actrice et Professeur&nbsp; d\u2019enseignement artistique &nbsp;Hasna Tamtaoui en marge de l\u2019encadrement &nbsp;d\u2019un atelier au Centre culturel \u00e0 Beni Mellal autour de la construction de la personnalit\u00e9 th\u00e9\u00e2trale. \u00ab&nbsp;Le th\u00e9\u00e2tre offre un moyen d\u2019expression artistique de communication et de divertissement&nbsp;\u00bb &nbsp;A partir de l\u2019encadrement d\u2019un atelier autour de la &nbsp;construction de la personnalit\u00e9 th\u00e9\u00e2trale, [&hellip;]<\/p>\n","protected":false},"author":4,"featured_media":2481,"comment_status":"open","ping_status":"open","sticky":false,"template":"","format":"standard","meta":{"footnotes":""},"categories":[24,1],"tags":[],"class_list":["post-2480","post","type-post","status-publish","format-standard","has-post-thumbnail","hentry","category-francais","category-1"],"_links":{"self":[{"href":"https:\/\/pressmedias.ma\/index.php?rest_route=\/wp\/v2\/posts\/2480","targetHints":{"allow":["GET"]}}],"collection":[{"href":"https:\/\/pressmedias.ma\/index.php?rest_route=\/wp\/v2\/posts"}],"about":[{"href":"https:\/\/pressmedias.ma\/index.php?rest_route=\/wp\/v2\/types\/post"}],"author":[{"embeddable":true,"href":"https:\/\/pressmedias.ma\/index.php?rest_route=\/wp\/v2\/users\/4"}],"replies":[{"embeddable":true,"href":"https:\/\/pressmedias.ma\/index.php?rest_route=%2Fwp%2Fv2%2Fcomments&post=2480"}],"version-history":[{"count":1,"href":"https:\/\/pressmedias.ma\/index.php?rest_route=\/wp\/v2\/posts\/2480\/revisions"}],"predecessor-version":[{"id":2482,"href":"https:\/\/pressmedias.ma\/index.php?rest_route=\/wp\/v2\/posts\/2480\/revisions\/2482"}],"wp:featuredmedia":[{"embeddable":true,"href":"https:\/\/pressmedias.ma\/index.php?rest_route=\/wp\/v2\/media\/2481"}],"wp:attachment":[{"href":"https:\/\/pressmedias.ma\/index.php?rest_route=%2Fwp%2Fv2%2Fmedia&parent=2480"}],"wp:term":[{"taxonomy":"category","embeddable":true,"href":"https:\/\/pressmedias.ma\/index.php?rest_route=%2Fwp%2Fv2%2Fcategories&post=2480"},{"taxonomy":"post_tag","embeddable":true,"href":"https:\/\/pressmedias.ma\/index.php?rest_route=%2Fwp%2Fv2%2Ftags&post=2480"}],"curies":[{"name":"wp","href":"https:\/\/api.w.org\/{rel}","templated":true}]}}