{"id":2491,"date":"2024-12-04T15:25:57","date_gmt":"2024-12-04T15:25:57","guid":{"rendered":"https:\/\/pressmedias.ma\/?p=2491"},"modified":"2025-04-17T16:29:05","modified_gmt":"2025-04-17T15:29:05","slug":"la-direction-regionale-de-la-sante-et-de-la-protection-sociale-de-beni-mellal-khenifra-prend-des-mesures-concretes-pour-faire-face-a-la-vague-de-froid","status":"publish","type":"post","link":"https:\/\/pressmedias.ma\/?p=2491","title":{"rendered":"La Direction R\u00e9gionale de la Sant\u00e9 et de la Protection Sociale de B\u00e9ni Mellal-Kh\u00e9nifra prend des mesures concr\u00e8tes pour faire face \u00e0 la vague de froid"},"content":{"rendered":"\n<p class=\"has-text-align-left\"><strong>Conform\u00e9ment aux instructions royales de Sa Majest\u00e9 le Roi Mohammed VI, que Dieu l\u2019assiste, visant \u00e0 fournir les soins n\u00e9cessaires aux populations des zones touch\u00e9es par les vagues de froid, la Direction R\u00e9gionale de la Sant\u00e9 et de la Protection Sociale de B\u00e9ni Mellal-Kh\u00e9nifra met en \u0153uvre les objectifs de l\u2019op\u00e9ration \u00ab&nbsp;Riaya<em> 2024-2025&nbsp;\u00bb<\/em>. Cette initiative vise \u00e0 fournir une assistance essentielle aux habitants des zones montagneuses particuli\u00e8rement expos\u00e9es aux conditions hivernales extr\u00eames, et ce, pour la p\u00e9riode allant du 15 novembre 2024 au 30 mars 2025.<\/strong><\/p>\n\n\n\n<p class=\"has-text-align-left\">&nbsp;D\u2019apr\u00e8s un communiqu\u00e9 de presse de la Direction r\u00e9gionale de la sant\u00e9 , r\u00e9gion de Beni Mellal kh\u00e9nifra ,cette op\u00e9ration ambitionne d\u2019assurer des prestations de sant\u00e9 au profit des habitants des zones montagneuses et recul\u00e9es des provinces de B\u00e9ni Mellal, Azilal et Kh\u00e9nifra. Ces zones abritent une population estim\u00e9e \u00e0 <strong>111 422 personnes<\/strong>, r\u00e9parties sur <strong>246 douars<\/strong>, situ\u00e9es entre 10 et 50 km des centres de sant\u00e9. Parmi eux, <strong>190 zones sont consid\u00e9r\u00e9es \u00e0 haut risque<\/strong>, enregistrant des temp\u00e9ratures pouvant descendre entre <strong>-2 \u00b0C et -4 \u00b0C<\/strong>, accompagn\u00e9es d\u2019importantes chutes de neige.<\/p>\n\n\n\n<p class=\"has-text-align-left\">Pour atteindre ces objectifs, la Direction R\u00e9gionale a \u00e9labor\u00e9 un plan r\u00e9gional op\u00e9rationnel et de communication, en collaboration avec les d\u00e9l\u00e9gations du minist\u00e8re de la Sant\u00e9 et les autorit\u00e9s locales des provinces concern\u00e9es. Lanc\u00e9 depuis le 15 Novembre 2024, ce plan repose sur un grand nombre d\u2019actions, \u00e0 savoir , la cr\u00e9ation d\u2019une commission r\u00e9gionale de supervision et de suivi sous la pr\u00e9sidence du Directeur r\u00e9gional , identification et recensement &nbsp;des zones touch\u00e9es par la vague de froid , sensibilisation et mobilisation des professionnels de sant\u00e9&nbsp; r\u00e9gionaux sur les mesures \u00e0 prendre&nbsp; pour assister les populations concern\u00e9es , activation de 66 centres de sant\u00e9 et programmation&nbsp; de 471 visites sur le terrain par des unit\u00e9s mobiles de sant\u00e9 , organisation de 27 caravanes m\u00e9dicales pluridisciplinaires, mise en place&nbsp; d\u2019\u00e9quipes m\u00e9dicales&nbsp; d\u2019urgence et d\u2019intervention rapide dans les provinces concern\u00e9es , suivi des femmes enceintes dans les zones affect\u00e9es avec un transfert anticip\u00e9 vers des maisons de maternit\u00e9&nbsp; pour celles qui sont proches du terme en collaboration avec les autorit\u00e9s locales, mobilisation de 250 membres du personnel m\u00e9dical et infirmier dans tous les centres de sant\u00e9 des provinces concern\u00e9es , renforcement de la flotte des v\u00e9hicules m\u00e9dicaux avec 69 ambulances \u00e9quip\u00e9es&nbsp; et 14 unit\u00e9s mobiles&nbsp; de sant\u00e9&nbsp; , intensification de la surveillance \u00e9pid\u00e9miologique tout au long de la p\u00e9riode hivernale , augmentation des stocks de m\u00e9dicaments dans les centres de sant\u00e9 et les unit\u00e9s mobiles pour taiter les effets secondaires li\u00e9s au froid, conduite de campagnes de sensibilisation aupr\u00e8s des habitants des zones concern\u00e9es&nbsp; sur les risques li\u00e9s aux vagues de froid et les moyens de s\u2019en prot\u00e9ger.<\/p>\n\n\n\n<p class=\"has-text-align-left\">&nbsp;Et afin d\u2019assurer le succ\u00e8s de cette op\u00e9ration, la Direction R\u00e9gionale de la Sant\u00e9 et de la Protection Sociale de B\u00e9ni Mellal-Kh\u00e9nifra appelle l\u2019ensemble des parties prenantes, des partenaires institutionnels, de la soci\u00e9t\u00e9 civile, des associations et des m\u00e9dias \u00e0 <strong>coop\u00e9rer activement<\/strong> avec ses services r\u00e9gionaux pour atteindre les objectifs fix\u00e9s.<\/p>\n\n\n\n<p class=\"has-text-align-left\">Rappelons que le Ministre de la Sant\u00e9 et de la protection sociale a lanc\u00e9 l\u2019op\u00e9ration \u00ab&nbsp;Riaya 2024\/2025&nbsp;\u00bb, en application des Hautes Instructions de Sa Majest\u00e9 le Roi Mohammed VI, visant \u00e0 prot\u00e9ger les populations qui sont touch\u00e9es par la vague de froid dans les r\u00e9gions montagneuses. Cette op\u00e9ration men\u00e9e du 15 Novembre au 30 Mars 2025 porte sur 31 provinces relevant de 8 R\u00e9gions du Royaume.<\/p>\n\n\n\n<p><strong>SAID FRIX ALM<\/strong><\/p>\n","protected":false},"excerpt":{"rendered":"<p>Conform\u00e9ment aux instructions royales de Sa Majest\u00e9 le Roi Mohammed VI, que Dieu l\u2019assiste, visant \u00e0 fournir les soins n\u00e9cessaires aux populations des zones touch\u00e9es par les vagues de froid, la Direction R\u00e9gionale de la Sant\u00e9 et de la Protection Sociale de B\u00e9ni Mellal-Kh\u00e9nifra met en \u0153uvre les objectifs de l\u2019op\u00e9ration \u00ab&nbsp;Riaya 2024-2025&nbsp;\u00bb. Cette initiative [&hellip;]<\/p>\n","protected":false},"author":4,"featured_media":2492,"comment_status":"open","ping_status":"open","sticky":false,"template":"","format":"standard","meta":{"footnotes":""},"categories":[24,1],"tags":[],"class_list":["post-2491","post","type-post","status-publish","format-standard","has-post-thumbnail","hentry","category-francais","category-1"],"_links":{"self":[{"href":"https:\/\/pressmedias.ma\/index.php?rest_route=\/wp\/v2\/posts\/2491","targetHints":{"allow":["GET"]}}],"collection":[{"href":"https:\/\/pressmedias.ma\/index.php?rest_route=\/wp\/v2\/posts"}],"about":[{"href":"https:\/\/pressmedias.ma\/index.php?rest_route=\/wp\/v2\/types\/post"}],"author":[{"embeddable":true,"href":"https:\/\/pressmedias.ma\/index.php?rest_route=\/wp\/v2\/users\/4"}],"replies":[{"embeddable":true,"href":"https:\/\/pressmedias.ma\/index.php?rest_route=%2Fwp%2Fv2%2Fcomments&post=2491"}],"version-history":[{"count":1,"href":"https:\/\/pressmedias.ma\/index.php?rest_route=\/wp\/v2\/posts\/2491\/revisions"}],"predecessor-version":[{"id":2493,"href":"https:\/\/pressmedias.ma\/index.php?rest_route=\/wp\/v2\/posts\/2491\/revisions\/2493"}],"wp:featuredmedia":[{"embeddable":true,"href":"https:\/\/pressmedias.ma\/index.php?rest_route=\/wp\/v2\/media\/2492"}],"wp:attachment":[{"href":"https:\/\/pressmedias.ma\/index.php?rest_route=%2Fwp%2Fv2%2Fmedia&parent=2491"}],"wp:term":[{"taxonomy":"category","embeddable":true,"href":"https:\/\/pressmedias.ma\/index.php?rest_route=%2Fwp%2Fv2%2Fcategories&post=2491"},{"taxonomy":"post_tag","embeddable":true,"href":"https:\/\/pressmedias.ma\/index.php?rest_route=%2Fwp%2Fv2%2Ftags&post=2491"}],"curies":[{"name":"wp","href":"https:\/\/api.w.org\/{rel}","templated":true}]}}