{"id":2494,"date":"2024-12-04T15:25:43","date_gmt":"2024-12-04T15:25:43","guid":{"rendered":"https:\/\/pressmedias.ma\/?p=2494"},"modified":"2025-04-17T16:29:04","modified_gmt":"2025-04-17T15:29:04","slug":"letat-davancement-des-projets-du-programme-national-dapprovisionnement-en-eau-potable-et-dirrigation-dans-la-region-de-beni-mellal-khenifra","status":"publish","type":"post","link":"https:\/\/pressmedias.ma\/?p=2494","title":{"rendered":"l\u2019\u00e9tat d\u2019avancement des projets du Programme National d\u2019Approvisionnement en Eau Potable et d\u2019Irrigation dans la r\u00e9gion de B\u00e9ni Mellal-Kh\u00e9nifra"},"content":{"rendered":"\n<p class=\"has-text-align-left\"><strong>Le Wali de la r\u00e9gion de B\u00e9ni Mellal-Kh\u00e9nifra, M. Mohamed Benribag, a pr\u00e9sid\u00e9, jeudi 28 novembre 2024, au si\u00e8ge de la wilaya, une r\u00e9union de la Commission R\u00e9gionale de Coordination. Cette rencontre a \u00e9t\u00e9 d\u00e9di\u00e9e \u00e0 l\u2019examen de l\u2019\u00e9tat d\u2019avancement des projets inscrits dans le cadre du Programme National d\u2019Approvisionnement en Eau Potable et d\u2019Irrigation 2020-2027 au niveau de la r\u00e9gion de B\u00e9ni Mellal-Kh\u00e9nifra, ainsi qu\u2019\u00e0 l\u2019\u00e9valuation des mesures \u00e0 prendre pour acc\u00e9l\u00e9rer leur mise en \u0153uvre. La r\u00e9union a connu la participation des gouverneurs des provinces de la r\u00e9gion, du pr\u00e9sident du Conseil r\u00e9gional, des pr\u00e9sidents des conseils provinciaux, des responsables des services d\u00e9concentr\u00e9s concern\u00e9s, ainsi que des entreprises et bureaux d\u2019\u00e9tudes charg\u00e9s de l\u2019ex\u00e9cution desdits projets.<\/strong><\/p>\n\n\n\n<p class=\"has-text-align-left\">Au cours de cette r\u00e9union, le Wali a rappel\u00e9 l\u2019importance strat\u00e9gique de la Commission R\u00e9gionale de Coordination, notamment dans l\u2019harmonisation et la convergence des politiques, programmes et projets publics \u00e0 l\u2019\u00e9chelle r\u00e9gionale. Cet effort vise \u00e0 garantir une mise en \u0153uvre optimale de la r\u00e9gionalisation avanc\u00e9e et \u00e0 atteindre les objectifs de d\u00e9veloppement escompt\u00e9s. Le Wali a soulign\u00e9 que cette r\u00e9union offre une opportunit\u00e9 pour activer le r\u00f4le de cette instance dans l\u2019application efficace des orientations des politiques publiques et dans la gestion appropri\u00e9e des questions urgentes, telles que la lutte contre le stress hydrique et ses r\u00e9percussions socio-\u00e9conomiques dans la r\u00e9gion.<\/p>\n\n\n\n<p class=\"has-text-align-left\">Il a \u00e9galement pr\u00e9cis\u00e9 que les discussions porteront sur le suivi des mesures mises en \u0153uvre au niveau r\u00e9gional, visant \u00e0 accro\u00eetre l\u2019offre en eau, diversifier les sources d\u2019approvisionnement, pr\u00e9server les ressources hydriques, et promouvoir leur utilisation rationnelle. D\u2019autres priorit\u00e9s incluent le renforcement de l\u2019approvisionnement en eau potable dans les zones rurales et la r\u00e9utilisation des eaux us\u00e9es trait\u00e9es.<\/p>\n\n\n\n<p class=\"has-text-align-left\">Lors de la r\u00e9union, six pr\u00e9sentations ont \u00e9t\u00e9 faites par les diff\u00e9rents acteurs concern\u00e9s, notamment le directeur de l\u2019Agence R\u00e9gionale d\u2019Ex\u00e9cution des Projets, le directeur r\u00e9gional de l\u2019Agriculture, le directeur r\u00e9gional de l\u2019Eau Potable, et la directrice g\u00e9n\u00e9rale de la R\u00e9gie Intercommunale de Distribution d\u2019\u00c9lectricit\u00e9 et d\u2019Eau du Tadla. En outre, les entreprises en charge de la r\u00e9alisation des barrages de Tagzirt (province de B\u00e9ni Mellal) et du barrage sur Oued Akhdar (province d\u2019Azilal) ont pr\u00e9sent\u00e9 l\u2019\u00e9tat d\u2019avancement de leurs projets.<\/p>\n\n\n\n<p class=\"has-text-align-left\">Les expos\u00e9s ont permis de constater que les projets programm\u00e9s pour la p\u00e9riode 2022-2024 avancent \u00e0 un rythme satisfaisant. Parmi ces projets figurent la construction de deux grands barrages (Tagzirt et Oued Akhdar), 12 petits barrages, la r\u00e9habilitation de 10 barrages collinaires, ainsi que des initiatives pour l\u2019approvisionnement en eau potable dans les zones urbaines et rurales des provinces de la r\u00e9gion. Des mesures de gestion du stress hydrique et d\u2019att\u00e9nuation des effets de la s\u00e9cheresse dans le secteur agricole ont \u00e9galement \u00e9t\u00e9 pass\u00e9es en revue.<\/p>\n\n\n\n<p class=\"has-text-align-left\">Les participants ont discut\u00e9 des moyens d\u2019acc\u00e9l\u00e9rer la r\u00e9alisation des projets programm\u00e9s pour 2022-2024 dans le cadre du programme national. Il a \u00e9galement \u00e9t\u00e9 convenu de structurer davantage les travaux de la Commission R\u00e9gionale de Coordination en instaurant la tenue r\u00e9guli\u00e8re de r\u00e9unions mensuelles pour traiter les questions relatives aux diff\u00e9rents secteurs r\u00e9gionaux.<\/p>\n\n\n\n<p class=\"has-text-align-left\">Said alm<\/p>\n","protected":false},"excerpt":{"rendered":"<p>Le Wali de la r\u00e9gion de B\u00e9ni Mellal-Kh\u00e9nifra, M. Mohamed Benribag, a pr\u00e9sid\u00e9, jeudi 28 novembre 2024, au si\u00e8ge de la wilaya, une r\u00e9union de la Commission R\u00e9gionale de Coordination. Cette rencontre a \u00e9t\u00e9 d\u00e9di\u00e9e \u00e0 l\u2019examen de l\u2019\u00e9tat d\u2019avancement des projets inscrits dans le cadre du Programme National d\u2019Approvisionnement en Eau Potable et d\u2019Irrigation [&hellip;]<\/p>\n","protected":false},"author":4,"featured_media":2495,"comment_status":"open","ping_status":"open","sticky":false,"template":"","format":"standard","meta":{"footnotes":""},"categories":[24,12],"tags":[],"class_list":["post-2494","post","type-post","status-publish","format-standard","has-post-thumbnail","hentry","category-francais","category-economies"],"_links":{"self":[{"href":"https:\/\/pressmedias.ma\/index.php?rest_route=\/wp\/v2\/posts\/2494","targetHints":{"allow":["GET"]}}],"collection":[{"href":"https:\/\/pressmedias.ma\/index.php?rest_route=\/wp\/v2\/posts"}],"about":[{"href":"https:\/\/pressmedias.ma\/index.php?rest_route=\/wp\/v2\/types\/post"}],"author":[{"embeddable":true,"href":"https:\/\/pressmedias.ma\/index.php?rest_route=\/wp\/v2\/users\/4"}],"replies":[{"embeddable":true,"href":"https:\/\/pressmedias.ma\/index.php?rest_route=%2Fwp%2Fv2%2Fcomments&post=2494"}],"version-history":[{"count":1,"href":"https:\/\/pressmedias.ma\/index.php?rest_route=\/wp\/v2\/posts\/2494\/revisions"}],"predecessor-version":[{"id":2496,"href":"https:\/\/pressmedias.ma\/index.php?rest_route=\/wp\/v2\/posts\/2494\/revisions\/2496"}],"wp:featuredmedia":[{"embeddable":true,"href":"https:\/\/pressmedias.ma\/index.php?rest_route=\/wp\/v2\/media\/2495"}],"wp:attachment":[{"href":"https:\/\/pressmedias.ma\/index.php?rest_route=%2Fwp%2Fv2%2Fmedia&parent=2494"}],"wp:term":[{"taxonomy":"category","embeddable":true,"href":"https:\/\/pressmedias.ma\/index.php?rest_route=%2Fwp%2Fv2%2Fcategories&post=2494"},{"taxonomy":"post_tag","embeddable":true,"href":"https:\/\/pressmedias.ma\/index.php?rest_route=%2Fwp%2Fv2%2Ftags&post=2494"}],"curies":[{"name":"wp","href":"https:\/\/api.w.org\/{rel}","templated":true}]}}