{"id":2509,"date":"2025-01-30T12:26:00","date_gmt":"2025-01-30T12:26:00","guid":{"rendered":"https:\/\/pressmedias.ma\/?p=2509"},"modified":"2025-04-17T16:29:07","modified_gmt":"2025-04-17T15:29:07","slug":"dialogue-regional-sur-linvestissement-focus-sur-les-metiers-davenir","status":"publish","type":"post","link":"https:\/\/pressmedias.ma\/?p=2509","title":{"rendered":"Dialogue r\u00e9gional \u00a0sur l\u2019investissement, focus sur les M\u00e9tiers d\u2019avenir"},"content":{"rendered":"\n<p class=\"has-text-align-left\"><strong>En collaboration avec l\u2019OFPPT , la cit\u00e9 des m\u00e9tiers et des comp\u00e9tence de la r\u00e9gion de Beni Mellal kh\u00e9nifra , le Centre r\u00e9gional d\u2019investissement , la Chambre de commerce d\u2019industrie et de Services et d\u2019autres partenaires ont organis\u00e9 , Mercredi 4 D\u00e9cembre 2024, \u00e0 la salle des conf\u00e9rences \u00e0 la CMC , \u00e0 Beni Mellal, une journ\u00e9e&nbsp;&nbsp; d\u00e9di\u00e9e au&nbsp;&nbsp; dialogue r\u00e9gional &nbsp;&nbsp;sur l\u2019investissement au niveau r\u00e9gional , au C\u0153ur des Fili\u00e8res sous le th\u00e8me \u00ab&nbsp;Focus M\u00e9tiers d\u2019avenir, quel positionnement&nbsp; pour la R\u00e9gion Beni Mellal kh\u00e9nifra&nbsp;?&nbsp;\u00bb<\/strong><\/p>\n\n\n\n<p class=\"has-text-align-left\">Dans une d\u00e9claration \u00e0 ALM , Adil Azmi, Directeur ( PI ) du CRI , Beni Mellal kh\u00e9nifra a &nbsp;mis en exergue les objectifs de cette journ\u00e9e qui a \u00e9t\u00e9 organis\u00e9e autour des M\u00e9tiers d\u2019avenir \u00ab&nbsp;l\u2019organisation de cette journ\u00e9e s\u2019assigne pour objectif d\u2019enrichir et d\u2019approfondir le d\u00e9bat et la r\u00e9flexion sur les potentialit\u00e9s de la R\u00e9gion par rapport aux m\u00e9tiers d\u2019avenir&nbsp; et de mont\u00e9e en gamme tels qu\u2019ils ont \u00e9t\u00e9 d\u00e9finis par la charte d\u2019investissement et de recueillir des propositions et des recommandations sur les dispositifs \u00e0 prendre&nbsp; pour garantir la facilit\u00e9&nbsp; et le d\u00e9veloppement de ces m\u00e9tiers&nbsp; au niveau de la R\u00e9gion afin de permettre \u00e0 cette derni\u00e8re d\u2019avoir sa place dans la chaines des valeurs de demain\u2026&nbsp;\u00bb<\/p>\n\n\n\n<p class=\"has-text-align-left\">&nbsp;Et de poursuivre \u00ab&nbsp;C\u2019est un atelier qui s\u2019inscrit dans la s\u00e9rie des rencontres du dialogue r\u00e9gional sur l\u2019investissement qui sont tenues en pr\u00e9paration du Forum international \u00ab&nbsp;Investir au c\u0153ur du Maroc&nbsp;\u00bb, et notamment sa composante \u00ab&nbsp;Au c\u0153ur des fili\u00e8res&nbsp;\u00bb, dans laquelle nous essayons d\u2019explorer les potentialit\u00e9s de la R\u00e9gion dans ces fili\u00e8res et ce qu\u2019il faut faire pour assurer leur v\u00e9ritable d\u00e9veloppement dans la R\u00e9gion. Nous avons tenu un premier atelier sur l\u2019agro-industrie, un deuxi\u00e8me sur le tourisme et aujourd\u2019hui c\u2019est le tour des m\u00e9tiers d\u2019avenir et de mont\u00e9e en gamme, sachant qu\u2019un 4<sup>\u00e8me<\/sup> atelier sera tenu au sujet des \u00e9nergies renouvelables. Il faut savoir que l\u2019innovation et les technologies nouvelles \u00e9voluent ces derni\u00e8res ann\u00e9es \u00e0 un rythme extr\u00eamement rapide voir exponentiel. Le remplacement d\u2019un produit par un autre prenait des dizaines d\u2019ann\u00e9es au 20<sup>\u00e8me<\/sup> si\u00e8cle. Aujourd\u2019hui ce remplacement prend quelques ann\u00e9es, voir quelques mois pour certains produits. Ces changements, bien que tr\u00e8s b\u00e9n\u00e9fiques pour le consommateur et l\u2019avanc\u00e9e technologique, entra\u00eenent des bouleversements dans les cha\u00eenes de valeur nationales et internationales.&nbsp;\u00bb&nbsp;<\/p>\n\n\n\n<p class=\"has-text-align-left\">Pour sa part, le Directeur r\u00e9gional de OFPPT, Abdelouahab &nbsp;Dlia a mis l\u2019accent sur les objectifs de cette nouvelle s\u00e9ance&nbsp; du&nbsp; dialogue r\u00e9gional sur l\u2019investissement et de d\u00e9clarer, lors de son mot d\u2019ouverture \u00ab&nbsp;Nous sommes particuli\u00e8rement ravis de collaborer avec notre partenaire, le Centre R\u00e9gional d\u2019Investissement (CRI), dans le cadre de cette nouvelle s\u00e9ance du Dialogue R\u00e9gional sur l\u2019Investissement, qui met l\u2019accent, cette fois-ci, sur les m\u00e9tiers d\u2019avenir. En tant qu\u2019acteur cl\u00e9 de la formation professionnelle au Maroc, l\u2019OFPPT s\u2019inscrit pleinement dans les grandes orientations strat\u00e9giques de l\u2019\u00c9tat, en particulier \u00e0 travers la mise en \u0153uvre de la feuille de route nationale pour le d\u00e9veloppement de la formation professionnelle. Nous \u0153uvrons activement pour int\u00e9grer ces m\u00e9tiers porteurs au sein de notre offre de formation, en dotant les jeunes et les professionnels des comp\u00e9tences n\u00e9cessaires pour relever les d\u00e9fis de demain.&nbsp;\u00bb<\/p>\n\n\n\n<p class=\"has-text-align-left\">Et d\u2019ajouter&nbsp;\u00ab&nbsp;La cr\u00e9ation d\u2019\u00e9tablissements innovants comme la CMC t\u00e9moigne de notre ambition de devenir un pilier essentiel du d\u00e9veloppement r\u00e9gional. Ici, toutes les conditions sont r\u00e9unies pour favoriser l\u2019excellence : des infrastructures modernes, des \u00e9quipements de pointe align\u00e9s sur les standards internationaux, et un environnement p\u00e9dagogique qui encourage l\u2019interaction avec le monde professionnel. Notre r\u00e9gion b\u00e9n\u00e9ficie ainsi d\u2019une offre de formation adapt\u00e9e aux m\u00e9tiers de demain, notamment dans des secteurs cl\u00e9s, \u00e0 savoir , l\u2019agriculture de pr\u00e9cision, l\u2019agro-industrie , la sant\u00e9 ,la digitalisation et les technologies de l\u2019information , l\u2019industrie automobile&nbsp; et les \u00e9nergies renouvelables et la transition \u00e9nerg\u00e9tique&nbsp;\u00bb<\/p>\n\n\n\n<p class=\"has-text-align-left\">&nbsp;Notons que les &nbsp;trois panels de cette journ\u00e9e ont port\u00e9 sur le panorama&nbsp; des M\u00e9tiers d\u2019avenir&nbsp; et de mont\u00e9e en gamme au Maroc,&nbsp; quels m\u00e9tiers d\u2019avenir et de mont\u00e9e en gamme pour la r\u00e9gion Beni Mellal kh\u00e9nifra&nbsp;?, et le r\u00f4le de la CMC dans l\u2019accompagnement des M\u00e9tiers d\u2019avenir<\/p>\n\n\n\n<p class=\"has-text-align-left\"><strong>SAID FRIX ALM<\/strong><\/p>\n","protected":false},"excerpt":{"rendered":"<p>En collaboration avec l\u2019OFPPT , la cit\u00e9 des m\u00e9tiers et des comp\u00e9tence de la r\u00e9gion de Beni Mellal kh\u00e9nifra , le Centre r\u00e9gional d\u2019investissement , la Chambre de commerce d\u2019industrie et de Services et d\u2019autres partenaires ont organis\u00e9 , Mercredi 4 D\u00e9cembre 2024, \u00e0 la salle des conf\u00e9rences \u00e0 la CMC , \u00e0 Beni Mellal, [&hellip;]<\/p>\n","protected":false},"author":4,"featured_media":2404,"comment_status":"open","ping_status":"open","sticky":false,"template":"","format":"standard","meta":{"footnotes":""},"categories":[24,12],"tags":[],"class_list":["post-2509","post","type-post","status-publish","format-standard","has-post-thumbnail","hentry","category-francais","category-economies"],"_links":{"self":[{"href":"https:\/\/pressmedias.ma\/index.php?rest_route=\/wp\/v2\/posts\/2509","targetHints":{"allow":["GET"]}}],"collection":[{"href":"https:\/\/pressmedias.ma\/index.php?rest_route=\/wp\/v2\/posts"}],"about":[{"href":"https:\/\/pressmedias.ma\/index.php?rest_route=\/wp\/v2\/types\/post"}],"author":[{"embeddable":true,"href":"https:\/\/pressmedias.ma\/index.php?rest_route=\/wp\/v2\/users\/4"}],"replies":[{"embeddable":true,"href":"https:\/\/pressmedias.ma\/index.php?rest_route=%2Fwp%2Fv2%2Fcomments&post=2509"}],"version-history":[{"count":1,"href":"https:\/\/pressmedias.ma\/index.php?rest_route=\/wp\/v2\/posts\/2509\/revisions"}],"predecessor-version":[{"id":2510,"href":"https:\/\/pressmedias.ma\/index.php?rest_route=\/wp\/v2\/posts\/2509\/revisions\/2510"}],"wp:featuredmedia":[{"embeddable":true,"href":"https:\/\/pressmedias.ma\/index.php?rest_route=\/wp\/v2\/media\/2404"}],"wp:attachment":[{"href":"https:\/\/pressmedias.ma\/index.php?rest_route=%2Fwp%2Fv2%2Fmedia&parent=2509"}],"wp:term":[{"taxonomy":"category","embeddable":true,"href":"https:\/\/pressmedias.ma\/index.php?rest_route=%2Fwp%2Fv2%2Fcategories&post=2509"},{"taxonomy":"post_tag","embeddable":true,"href":"https:\/\/pressmedias.ma\/index.php?rest_route=%2Fwp%2Fv2%2Ftags&post=2509"}],"curies":[{"name":"wp","href":"https:\/\/api.w.org\/{rel}","templated":true}]}}