{"id":2517,"date":"2025-01-30T12:27:27","date_gmt":"2025-01-30T12:27:27","guid":{"rendered":"https:\/\/pressmedias.ma\/?p=2517"},"modified":"2025-04-17T16:29:04","modified_gmt":"2025-04-17T15:29:04","slug":"lautonomisation-economique-et-politique-des-femmes-a-beni-mellal-khenifra","status":"publish","type":"post","link":"https:\/\/pressmedias.ma\/?p=2517","title":{"rendered":"L\u2019autonomisation \u00e9conomique et politique des femmes \u00e0 Beni Mellal kh\u00e9nifra"},"content":{"rendered":"\n<p class=\"has-text-align-left\"><strong>En collaboration avec&nbsp; le projet de d\u00e9veloppement socio\u00e9conomique inclusif&nbsp; \u00e0 Beni Mellal kh\u00e9nifra ( ISED- BMK), financ\u00e9 par l\u2019Agence Am\u00e9ricaine pour le d\u00e9veloppement international ( USAID ), l\u2019Association&nbsp; Alliance AfOUS&nbsp; des Femmes \u00e9lues&nbsp; a organis\u00e9 ,Jeudi 5 D\u00e9cembre 2024, \u00e0 la chambre d\u2019Agriculture , \u00e0 Beni Mellal, une conf\u00e9rence r\u00e9gionale sous le th\u00e8me <\/strong><strong>\u00ab\u00a0<\/strong><strong> l&rsquo;autonomisation \u00e9conomique et politique des femmes pour la construction de soci\u00e9t\u00e9s coh\u00e9sives et exemptes de violences bas\u00e9es sur le genre\u00a0\u00bb<\/strong><strong><\/strong><\/p>\n\n\n\n<p class=\"has-text-align-left\">Lors de son mot inaugural, Maria Boutoual, pr\u00e9sidente de l\u2019Association coalition Afous des femmes \u00e9lues a d\u2019abord soulign\u00e9 que \u00ab&nbsp;La cr\u00e9ation de l\u2019Association <em>Coalition Afous des Femmes \u00c9lues<\/em> n\u2019est pas le fruit du hasard. Elle r\u00e9sulte des conclusions de la premi\u00e8re \u00e9dition du programme de soutien au leadership f\u00e9minin des \u00e9lues de la r\u00e9gion B\u00e9ni Mellal-Kh\u00e9nifra, supervis\u00e9 par le projet de D\u00e9veloppement Social et \u00c9conomique Inclusif (ISED-BMK), avec le financement de l\u2019USAID. Et de poursuivre \u00ab&nbsp;Cette cr\u00e9ation &nbsp;r\u00e9pond \u00e0 une n\u00e9cessit\u00e9 urgente de soutenir les femmes \u00e9lues, de renforcer leur implication dans l\u2019action territoriale et de consolider leurs r\u00e9seaux de communication et d\u2019interaction \u00e0 l\u2019\u00e9chelle nationale et internationale. Ainsi, nous avons choisi de faire de cet atelier r\u00e9gional une plateforme pour mettre en lumi\u00e8re les parcours r\u00e9ussis des femmes de la r\u00e9gion B\u00e9ni Mellal-Kh\u00e9nifra dans les domaines du leadership et de la gestion des activit\u00e9s \u00e0 caract\u00e8re \u00e9conomique. C\u2019est \u00e9galement une occasion de discuter des r\u00f4les fondamentaux que l\u2019autonomisation politique et \u00e9conomique des femmes peut jouer dans le renforcement de leur ind\u00e9pendance et la lutte contre toutes les formes de violence bas\u00e9es sur le genre.&nbsp;\u00bb<\/p>\n\n\n\n<p class=\"has-text-align-left\">Pour sa part, Malika Zekhnini, professeure universitaire et parlementaire a not\u00e9 que \u00ab&nbsp;Nous sommes devant une probl\u00e9matique sociale&nbsp; qui a fait couler beaucoup d\u2019encre, c\u2019est celle de l\u2019in\u00e9galit\u00e9&nbsp; bas\u00e9e sur le genre&nbsp; surtout au niveau des domaines \u00e9conomique et politique. Et lorsqu\u2019on parle de l\u2019autonomisation politique, l\u2019on met en exergue l\u2019acc\u00e8s aux postes politiques. Ainsi, et au moment o\u00f9 nous c\u00e9l\u00e9brons les journ\u00e9es de lutte contre la violence faite aux femmes et aux filles, il est inconcevable d\u2019imagier une soci\u00e9t\u00e9 qui n\u2019offre &nbsp;aucune occasion aux femmes d\u2019acc\u00e9der \u00e0 des postes politiques et \u00e9conomiques. Par cons\u00e9quent, nous sommes tenus tous de r\u00e9aliser&nbsp; cette autonomisation et de &nbsp;contrecarrer toute forme de violence bas\u00e9e sur le genre\u2026&nbsp;\u00bb<\/p>\n\n\n\n<p class=\"has-text-align-left\">Pour Alaeddine Serrar , charg\u00e9 du programme de USAID, \u00ab&nbsp;Dans&nbsp; le cadre de la campagne de&nbsp; lutte contre la violence faite aux femmes et filles qui&nbsp; s\u2019\u00e9tend du 26 Novembre au 10 d\u00e9cembre 2024,notre projet&nbsp; au niveau de Beni Mellal kh\u00e9nifra&nbsp; vise \u00e0 pr\u00eater main forte \u00e0 toutes les parties prenantes et \u00e0 mettre \u00e0 leur disposition tous les moyens \u00e0 m\u00eame de concr\u00e9tiser les priorit\u00e9s du d\u00e9veloppement r\u00e9gional et local \u00e0 partir de l\u2019affermissement de l\u2019inclusion&nbsp; et de la participation efficace des femmes , des jeunes et des personnes en situation de handicap&nbsp; ainsi que le milieu rural au d\u00e9veloppement socio\u00e9conomique de la r\u00e9gion en collaboration avec les associations de la soci\u00e9t\u00e9 civile , les op\u00e9rateurs socio\u00e9conomiques\u2026&nbsp;\u00bb<\/p>\n\n\n\n<p class=\"has-text-align-left\">Enfin, dans une d\u00e9claration \u00e0 ALM, Souad Mimouni, pr\u00e9sidente de la coop\u00e9rative Afoughal Atlas, province de Kh\u00e9nifra a fait savoir que cette rencontre de communication a port\u00e9 ses fruits&nbsp;\u00ab&nbsp;C\u2019est un grand honneur pour notre coop\u00e9rative de participer \u00e0 cet \u00e9v\u00e8nement de grande envergure et de rencontrer les membres de l\u2019Association Afous qui a organis\u00e9 cette conf\u00e9rence, des entrepreneures, des pr\u00e9sidentes d\u2019associations et de coop\u00e9ratives\u2026&nbsp;\u00bb a-t-elle ajout\u00e9.<\/p>\n\n\n\n<p class=\"has-text-align-left\">Ainsi , cette conf\u00e9rence r\u00e9gionale&nbsp; a mis l\u2019accent sur les parcours r\u00e9ussis d\u2019un grand nombre de femmes \u00e9lues \u00e0 la r\u00e9gion Beni Mellal kh\u00e9nifra au niveau de la gestion de la chose locale ,des activit\u00e9s \u00e9conomiques et &nbsp;de la discussion&nbsp; des r\u00f4les que jouent l\u2019autonomisation \u00e9conomique et politique chez la femme dans l\u2019affermissement de son autonomie et sa protection contre toute forme de violence bas\u00e9e sur le genre. Ainsi , les objectifs g\u00e9n\u00e9raux de cette rencontre portent sur le partage d\u2019un grand nombre d\u2019exp\u00e9riences qui ont particip\u00e9 \u00e0 la promotion de l\u2019autonomisation de la femme&nbsp; tout en contrecarrant la violence bas\u00e9e sur le genre, la discussion des moyens de renforcement de l\u2019autonomie de la femme&nbsp; et de sa participation politique&nbsp; en tant qu\u2019un moyen efficace&nbsp; de lutte contre les violences bas\u00e9es sur le genre, la discussion des d\u00e9fis et des contraintes qui entravent la r\u00e9alisation des objectifs escompt\u00e9s tout en proc\u00e9dant \u00e0 la pr\u00e9sentation de solutions authentiques pour les surmonter.<\/p>\n\n\n\n<p class=\"has-text-align-left\"><strong>SAID FRIX ALM<\/strong><\/p>\n","protected":false},"excerpt":{"rendered":"<p>En collaboration avec&nbsp; le projet de d\u00e9veloppement socio\u00e9conomique inclusif&nbsp; \u00e0 Beni Mellal kh\u00e9nifra ( ISED- BMK), financ\u00e9 par l\u2019Agence Am\u00e9ricaine pour le d\u00e9veloppement international ( USAID ), l\u2019Association&nbsp; Alliance AfOUS&nbsp; des Femmes \u00e9lues&nbsp; a organis\u00e9 ,Jeudi 5 D\u00e9cembre 2024, \u00e0 la chambre d\u2019Agriculture , \u00e0 Beni Mellal, une conf\u00e9rence r\u00e9gionale sous le th\u00e8me \u00ab\u00a0 l&rsquo;autonomisation [&hellip;]<\/p>\n","protected":false},"author":4,"featured_media":2404,"comment_status":"open","ping_status":"open","sticky":false,"template":"","format":"standard","meta":{"footnotes":""},"categories":[24,12],"tags":[],"class_list":["post-2517","post","type-post","status-publish","format-standard","has-post-thumbnail","hentry","category-francais","category-economies"],"_links":{"self":[{"href":"https:\/\/pressmedias.ma\/index.php?rest_route=\/wp\/v2\/posts\/2517","targetHints":{"allow":["GET"]}}],"collection":[{"href":"https:\/\/pressmedias.ma\/index.php?rest_route=\/wp\/v2\/posts"}],"about":[{"href":"https:\/\/pressmedias.ma\/index.php?rest_route=\/wp\/v2\/types\/post"}],"author":[{"embeddable":true,"href":"https:\/\/pressmedias.ma\/index.php?rest_route=\/wp\/v2\/users\/4"}],"replies":[{"embeddable":true,"href":"https:\/\/pressmedias.ma\/index.php?rest_route=%2Fwp%2Fv2%2Fcomments&post=2517"}],"version-history":[{"count":1,"href":"https:\/\/pressmedias.ma\/index.php?rest_route=\/wp\/v2\/posts\/2517\/revisions"}],"predecessor-version":[{"id":2518,"href":"https:\/\/pressmedias.ma\/index.php?rest_route=\/wp\/v2\/posts\/2517\/revisions\/2518"}],"wp:featuredmedia":[{"embeddable":true,"href":"https:\/\/pressmedias.ma\/index.php?rest_route=\/wp\/v2\/media\/2404"}],"wp:attachment":[{"href":"https:\/\/pressmedias.ma\/index.php?rest_route=%2Fwp%2Fv2%2Fmedia&parent=2517"}],"wp:term":[{"taxonomy":"category","embeddable":true,"href":"https:\/\/pressmedias.ma\/index.php?rest_route=%2Fwp%2Fv2%2Fcategories&post=2517"},{"taxonomy":"post_tag","embeddable":true,"href":"https:\/\/pressmedias.ma\/index.php?rest_route=%2Fwp%2Fv2%2Ftags&post=2517"}],"curies":[{"name":"wp","href":"https:\/\/api.w.org\/{rel}","templated":true}]}}