{"id":2519,"date":"2025-01-30T12:26:54","date_gmt":"2025-01-30T12:26:54","guid":{"rendered":"https:\/\/pressmedias.ma\/?p=2519"},"modified":"2025-04-17T16:28:25","modified_gmt":"2025-04-17T15:28:25","slug":"ceremonie-de-cloture-dassurif-2-un-bilan-prometteur","status":"publish","type":"post","link":"https:\/\/pressmedias.ma\/?p=2519","title":{"rendered":"\u00a0C\u00e9r\u00e9monie de cl\u00f4ture d\u2019Assurif 2\u00a0; un bilan\u00a0 prometteur"},"content":{"rendered":"\n<p class=\"has-text-align-left\"><strong>En &nbsp;pr\u00e9sence d&rsquo;acteurs locaux, de partenaires institutionnels, de repr\u00e9sentants de la soci\u00e9t\u00e9 civile et des b\u00e9n\u00e9ficiaires. L\u2019Association Al Intilaka pour le d\u00e9veloppement, l\u2019environnement&nbsp; et la culture Afourer (L\u2019AIDECA) a &nbsp;organis\u00e9, jeudi 28 Novembre 2024, la c\u00e9r\u00e9monie de cl\u00f4ture du projet ASSURIF. Financ\u00e9 par Manos Unidas, ce projet vise \u00e0 renforcer l&rsquo;autonomisation sociale et \u00e9conomique des femmes et des jeunes dans les provinces de B\u00e9ni Mellal, Azilal et Fquih Ben Salah.&nbsp;<\/strong><\/p>\n\n\n\n<p class=\"has-text-align-left\">Dans une d\u00e9claration \u00e0 ALM ,le coordinateur du projet Mohamed Alouane a soulign\u00e9 qu\u2019il s\u2019agit de la &nbsp;c\u00e9r\u00e9monie de cl\u00f4ture &nbsp;de Assurif 2&nbsp; , que sa phase 3 sera lanc\u00e9e dans un mois et que l\u2019accent sera mis sur l\u2019entreprise verte et le soutien des femmes et des jeunes en situation de pr\u00e9carit\u00e9 \u00e0 la R\u00e9gion de Beni Mellal Kh\u00e9nifra.&nbsp;\u00ab&nbsp;Cette initiative louable nous a encourag\u00e9s \u00e0 aller de l\u2019avant. 14 projets ont \u00e9t\u00e9 financ\u00e9s regroupant 29 filles et gar\u00e7ons relevant des trois provinces pr\u00e9cit\u00e9es&nbsp;\u00bb a-t-il ajout\u00e9<\/p>\n\n\n\n<p class=\"has-text-align-left\">Pour sa part, Sara Moustarih, auto entrepreneure en coiffure et esth\u00e9tique&nbsp;, a fait savoir que \u00ab&nbsp;je remercie vivement l\u2019Association Intilaka pour son soutien financier qui a r\u00e9alis\u00e9 ma convoitise. Ce soutien est un pilier qui a insuffl\u00e9 une nouvelle dynamique \u00e0 mon projet qui n\u2019aurait jamais vu le jour si AIDECA ne m\u2019avait pas soutenue\u2026&nbsp;\u00bb<\/p>\n\n\n\n<p class=\"has-text-align-left\">Lors de cette c\u00e9r\u00e9monie , l\u2019accent a \u00e9t\u00e9 mis sur un bilan d\u00e9taill\u00e9 des principales r\u00e9alisations du projet , y compris l\u2019initiative du plaidoyer lanc\u00e9e par le r\u00e9seau Assurif , la c\u00e9l\u00e9bration du parcours de 14 petites entreprises soutenues dont 4 coop\u00e9ratives ( 75% dirig\u00e9es par des femmes ) , l\u2019organisation d\u2019une foire d\u2019exposition pour mettre en valeur les produits des coop\u00e9ratives et des entreprises f\u00e9minines issues des trois provinces susmentionn\u00e9es, distribution&nbsp; de certificats de reconnaissance&nbsp; aux partenaires et participants pour leur contribution \u00e0 la r\u00e9ussite du projet\u2026Un vibrant hommage a \u00e9galement \u00e9t\u00e9 rendu \u00e0 Abdelaziz Alassimi n, ex pr\u00e9sident&nbsp; de la Division de l\u2019Action sociale \u00e0 la province&nbsp; d\u2019Azilal pour son aide appr\u00e9ciable au succ\u00e8s du projet<\/p>\n\n\n\n<p class=\"has-text-align-left\">ASSURIF II est un projet, financ\u00e9 par Manos Unidas, con\u00e7u sur la base des r\u00e9sultats et apprentissages de la premi\u00e8re \u00e9dition,&nbsp; visant \u00e0 am\u00e9liorer l\u2019autonomisation socio-\u00e9conomique des femmes et des jeunes dans les r\u00e9gions de Beni Mellal, Azilal et Fquih Ben Salah. Le projet propose un m\u00e9canisme de soutien et d\u2019accompagnement et un financement conjoint pour les jeunes et les femmes en situation vuln\u00e9rable, cr\u00e9ant ainsi des activit\u00e9s g\u00e9n\u00e9ratrices de revenus et des petites entreprises. De plus, ASSURIF II vise \u00e0 contribuer \u00e0 la durabilit\u00e9 des coop\u00e9ratives \u00e9tablies en renfor\u00e7ant leurs capacit\u00e9s et leur efficacit\u00e9. Le projet initiera \u00e9galement une dynamique civique de plaidoyer dans la r\u00e9gion de Beni Mellal-Khenifra, soutenant les petites entreprises pour acc\u00e9der aux march\u00e9s publics et aux opportunit\u00e9s de financement.<\/p>\n\n\n\n<p class=\"has-text-align-left\">Notons que les r\u00e9alisations d\u2019Assurif 1 ont port\u00e9, entre autres, sur le soutien de 15 projets dont des coop\u00e9ratives, des auto-entrepreneurs ainsi que le financement de 7 projets regroupant 25 b\u00e9n\u00e9ficiaires (9 gar\u00e7ons et 16 filles organis\u00e9s dans 4 coop\u00e9ratives et 3 auto-entrepreneurs relevant des cercles d\u2019Ouaouizeght et Afourer.<\/p>\n\n\n\n<p class=\"has-text-align-left\">Rappelons aussi que l\u2019Association &nbsp;Al Intilaka d\u2019Afourer a \u00e9t\u00e9 cr\u00e9\u00e9e le 22\/12\/1996. Elle s\u2019assigne pour objectifs de participer au d\u00e9veloppement socio-\u00e9conomique local de la r\u00e9gion de Beni Mellal-Kh\u00e9nifra via la r\u00e9alisation d\u2019une dynamique sociale \u00e0 m\u00eame d\u2019affermir les droits individuels et collectifs et le renforcement des comp\u00e9tences des partenaires locaux tout en mettant en exergue quatre points essentiels, \u00e0 savoir l\u2019inclusion socio-\u00e9conomique des jeunes et des femmes, la gouvernance locale, l\u2019\u00e9ducation et la migration. <strong>SAID FRIX alm<\/strong><\/p>\n","protected":false},"excerpt":{"rendered":"<p>En &nbsp;pr\u00e9sence d&rsquo;acteurs locaux, de partenaires institutionnels, de repr\u00e9sentants de la soci\u00e9t\u00e9 civile et des b\u00e9n\u00e9ficiaires. L\u2019Association Al Intilaka pour le d\u00e9veloppement, l\u2019environnement&nbsp; et la culture Afourer (L\u2019AIDECA) a &nbsp;organis\u00e9, jeudi 28 Novembre 2024, la c\u00e9r\u00e9monie de cl\u00f4ture du projet ASSURIF. Financ\u00e9 par Manos Unidas, ce projet vise \u00e0 renforcer l&rsquo;autonomisation sociale et \u00e9conomique des [&hellip;]<\/p>\n","protected":false},"author":4,"featured_media":2520,"comment_status":"open","ping_status":"open","sticky":false,"template":"","format":"standard","meta":{"footnotes":""},"categories":[24,12],"tags":[],"class_list":["post-2519","post","type-post","status-publish","format-standard","has-post-thumbnail","hentry","category-francais","category-economies"],"_links":{"self":[{"href":"https:\/\/pressmedias.ma\/index.php?rest_route=\/wp\/v2\/posts\/2519","targetHints":{"allow":["GET"]}}],"collection":[{"href":"https:\/\/pressmedias.ma\/index.php?rest_route=\/wp\/v2\/posts"}],"about":[{"href":"https:\/\/pressmedias.ma\/index.php?rest_route=\/wp\/v2\/types\/post"}],"author":[{"embeddable":true,"href":"https:\/\/pressmedias.ma\/index.php?rest_route=\/wp\/v2\/users\/4"}],"replies":[{"embeddable":true,"href":"https:\/\/pressmedias.ma\/index.php?rest_route=%2Fwp%2Fv2%2Fcomments&post=2519"}],"version-history":[{"count":1,"href":"https:\/\/pressmedias.ma\/index.php?rest_route=\/wp\/v2\/posts\/2519\/revisions"}],"predecessor-version":[{"id":2521,"href":"https:\/\/pressmedias.ma\/index.php?rest_route=\/wp\/v2\/posts\/2519\/revisions\/2521"}],"wp:featuredmedia":[{"embeddable":true,"href":"https:\/\/pressmedias.ma\/index.php?rest_route=\/wp\/v2\/media\/2520"}],"wp:attachment":[{"href":"https:\/\/pressmedias.ma\/index.php?rest_route=%2Fwp%2Fv2%2Fmedia&parent=2519"}],"wp:term":[{"taxonomy":"category","embeddable":true,"href":"https:\/\/pressmedias.ma\/index.php?rest_route=%2Fwp%2Fv2%2Fcategories&post=2519"},{"taxonomy":"post_tag","embeddable":true,"href":"https:\/\/pressmedias.ma\/index.php?rest_route=%2Fwp%2Fv2%2Ftags&post=2519"}],"curies":[{"name":"wp","href":"https:\/\/api.w.org\/{rel}","templated":true}]}}