{"id":2550,"date":"2025-01-16T15:30:52","date_gmt":"2025-01-16T15:30:52","guid":{"rendered":"https:\/\/pressmedias.ma\/?p=2550"},"modified":"2025-04-17T16:29:05","modified_gmt":"2025-04-17T15:29:05","slug":"la-reunion-preparatoire-au-colloque-national-sur-la-regionalisation-avancee","status":"publish","type":"post","link":"https:\/\/pressmedias.ma\/?p=2550","title":{"rendered":"La r\u00e9union pr\u00e9paratoire au \u00a0colloque national sur la r\u00e9gionalisation avanc\u00e9e"},"content":{"rendered":"\n<p class=\"has-text-align-left\">Pr\u00e9sid\u00e9e par Mohamed Benribak , Wali de la r\u00e9gion Beni Mellal kh\u00e9nifra et Gouverneur de la province de Beni Mellal , une rencontre pr\u00e9paratoire \u00e0 la deuxi\u00e8me \u00e9dition du colloque national sur la r\u00e9gionalisation avanc\u00e9e,&nbsp; a \u00e9t\u00e9 tenue , lundi 9 d\u00e9cembre 2024, au si\u00e8ge de la wilaya , \u00e0 Beni Mellal. L\u2019objectif \u00e9tant de discuter des six th\u00e9matiques du colloque national &nbsp;afin de proposer des recommandations pr\u00e9liminaires bas\u00e9es sur l\u2019exp\u00e9rience de &nbsp;la r\u00e9gion Beni Mellal kh\u00e9nifra, en vue de leur inclusion dans les recommandations g\u00e9n\u00e9rales du &nbsp;prochain colloque qui sera organis\u00e9 \u00e0 la ville de Tanger les 20 et 21 d\u00e9cembre 2024.<\/p>\n\n\n\n<p class=\"has-text-align-left\">Lors de son allocution , \u00e0 cette occasion, M le Wali a soulign\u00e9 que le &nbsp;projet de r\u00e9gionalisation avanc\u00e9e, lanc\u00e9 par Sa Majest\u00e9 le Roi, repr\u00e9sente une vision strat\u00e9gique profonde visant \u00e0 renforcer la d\u00e9mocratie participative et \u00e0 r\u00e9aliser un d\u00e9veloppement durable et int\u00e9gr\u00e9 \u00e0 travers une r\u00e9partition \u00e9quitable des richesses et le renforcement de la gouvernance territoriale.&nbsp;\u00ab&nbsp;Dans son discours prononc\u00e9 \u00e0 l&rsquo;occasion de l&rsquo;ouverture de la session l\u00e9gislative de 2010, Sa Majest\u00e9 le Roi Mohammed VI &nbsp;a soulign\u00e9 que \u00ab\u00a0la r\u00e9gionalisation avanc\u00e9e n&rsquo;est pas une simple mesure technique ou administrative, mais une transformation structurelle profonde permettant d&rsquo;am\u00e9liorer la gestion des affaires publiques et de promouvoir un d\u00e9veloppement \u00e9quilibr\u00e9&nbsp;\u00bb a-t-il ajout\u00e9.<\/p>\n\n\n\n<p class=\"has-text-align-left\">Et de poursuivre que \u00ab&nbsp;Le discours royal prononc\u00e9 \u00e0 l&rsquo;occasion du 44\u1d49 anniversaire de la Marche Verte a une nouvelle fois mis en lumi\u00e8re l&rsquo;importance de ce chantier, appelant \u00e0 acc\u00e9l\u00e9rer la mise en \u0153uvre de ses dispositions en tant que levier de d\u00e9veloppement r\u00e9gional, notamment face aux d\u00e9fis croissants li\u00e9s aux transformations \u00e9conomiques, sociales et environnementales.&nbsp;\u00bb.<\/p>\n\n\n\n<p class=\"has-text-align-left\">Le responsable a aussi mis l\u2019accent, lors de son allocution, sur les objectifs de cette rencontre en d\u00e9clarant que \u00ab&nbsp;C\u2019est dans ce contexte que s\u2019inscrit l\u2019organisation de la deuxi\u00e8me \u00e9dition du colloque national sur la r\u00e9gionalisation avanc\u00e9e, une occasion de d\u00e9battre de mani\u00e8re constructive et de rechercher des solutions pratiques pour relever les grands d\u00e9fis. Si la premi\u00e8re phase de la r\u00e9gionalisation a constitu\u00e9 une \u00e9tape fondatrice, la deuxi\u00e8me phase n\u00e9cessite de passer \u00e0 la vitesse sup\u00e9rieure pour activer pleinement les comp\u00e9tences r\u00e9gionales et concr\u00e9tiser les objectifs vis\u00e9s par ce chantier sur le terrain tout en soulignant que \u00ab&nbsp; Cette \u00e9dition du colloque repr\u00e9sente une opportunit\u00e9 pour dresser le bilan des r\u00e9alisations et identifier les principaux d\u00e9fis actuels, que ce soit au niveau du mandat pr\u00e9c\u00e9dent ou du mandat actuel, en mettant l&rsquo;accent sur la n\u00e9cessit\u00e9 d\u2019une mise en \u0153uvre plus efficace des comp\u00e9tences r\u00e9gionales.&nbsp;\u00bb.<\/p>\n\n\n\n<p class=\"has-text-align-left\">M Benribak a not\u00e9 aussi qu\u2019il convient de rappeler que ce colloque national s\u2019inscrit dans la continuit\u00e9 de la premi\u00e8re \u00e9dition, tenue \u00e0 Agadir en 2019, qui a marqu\u00e9 une \u00e9tape importante dans le processus de mise en \u0153uvre de ce projet strat\u00e9gique et que le &nbsp;premier colloque a donn\u00e9 lieu \u00e0 une s\u00e9rie de recommandations pertinentes, constituant une feuille de route pour les diff\u00e9rents partenaires et acteurs, avec un accent initial sur la mise en \u0153uvre des recommandations li\u00e9es \u00e0 l\u2019exercice des comp\u00e9tences r\u00e9gionales.<\/p>\n\n\n\n<p class=\"has-text-align-left\">Aujourd\u2019hui, , a fait savoir , le Wali ,&nbsp;\u00ab&nbsp;dans le cadre de la pr\u00e9paration de cette deuxi\u00e8me \u00e9dition, cette r\u00e9union r\u00e9gionale vise \u00e0 discuter des six th\u00e9matiques du colloque afin de proposer des recommandations pr\u00e9liminaires bas\u00e9es sur l\u2019exp\u00e9rience de notre r\u00e9gion, en vue de leur inclusion dans les recommandations g\u00e9n\u00e9rales du colloque, \u00e0 savoir , le d\u00e9fi de promouvoir l\u2019attractivit\u00e9 dans les espaces r\u00e9gionaux \u00e0 la lumi\u00e8re des acquis de la r\u00e9gionalisation avanc\u00e9e , , la transformation num\u00e9rique des r\u00e9gions , levier pour acc\u00e9l\u00e9rer le projet de r\u00e9gionalisation avanc\u00e9e , l\u2019investissement productif comme levier essentiel&nbsp; de renforcer la comp\u00e9titivit\u00e9 \u00e9conomique r\u00e9gionale , la s\u00e9curisation de l\u2019approvisionnement en eau&nbsp; face aux contraintes actuelles du stress hydrique&nbsp; et les visions futures, le d\u00e9veloppement du syst\u00e8me du transport et de mobilit\u00e9&nbsp; durables dans les r\u00e9gions&nbsp;: d\u00e9fis et perspectives, les d\u00e9fis li\u00e9s \u00e0 l\u2019\u00e9laboration&nbsp; des programmes de d\u00e9veloppement r\u00e9gionaux.&nbsp;\u00bb<\/p>\n\n\n\n<p class=\"has-text-align-left\">\u00ab&nbsp;L\u2019examen de ces th\u00e9matiques, d\u2019une importance particuli\u00e8re, ne doit pas se limiter \u00e0 un simple diagnostic, mais exige \u00e9galement la proposition de solutions pratiques et efficaces, traduites en recommandations applicables, en harmonie avec les d\u00e9fis actuels et les ambitions futures.&nbsp;\u00bb a-t-il conclu<\/p>\n\n\n\n<p class=\"has-text-align-left\">Pour sa part, le pr\u00e9sident du Conseil r\u00e9gional , Beni Mellal kh\u00e9nifra, Adil Barakat , a mis en exergue la dimension socio\u00e9conomique et politique du projet de la r\u00e9gionalisation avanc\u00e9e&nbsp; et l\u2019importance de cette rencontre pr\u00e9paratoire qui s\u2019assigne pour objectif d\u2019approfondir le d\u00e9bat&nbsp; sur les d\u00e9fis actuels et prospectifs au niveau de la r\u00e9gion&nbsp; en vue de l\u2019\u00e9laboration de propositions et de recommandations qui seront prises en consid\u00e9ration lors de la tenue du prochain colloque sur la r\u00e9gionalisation avanc\u00e9e \u00e0 la ville de Tanger.<\/p>\n\n\n\n<p class=\"has-text-align-left\">SAID FRIX alm<\/p>\n","protected":false},"excerpt":{"rendered":"<p>Pr\u00e9sid\u00e9e par Mohamed Benribak , Wali de la r\u00e9gion Beni Mellal kh\u00e9nifra et Gouverneur de la province de Beni Mellal , une rencontre pr\u00e9paratoire \u00e0 la deuxi\u00e8me \u00e9dition du colloque national sur la r\u00e9gionalisation avanc\u00e9e,&nbsp; a \u00e9t\u00e9 tenue , lundi 9 d\u00e9cembre 2024, au si\u00e8ge de la wilaya , \u00e0 Beni Mellal. L\u2019objectif \u00e9tant de [&hellip;]<\/p>\n","protected":false},"author":4,"featured_media":2489,"comment_status":"open","ping_status":"open","sticky":false,"template":"","format":"standard","meta":{"footnotes":""},"categories":[24,15],"tags":[],"class_list":["post-2550","post","type-post","status-publish","format-standard","has-post-thumbnail","hentry","category-francais","category-15"],"_links":{"self":[{"href":"https:\/\/pressmedias.ma\/index.php?rest_route=\/wp\/v2\/posts\/2550","targetHints":{"allow":["GET"]}}],"collection":[{"href":"https:\/\/pressmedias.ma\/index.php?rest_route=\/wp\/v2\/posts"}],"about":[{"href":"https:\/\/pressmedias.ma\/index.php?rest_route=\/wp\/v2\/types\/post"}],"author":[{"embeddable":true,"href":"https:\/\/pressmedias.ma\/index.php?rest_route=\/wp\/v2\/users\/4"}],"replies":[{"embeddable":true,"href":"https:\/\/pressmedias.ma\/index.php?rest_route=%2Fwp%2Fv2%2Fcomments&post=2550"}],"version-history":[{"count":1,"href":"https:\/\/pressmedias.ma\/index.php?rest_route=\/wp\/v2\/posts\/2550\/revisions"}],"predecessor-version":[{"id":2551,"href":"https:\/\/pressmedias.ma\/index.php?rest_route=\/wp\/v2\/posts\/2550\/revisions\/2551"}],"wp:featuredmedia":[{"embeddable":true,"href":"https:\/\/pressmedias.ma\/index.php?rest_route=\/wp\/v2\/media\/2489"}],"wp:attachment":[{"href":"https:\/\/pressmedias.ma\/index.php?rest_route=%2Fwp%2Fv2%2Fmedia&parent=2550"}],"wp:term":[{"taxonomy":"category","embeddable":true,"href":"https:\/\/pressmedias.ma\/index.php?rest_route=%2Fwp%2Fv2%2Fcategories&post=2550"},{"taxonomy":"post_tag","embeddable":true,"href":"https:\/\/pressmedias.ma\/index.php?rest_route=%2Fwp%2Fv2%2Ftags&post=2550"}],"curies":[{"name":"wp","href":"https:\/\/api.w.org\/{rel}","templated":true}]}}