{"id":2563,"date":"2025-01-16T15:28:47","date_gmt":"2025-01-16T15:28:47","guid":{"rendered":"https:\/\/pressmedias.ma\/?p=2563"},"modified":"2025-04-17T16:29:06","modified_gmt":"2025-04-17T15:29:06","slug":"inauguration-de-la-maison-de-leconomie-solidaire-et-de-projets-socioeconomiques-a-azilal-et-sa-province","status":"publish","type":"post","link":"https:\/\/pressmedias.ma\/?p=2563","title":{"rendered":"Inauguration \u00a0de la \u00ab\u00a0Maison de l&rsquo;\u00c9conomie Solidaire\u00a0\u00bb \u00a0\u00a0et\u00a0 de projets socio\u00e9conomiques \u00e0 Azilal et sa province"},"content":{"rendered":"\n<p class=\"has-text-align-left\">En pr\u00e9sence du Gouverneur de la province d\u2019Azilal Hassan Benkhiyi et du pr\u00e9sident du Conseil r\u00e9gional Beni Mellal kh\u00e9nifra, la wali de la r\u00e9gion Beni Mellal kh\u00e9nifra et Gouverneur de la province de B\u00e9ni Mellal , Mohamed Benribak a proc\u00e9d\u00e9 ,Vendredi 10 janvier&nbsp; 2025, \u00e0 &nbsp;l&rsquo;inauguration de la \u00ab\u00a0Maison de l&rsquo;\u00c9conomie Solidaire\u00a0\u00bb, une infrastructure visant \u00e0 soutenir l&rsquo;\u00e9conomie sociale et solidaire, ainsi qu&rsquo;\u00e0 promouvoir une s\u00e9rie de produits locaux. Ce projet s&rsquo;inscrit dans &nbsp;le cadre des &nbsp;objectifs fondamentaux de l&rsquo;Initiative Nationale pour le D\u00e9veloppement Humain (INDH), visant \u00e0 am\u00e9liorer les revenus et l&rsquo;int\u00e9gration \u00e9conomique des jeunes. D\u2019autres projets ont \u00e9t\u00e9 inaugur\u00e9s \u00e0 la province d\u2019Azilal.<\/p>\n\n\n\n<p class=\"has-text-align-left\">Le \u00ab\u00a0March\u00e9 de la Maison de l&rsquo;\u00c9conomie Solidaire\u00a0\u00bb se pr\u00e9sente comme un nouvel espace mod\u00e8le de soutien \u00e0 l&rsquo;\u00e9conomie solidaire. Il est enti\u00e8rement d\u00e9di\u00e9 \u00e0 la vente des produits des coop\u00e9ratives de la province d&rsquo;Azilal, qui repr\u00e9sentent 80 % des exposants (48 coop\u00e9ratives), le reste \u00e9tant constitu\u00e9 de coop\u00e9ratives de la r\u00e9gion B\u00e9ni Mellal-Kh\u00e9nifra (20 coop\u00e9ratives). Cette maison, soutenue par l&rsquo;INDH, le Conseil de la r\u00e9gion B\u00e9ni Mellal-Kh\u00e9nifra et la commune d&rsquo;Azilal, vise \u00e0 promouvoir la commercialisation des produits du terroir, qui occupent une place importante dans l&rsquo;\u00e9conomie de la province d&rsquo;Azilal et de la r\u00e9gion. Elle constitue aussi un levier de d\u00e9veloppement de l&rsquo;\u00e9conomie sociale et solidaire. Ainsi, lors de cette inauguration, les produits les plus pris\u00e9s et reconnus \u00e0 l&rsquo;\u00e9chelle provinciale, r\u00e9gionale et nationale ont \u00e9t\u00e9 pr\u00e9sent\u00e9s, notamment le safran, l&rsquo;huile d&rsquo;olive, les noix, les amandes, les herbes m\u00e9dicinales, les djellabas traditionnelles, les armes artisanales, le textile local et le miel. Cette plateforme contribuera \u00e0 valoriser et \u00e0 commercialiser les produits du terroir et l&rsquo;artisanat, tout en aidant les coop\u00e9ratives \u00e0 surmonter les obstacles li\u00e9s \u00e0 la recherche d&rsquo;espaces d&rsquo;exposition adapt\u00e9s et \u00e0 l&rsquo;acc\u00e8s aux r\u00e9seaux de distribution nationaux et internationaux. Elle se veut un espace d&rsquo;exposition et de commercialisation continu et permanent tout au long de l&rsquo;ann\u00e9e pour une vari\u00e9t\u00e9 de produits du terroir, d&rsquo;herbes m\u00e9dicinales et aromatiques, d&rsquo;huiles et de miel, ainsi que de produits artisanaux, c\u00e9ramiques et v\u00e9g\u00e9taux, dans le but d&rsquo;assurer une int\u00e9gration durable de l&rsquo;\u00e9conomie solidaire dans la dynamique \u00e9conomique nationale. En parall\u00e8le des activit\u00e9s commerciales et de marketing, les coop\u00e9ratives impliqu\u00e9es dans ce projet b\u00e9n\u00e9ficient d&rsquo;un programme de renforcement des capacit\u00e9s et de modernisation, via des programmes de formation cibl\u00e9s r\u00e9pondant aux besoins des jeunes porteurs d&rsquo;id\u00e9es et de projets, en plus de leur incubation et de leur accompagnement.<\/p>\n\n\n\n<p class=\"has-text-align-left\">Rappelons que M. Hassan Benkhiyi, Gouverneur de la Province d\u2019Azilal, a effectu\u00e9 sa premi\u00e8re visite officielle \u00e0 la ville de Demnate, mercredi 8 janvier 2025. Cette visite qui \u00e9tait &nbsp;marqu\u00e9e par une s\u00e9rie d\u2019activit\u00e9s importantes, visait \u00e0 promouvoir le d\u00e9veloppement social et humain de la r\u00e9gion. M le gouverneur a proc\u00e9d\u00e9 \u00e0 la pose de de la premi\u00e8re pierre d\u2019un centre pour femmes en situation difficile dans le quartier de Tizght, dans le cadre des programmes de l\u2019Initiative Nationale pour le D\u00e9veloppement Humain, d\u00e9montrant un engagement continu envers les groupes vuln\u00e9rables et le renforcement du r\u00f4le des femmes dans la soci\u00e9t\u00e9. M. Benkhiyi a \u00e9galement visit\u00e9 le centre pour personnes en situation difficile dans le m\u00eame quartier,<\/p>\n\n\n\n<p class=\"has-text-align-left\">Poursuivant sa tourn\u00e9e, le Gouverneur a supervis\u00e9 le lancement de la maison de l\u2019\u00e9tudiant dans le quartier de Writzdiq, une \u00e9tape cruciale pour soutenir l\u2019\u00e9ducation et la formation des jeunes de la r\u00e9gion. La visite s\u2019est &nbsp;termin\u00e9e &nbsp;par le lancement de l\u2019agrandissement du centre pour personnes en situation de handicap dans le quartier d&rsquo;Aghir D\u00e9mnate. Lors de cette visite, M. Benkhiyi a \u00e9galement examin\u00e9 l\u2019\u00e9tat d\u2019avancement de plusieurs projets comme la piscine municipale. Il a donn\u00e9 des instructions strictes pour r\u00e9soudre rapidement les probl\u00e8mes et achever ces projets au plus vite pour le bien public. Les activit\u00e9s du Gouverneur ont \u00e9galement &nbsp;port\u00e9 sur des visites \u00e0 la commune d\u2019A\u00eft Tamellil, o\u00f9 il a inaugur\u00e9 le nouveau si\u00e8ge de la commune territoriale, et \u00e0 la commune d\u2019Imelil, o\u00f9 il a inspect\u00e9 la plateforme pour les jeunes, \u00e9valuant son r\u00f4le dans l\u2019accompagnement des jeunes dans la recherche d\u2019emploi et le suivi des porteurs de projets. Et dans le cadre de la promotion du d\u00e9veloppement local, M. Hassan Benkhiyi a effectu\u00e9 une visite officielle \u00e0 A\u00eft Tamellil, mercredi 8 janvier, 2025 o\u00f9 il a proc\u00e9d\u00e9 \u00e0 l\u2019inauguration du nouveau si\u00e8ge de la direction, construit pour un co\u00fbt de 2 248 080 dirhams. Ce projet vise \u00e0 am\u00e9liorer l\u2019accueil des citoyens et \u00e0 offrir des services administratifs de meilleure qualit\u00e9, renfor\u00e7ant ainsi l\u2019efficacit\u00e9 du travail administratif dans la r\u00e9gion. La visite de M le gouverneur a port\u00e9 sur d\u2019autres projets socio\u00e9conomiques qui s\u2019assignent pour objectif de participer au d\u00e9veloppement de la province d\u2019Azilal.<\/p>\n\n\n\n<p class=\"has-text-align-left\"><strong>SAID FRIX alm<\/strong><\/p>\n","protected":false},"excerpt":{"rendered":"<p>En pr\u00e9sence du Gouverneur de la province d\u2019Azilal Hassan Benkhiyi et du pr\u00e9sident du Conseil r\u00e9gional Beni Mellal kh\u00e9nifra, la wali de la r\u00e9gion Beni Mellal kh\u00e9nifra et Gouverneur de la province de B\u00e9ni Mellal , Mohamed Benribak a proc\u00e9d\u00e9 ,Vendredi 10 janvier&nbsp; 2025, \u00e0 &nbsp;l&rsquo;inauguration de la \u00ab\u00a0Maison de l&rsquo;\u00c9conomie Solidaire\u00a0\u00bb, une infrastructure visant [&hellip;]<\/p>\n","protected":false},"author":4,"featured_media":2564,"comment_status":"open","ping_status":"open","sticky":false,"template":"","format":"standard","meta":{"footnotes":""},"categories":[24,15],"tags":[],"class_list":["post-2563","post","type-post","status-publish","format-standard","has-post-thumbnail","hentry","category-francais","category-15"],"_links":{"self":[{"href":"https:\/\/pressmedias.ma\/index.php?rest_route=\/wp\/v2\/posts\/2563","targetHints":{"allow":["GET"]}}],"collection":[{"href":"https:\/\/pressmedias.ma\/index.php?rest_route=\/wp\/v2\/posts"}],"about":[{"href":"https:\/\/pressmedias.ma\/index.php?rest_route=\/wp\/v2\/types\/post"}],"author":[{"embeddable":true,"href":"https:\/\/pressmedias.ma\/index.php?rest_route=\/wp\/v2\/users\/4"}],"replies":[{"embeddable":true,"href":"https:\/\/pressmedias.ma\/index.php?rest_route=%2Fwp%2Fv2%2Fcomments&post=2563"}],"version-history":[{"count":1,"href":"https:\/\/pressmedias.ma\/index.php?rest_route=\/wp\/v2\/posts\/2563\/revisions"}],"predecessor-version":[{"id":2565,"href":"https:\/\/pressmedias.ma\/index.php?rest_route=\/wp\/v2\/posts\/2563\/revisions\/2565"}],"wp:featuredmedia":[{"embeddable":true,"href":"https:\/\/pressmedias.ma\/index.php?rest_route=\/wp\/v2\/media\/2564"}],"wp:attachment":[{"href":"https:\/\/pressmedias.ma\/index.php?rest_route=%2Fwp%2Fv2%2Fmedia&parent=2563"}],"wp:term":[{"taxonomy":"category","embeddable":true,"href":"https:\/\/pressmedias.ma\/index.php?rest_route=%2Fwp%2Fv2%2Fcategories&post=2563"},{"taxonomy":"post_tag","embeddable":true,"href":"https:\/\/pressmedias.ma\/index.php?rest_route=%2Fwp%2Fv2%2Ftags&post=2563"}],"curies":[{"name":"wp","href":"https:\/\/api.w.org\/{rel}","templated":true}]}}