{"id":2574,"date":"2025-01-16T15:27:24","date_gmt":"2025-01-16T15:27:24","guid":{"rendered":"https:\/\/pressmedias.ma\/?p=2574"},"modified":"2025-04-17T16:29:05","modified_gmt":"2025-04-17T15:29:05","slug":"le-15eme-salon-regional-du-livre-un-moyen-de-stimuler-la-passion-de-la-lecture","status":"publish","type":"post","link":"https:\/\/pressmedias.ma\/?p=2574","title":{"rendered":"Le 15\u00e8me Salon r\u00e9gional du livre, un moyen de stimuler la passion de la lecture"},"content":{"rendered":"\n<p class=\"has-text-align-left\"><strong>En partenariat avec &nbsp;le conseil municipal et la pr\u00e9fecture de la province de la ville de Fkih Ben Salah et d\u2019autres partenaires, la Direction r\u00e9gionale de la culture R\u00e9gion de Beni Mellal kh\u00e9nifra a organis\u00e9&nbsp; du 16 au 22 d\u00e9cembre 2024, \u00e0 la ville de Fkih Ben Salah, le 15<sup>\u00e8me<\/sup>&nbsp; salon r\u00e9gional &nbsp;&nbsp;&nbsp;du livre sous le th\u00e8me&nbsp; \u00ab&nbsp; Culture et d\u00e9veloppement&nbsp;;&nbsp; d\u00e9fis et perspectives&nbsp;\u00bb.<\/strong><\/p>\n\n\n\n<p class=\"has-text-align-left\">Intervenant \u00e0 l\u2019occasion de l\u2019ouverture de cette rencontre litt\u00e9raire , Le Directeur r\u00e9gional de la culture a mis l\u2019accent sur l\u2019utilit\u00e9 de la lecture et le r\u00f4le qu\u2019elle joue dans la construction de la personnalit\u00e9&nbsp; des lecteurs et l\u2019affermissement des valeurs de la connaissance tout en participant \u00e0 notre ouverture sur l\u2019environnement ext\u00e9rieur et l\u2019enrichissement de nos horizons culturels \u00ab&nbsp;Le livre est un moyen qui aide la personne \u00e0 perfectionner ses comp\u00e9tences , \u00e0 aiguiser&nbsp; sa capacit\u00e9 critique et d\u2019innovation pour qu\u2019elle soit capable d\u2019assumer sa responsabilit\u00e9&nbsp; au sein de la soci\u00e9t\u00e9. Ainsi , le Minist\u00e8re de tutelle d\u00e9ploie des efforts consid\u00e9rables afin que le livre joue un r\u00f4le primordial dans la construction d\u2019une soci\u00e9t\u00e9 homog\u00e8ne o\u00f9 la lecture deviendra une partie int\u00e9grante de la vie du public. Ces derni\u00e8res ann\u00e9es ont connu la concr\u00e9tisation d\u2019un grand nombre d\u2019initiatives&nbsp; ayant pour vis\u00e9e de&nbsp; redorer le blason de la lecture comme l\u2019organisation du salon international du livre initi\u00e9e par le Minist\u00e8re de la culture \u2026Le salon du livre, organis\u00e9 \u00e0 Fkih Ben Salah, participe certes \u00e0 la consolidation de&nbsp; la passion&nbsp; &nbsp;de la lecture&nbsp; qui est devenue, de nos jours , une locomotive du d\u00e9veloppement des soci\u00e9t\u00e9s modernes&nbsp;\u00bb a-t-il ajout\u00e9&nbsp;.<\/p>\n\n\n\n<p class=\"has-text-align-left\">De son c\u00f4t\u00e9, le pr\u00e9sident de la commune de Fkih Ben Salah a rendu un vibrant hommage \u00e0 tous les participants et aux organisateurs de ce 15<sup>\u00e8me<\/sup> salon r\u00e9gional du livre \u00ab&nbsp;qui est organis\u00e9e dans une ville connue par sa richesse culturelle et ses \u00e9crivains talentueux ajoutant que l\u2019organisation de ce genre de manifestation culturelle insufflera une nouvelle dynamique \u00e0 la promotion de la culture livresque&nbsp; au pr\u00e8s du public.&nbsp;\u00bb a-t-il poursuivi.<\/p>\n\n\n\n<p class=\"has-text-align-left\">\u00ab&nbsp;L\u2019organisation de ce salon, a soulign\u00e9 un exposant, est une valeur ajout\u00e9e pour la ville de Fkih Ben Salah et les passionn\u00e9s de la lecture. Depuis le premier jour de l\u2019ouverture de ce salon, l\u2019on remarque qu\u2019un grand nombre surtout d\u2019\u00e9l\u00e8ves et d\u2019\u00e9tudiants visite les diff\u00e9rents stands o\u00f9 sont expos\u00e9s&nbsp; divers livres. L\u2019organisation de ce salon est vraiment une cons\u00e9cration&nbsp;\u00bb<\/p>\n\n\n\n<p class=\"has-text-align-left\">Ainsi, le coup d\u2019envoi du salon pr\u00e9cit\u00e9 a \u00e9t\u00e9 donn\u00e9 en pr\u00e9sence du Gouverneur de la province de Fkih Ben Salah, Mohamed Karnachi , du pr\u00e9sident du Conseil communal de Fkih Ben Salh , Rahal El Mekkaoui , du Directeur r\u00e9gional de la culture Lahcen Chorfi&nbsp; et d\u2019autres personnalit\u00e9s civiles et militaires. Organis\u00e9e au Complexe culturel de la ville de Fkih Ben Salah avec le soutien de la Direction du livre, des biblioth\u00e8ques et des archives, cette manifestation culturelle&nbsp; entre dans le cadre&nbsp; de la r\u00e9alisation de la strat\u00e9gie du Minist\u00e8re de tutelle qui s\u2019assigne pour objectif&nbsp;&nbsp; d\u2019affermir la culture de la lecture et&nbsp; d\u2019inciter les enfants et le public \u00e0 la lecture et &nbsp;\u00e0 aimer le livre.<\/p>\n\n\n\n<p class=\"has-text-align-left\">Le programme de cette rencontre culturelle a port\u00e9 sur l\u2019organisation d\u2019un grand nombre d\u2019ateliers culturels&nbsp; et artistiques, des pi\u00e8ces de th\u00e9\u00e2tre, des soir\u00e9es artistiques, des activit\u00e9s de divertissement pour les enfants et le public, des s\u00e9ances de d\u00e9dicace et&nbsp; des lectures po\u00e9tiques, l\u2019organisation d\u2019un grand nombre de rencontres et de conf\u00e9rences culturelles, la signature de livres en plus de visites organis\u00e9es dans des stands de livres qui ont connu une grande affluence.<\/p>\n\n\n\n<p class=\"has-text-align-left\"><strong>SAID FRIX alm<\/strong><\/p>\n","protected":false},"excerpt":{"rendered":"<p>En partenariat avec &nbsp;le conseil municipal et la pr\u00e9fecture de la province de la ville de Fkih Ben Salah et d\u2019autres partenaires, la Direction r\u00e9gionale de la culture R\u00e9gion de Beni Mellal kh\u00e9nifra a organis\u00e9&nbsp; du 16 au 22 d\u00e9cembre 2024, \u00e0 la ville de Fkih Ben Salah, le 15\u00e8me&nbsp; salon r\u00e9gional &nbsp;&nbsp;&nbsp;du livre sous [&hellip;]<\/p>\n","protected":false},"author":4,"featured_media":2572,"comment_status":"open","ping_status":"open","sticky":false,"template":"","format":"standard","meta":{"footnotes":""},"categories":[24,17],"tags":[],"class_list":["post-2574","post","type-post","status-publish","format-standard","has-post-thumbnail","hentry","category-francais","category-17"],"_links":{"self":[{"href":"https:\/\/pressmedias.ma\/index.php?rest_route=\/wp\/v2\/posts\/2574","targetHints":{"allow":["GET"]}}],"collection":[{"href":"https:\/\/pressmedias.ma\/index.php?rest_route=\/wp\/v2\/posts"}],"about":[{"href":"https:\/\/pressmedias.ma\/index.php?rest_route=\/wp\/v2\/types\/post"}],"author":[{"embeddable":true,"href":"https:\/\/pressmedias.ma\/index.php?rest_route=\/wp\/v2\/users\/4"}],"replies":[{"embeddable":true,"href":"https:\/\/pressmedias.ma\/index.php?rest_route=%2Fwp%2Fv2%2Fcomments&post=2574"}],"version-history":[{"count":2,"href":"https:\/\/pressmedias.ma\/index.php?rest_route=\/wp\/v2\/posts\/2574\/revisions"}],"predecessor-version":[{"id":2808,"href":"https:\/\/pressmedias.ma\/index.php?rest_route=\/wp\/v2\/posts\/2574\/revisions\/2808"}],"wp:featuredmedia":[{"embeddable":true,"href":"https:\/\/pressmedias.ma\/index.php?rest_route=\/wp\/v2\/media\/2572"}],"wp:attachment":[{"href":"https:\/\/pressmedias.ma\/index.php?rest_route=%2Fwp%2Fv2%2Fmedia&parent=2574"}],"wp:term":[{"taxonomy":"category","embeddable":true,"href":"https:\/\/pressmedias.ma\/index.php?rest_route=%2Fwp%2Fv2%2Fcategories&post=2574"},{"taxonomy":"post_tag","embeddable":true,"href":"https:\/\/pressmedias.ma\/index.php?rest_route=%2Fwp%2Fv2%2Ftags&post=2574"}],"curies":[{"name":"wp","href":"https:\/\/api.w.org\/{rel}","templated":true}]}}