{"id":2582,"date":"2025-01-30T12:23:15","date_gmt":"2025-01-30T12:23:15","guid":{"rendered":"https:\/\/pressmedias.ma\/?p=2582"},"modified":"2025-04-17T16:29:06","modified_gmt":"2025-04-17T15:29:06","slug":"initiatives-pour-dynamiser-le-pole-des-industries-agroalimentaires-de-beni-mellal-et-renforcer-son-attractivite","status":"publish","type":"post","link":"https:\/\/pressmedias.ma\/?p=2582","title":{"rendered":"Initiatives pour Dynamiser le P\u00f4le des Industries Agroalimentaires de B\u00e9ni Mellal et renforcer son Attractivit\u00e9"},"content":{"rendered":"\n<p class=\"has-text-align-left\"><strong>Dans le cadre des efforts d\u00e9ploy\u00e9s pour attirer des projets structurants, stimuler les investissements et cr\u00e9er des opportunit\u00e9s d&#8217;emploi dans la r\u00e9gion, le Wali de la r\u00e9gion B\u00e9ni Mellal-Kh\u00e9nifra, M. Mohamed Benribak, a effectu\u00e9, mardi 7 janvier 2025, une visite de terrain au p\u00f4le des industries agroalimentaires de B\u00e9ni Mellal. Le Wali \u00e9tait accompagn\u00e9 du pr\u00e9sident du Conseil r\u00e9gional, des pr\u00e9sidents du conseil provincial et des communes de B\u00e9ni Mellal et Ouled M\u2019barek, du directeur r\u00e9gional de l\u2019agriculture et de plusieurs responsables des services ext\u00e9rieurs. Aux c\u00f4t\u00e9s d&rsquo;autres infrastructures existantes et programm\u00e9es, ce p\u00f4le,&nbsp; constitue un \u00e9cosyst\u00e8me int\u00e9gr\u00e9 visant \u00e0 promouvoir le secteur industriel et \u00e0 cr\u00e9er des emplois<\/strong>.<\/p>\n\n\n\n<p class=\"has-text-align-left\">Lors de cette visite, le Wali et la d\u00e9l\u00e9gation qui l&rsquo;accompagne ont pris connaissance du projet de zone logistique qui sera r\u00e9alis\u00e9 dans le cadre d&rsquo;une convention-cadre pour le plan directeur des zones logistiques de la r\u00e9gion B\u00e9ni Mellal-Kh\u00e9nifra. Ce projet repr\u00e9sente un investissement de 50 millions de dirhams, en partenariat avec l&rsquo;Agence Marocaine de D\u00e9veloppement de la Logistique et le Conseil r\u00e9gional de B\u00e9ni Mellal-Kh\u00e9nifra. Il devrait g\u00e9n\u00e9rer plus de 200 emplois directs, avec un d\u00e9marrage des travaux pr\u00e9vu pour cette ann\u00e9e.<\/p>\n\n\n\n<p class=\"has-text-align-left\">Cette visite a \u00e9galement \u00e9t\u00e9 l&rsquo;occasion de d\u00e9couvrir le p\u00f4le qualit\u00e9 au sein du complexe agroalimentaire, ainsi que la Cit\u00e9 des M\u00e9tiers et des Comp\u00e9tences, qui fournira une main-d&rsquo;\u0153uvre qualifi\u00e9e dans plusieurs sp\u00e9cialit\u00e9s adapt\u00e9es aux besoins actuels et futurs de la r\u00e9gion. En outre, certaines unit\u00e9s industrielles du p\u00f4le agroalimentaire ont \u00e9t\u00e9 visit\u00e9es. Ces unit\u00e9s, &nbsp;qui sont exemplaires par leur r\u00e9ussite et leur p\u00e9rennit\u00e9, illustrent les efforts continus de ces entreprises pour leur d\u00e9veloppement et leur contribution \u00e0 la dynamique \u00e9conomique r\u00e9gionale.<\/p>\n\n\n\n<p class=\"has-text-align-left\">L&rsquo;int\u00e9r\u00eat port\u00e9 au p\u00f4le des industries agroalimentaires s&rsquo;inscrit dans une nouvelle vision ax\u00e9e sur des priorit\u00e9s essentielles telles que la modernisation et la diversification de l&rsquo;activit\u00e9 industrielle \u00e0 B\u00e9ni Mellal. Cela inclut l&rsquo;encouragement et l&rsquo;attraction de nouveaux investissements dans les domaines des biotechnologies, des \u00e9nergies renouvelables et du recyclage des produits agricoles, comme la production de bioplastiques \u00e0 partir de d\u00e9chets d&rsquo;olives.<\/p>\n\n\n\n<p class=\"has-text-align-left\">Par ailleurs, l&rsquo;am\u00e9lioration des infrastructures est cruciale pour le succ\u00e8s du projet. Cela passe par la cr\u00e9ation d&rsquo;une plateforme logistique moderne \u00e9quip\u00e9e d&rsquo;entrep\u00f4ts frigorifiques pour l&rsquo;exportation des produits agricoles, l&rsquo;acc\u00e9l\u00e9ration du projet de liaison ferroviaire pour faciliter le transport des marchandises, et l&rsquo;am\u00e9lioration des r\u00e9seaux d&rsquo;eau et d&rsquo;\u00e9nergie pour r\u00e9pondre aux besoins industriels.<\/p>\n\n\n\n<p class=\"has-text-align-left\">Le p\u00f4le des industries agroalimentaires de B\u00e9ni Mellal, \u00ab\u00a0Agropole\u00a0\u00bb qui &nbsp;s&rsquo;\u00e9tend sur 208 hectares a \u00e9t\u00e9 r\u00e9alis\u00e9 dans le cadre d&rsquo;un partenariat public-priv\u00e9. Destin\u00e9 \u00e0 valoriser les produits agricoles de la r\u00e9gion, ce complexe industriel de nouvelle g\u00e9n\u00e9ration devrait attirer des investissements significatifs et cr\u00e9er environ 9 000 emplois directs et 20 000 emplois indirects.<\/p>\n\n\n\n<p class=\"has-text-align-left\">Said frix ALM<\/p>\n","protected":false},"excerpt":{"rendered":"<p>Dans le cadre des efforts d\u00e9ploy\u00e9s pour attirer des projets structurants, stimuler les investissements et cr\u00e9er des opportunit\u00e9s d&#8217;emploi dans la r\u00e9gion, le Wali de la r\u00e9gion B\u00e9ni Mellal-Kh\u00e9nifra, M. Mohamed Benribak, a effectu\u00e9, mardi 7 janvier 2025, une visite de terrain au p\u00f4le des industries agroalimentaires de B\u00e9ni Mellal. Le Wali \u00e9tait accompagn\u00e9 du [&hellip;]<\/p>\n","protected":false},"author":4,"featured_media":2520,"comment_status":"open","ping_status":"open","sticky":false,"template":"","format":"standard","meta":{"footnotes":""},"categories":[24,12],"tags":[],"class_list":["post-2582","post","type-post","status-publish","format-standard","has-post-thumbnail","hentry","category-francais","category-economies"],"_links":{"self":[{"href":"https:\/\/pressmedias.ma\/index.php?rest_route=\/wp\/v2\/posts\/2582","targetHints":{"allow":["GET"]}}],"collection":[{"href":"https:\/\/pressmedias.ma\/index.php?rest_route=\/wp\/v2\/posts"}],"about":[{"href":"https:\/\/pressmedias.ma\/index.php?rest_route=\/wp\/v2\/types\/post"}],"author":[{"embeddable":true,"href":"https:\/\/pressmedias.ma\/index.php?rest_route=\/wp\/v2\/users\/4"}],"replies":[{"embeddable":true,"href":"https:\/\/pressmedias.ma\/index.php?rest_route=%2Fwp%2Fv2%2Fcomments&post=2582"}],"version-history":[{"count":1,"href":"https:\/\/pressmedias.ma\/index.php?rest_route=\/wp\/v2\/posts\/2582\/revisions"}],"predecessor-version":[{"id":2583,"href":"https:\/\/pressmedias.ma\/index.php?rest_route=\/wp\/v2\/posts\/2582\/revisions\/2583"}],"wp:featuredmedia":[{"embeddable":true,"href":"https:\/\/pressmedias.ma\/index.php?rest_route=\/wp\/v2\/media\/2520"}],"wp:attachment":[{"href":"https:\/\/pressmedias.ma\/index.php?rest_route=%2Fwp%2Fv2%2Fmedia&parent=2582"}],"wp:term":[{"taxonomy":"category","embeddable":true,"href":"https:\/\/pressmedias.ma\/index.php?rest_route=%2Fwp%2Fv2%2Fcategories&post=2582"},{"taxonomy":"post_tag","embeddable":true,"href":"https:\/\/pressmedias.ma\/index.php?rest_route=%2Fwp%2Fv2%2Ftags&post=2582"}],"curies":[{"name":"wp","href":"https:\/\/api.w.org\/{rel}","templated":true}]}}