{"id":2585,"date":"2025-01-30T12:22:50","date_gmt":"2025-01-30T12:22:50","guid":{"rendered":"https:\/\/pressmedias.ma\/?p=2585"},"modified":"2025-04-17T16:29:03","modified_gmt":"2025-04-17T15:29:03","slug":"tenue-de-la-session-ordinaire-du-mois-de-janvier-2025-du-conseil-provincial-2","status":"publish","type":"post","link":"https:\/\/pressmedias.ma\/?p=2585","title":{"rendered":"Tenue de la session ordinaire du mois de janvier 2025 du Conseil provincial."},"content":{"rendered":"\n<p class=\"has-text-align-left\"><strong>Tous&nbsp; les points&nbsp; qui ont \u00e9t\u00e9 \u00e0 l\u2019ordre du jour de la session ordinaire du mois de janvier 2025 du Conseil provincial de Beni Mellal ont \u00e9t\u00e9 approuv\u00e9s en pr\u00e9sence du pr\u00e9sident du Conseil provincial, du Wali de la r\u00e9gion Beni Mellal kh\u00e9nifra, des membres du conseil pr\u00e9cit\u00e9\u2026<\/strong><\/p>\n\n\n\n<p class=\"has-text-align-left\">Mohamed Ouhnine, Pr\u00e9sident du Conseil &nbsp;provincial de B\u00e9ni Mellal, a pr\u00e9sid\u00e9, aux c\u00f4t\u00e9s de M Mohamed Benribag, Wali de la r\u00e9gion de B\u00e9ni Mellal-Kh\u00e9nifra et Gouverneur de la province de B\u00e9ni Mellal, la session ordinaire du mois de janvier 2025, qui s&rsquo;est tenue, lundi 13 janvier 2025. L&rsquo;ordre du jour de cette session \u00e9tait consacr\u00e9 \u00e0 l&rsquo;examen et \u00e0 la discussion des points suivants : pr\u00e9sentation sur les ressources en eau \u00e0 la province de Beni Mellal , \u00e9tude et discussion du projet&nbsp; de convention de partenariat&nbsp; pour l\u2019octroi d\u2019un soutien financier aux clubs sportifs de la province de Beni Mellal , \u00e9tude et discussion du projet de convention&nbsp; de partenariat pour l\u2019octroi d\u2019un soutien financier aux \u00e9tablissements&nbsp; de bien \u2013\u00eatre social&nbsp; de la province de Beni Mellal, \u00e9tude et discussion du projet de convention&nbsp; de partenariat&nbsp; entre le Conseil de la province de Beni Mellal&nbsp; et l\u2019Association des \u0153uvres sociales&nbsp; des employ\u00e9s de l\u2019administration du Conseil provincial de Beni Mellal.<\/p>\n\n\n\n<p class=\"has-text-align-left\">Les travaux de cette session ont d\u00e9but\u00e9 par une allocution de M le Pr\u00e9sident du Conseil &nbsp;provincial, suivie d&rsquo;un discours de M le Wali, qui a f\u00e9licit\u00e9 les membres du Conseil \u00e0 l&rsquo;occasion de la nouvelle ann\u00e9e 2025 ainsi que de l&rsquo;ann\u00e9e amazighe, &nbsp;tout en soulignant que, lors de ses visites d&rsquo;inspection dans la province de B\u00e9ni Mellal, il a pu recueillir plusieurs donn\u00e9es permettant de pr\u00e9parer une nouvelle vision pour le d\u00e9veloppement global de la province. Cependant, il a mentionn\u00e9 que certaines difficult\u00e9s persistent, notamment le ph\u00e9nom\u00e8ne d&rsquo;exode rural vers les centres urbains de la province et a \u00e9galement signal\u00e9 que le secteur agricole de la r\u00e9gion a connu un recul significatif en raison du stress hydrique, entra\u00eenant la perte d&rsquo;environ 60 000 emplois.<\/p>\n\n\n\n<p class=\"has-text-align-left\">\u00ab&nbsp; Mais gr\u00e2ce aux efforts conjoints de tous et \u00e0 un travail continu en \u00e9quipe, il est certain que ces difficult\u00e9s seront surmont\u00e9es, les d\u00e9fis relev\u00e9s, et les objectifs atteints, \u00e0 savoir &nbsp;le renforcement de &nbsp;l&rsquo;attractivit\u00e9 des investissements dans cette province.&nbsp;\u00bba \u2013t-il assur\u00e9. Enfin, les membres pr\u00e9sents ont approuv\u00e9 \u00e0 l&rsquo;unanimit\u00e9 les points inscrits \u00e0 l&rsquo;ordre du jour de cette session.<\/p>\n\n\n\n<p class=\"has-text-align-left\"><strong>SAID FRIX ALM<\/strong><\/p>\n","protected":false},"excerpt":{"rendered":"<p>Tous&nbsp; les points&nbsp; qui ont \u00e9t\u00e9 \u00e0 l\u2019ordre du jour de la session ordinaire du mois de janvier 2025 du Conseil provincial de Beni Mellal ont \u00e9t\u00e9 approuv\u00e9s en pr\u00e9sence du pr\u00e9sident du Conseil provincial, du Wali de la r\u00e9gion Beni Mellal kh\u00e9nifra, des membres du conseil pr\u00e9cit\u00e9\u2026 Mohamed Ouhnine, Pr\u00e9sident du Conseil &nbsp;provincial de [&hellip;]<\/p>\n","protected":false},"author":4,"featured_media":2586,"comment_status":"open","ping_status":"open","sticky":false,"template":"","format":"standard","meta":{"footnotes":""},"categories":[24,12],"tags":[],"class_list":["post-2585","post","type-post","status-publish","format-standard","has-post-thumbnail","hentry","category-francais","category-economies"],"_links":{"self":[{"href":"https:\/\/pressmedias.ma\/index.php?rest_route=\/wp\/v2\/posts\/2585","targetHints":{"allow":["GET"]}}],"collection":[{"href":"https:\/\/pressmedias.ma\/index.php?rest_route=\/wp\/v2\/posts"}],"about":[{"href":"https:\/\/pressmedias.ma\/index.php?rest_route=\/wp\/v2\/types\/post"}],"author":[{"embeddable":true,"href":"https:\/\/pressmedias.ma\/index.php?rest_route=\/wp\/v2\/users\/4"}],"replies":[{"embeddable":true,"href":"https:\/\/pressmedias.ma\/index.php?rest_route=%2Fwp%2Fv2%2Fcomments&post=2585"}],"version-history":[{"count":1,"href":"https:\/\/pressmedias.ma\/index.php?rest_route=\/wp\/v2\/posts\/2585\/revisions"}],"predecessor-version":[{"id":2587,"href":"https:\/\/pressmedias.ma\/index.php?rest_route=\/wp\/v2\/posts\/2585\/revisions\/2587"}],"wp:featuredmedia":[{"embeddable":true,"href":"https:\/\/pressmedias.ma\/index.php?rest_route=\/wp\/v2\/media\/2586"}],"wp:attachment":[{"href":"https:\/\/pressmedias.ma\/index.php?rest_route=%2Fwp%2Fv2%2Fmedia&parent=2585"}],"wp:term":[{"taxonomy":"category","embeddable":true,"href":"https:\/\/pressmedias.ma\/index.php?rest_route=%2Fwp%2Fv2%2Fcategories&post=2585"},{"taxonomy":"post_tag","embeddable":true,"href":"https:\/\/pressmedias.ma\/index.php?rest_route=%2Fwp%2Fv2%2Ftags&post=2585"}],"curies":[{"name":"wp","href":"https:\/\/api.w.org\/{rel}","templated":true}]}}