{"id":2600,"date":"2025-01-30T12:21:16","date_gmt":"2025-01-30T12:21:16","guid":{"rendered":"https:\/\/pressmedias.ma\/?p=2600"},"modified":"2025-04-17T16:29:05","modified_gmt":"2025-04-17T15:29:05","slug":"le-conseil-provincial-dazilal-approuve-a-lunanimite-tous-les-points-inscrits-a-lordre-du-jour-de-la-session-ordinaire","status":"publish","type":"post","link":"https:\/\/pressmedias.ma\/?p=2600","title":{"rendered":"Le Conseil Provincial d&rsquo;Azilal \u00a0approuve \u00a0\u00e0 l&rsquo;unanimit\u00e9 tous les points inscrits \u00e0 l&rsquo;ordre du jour de la session ordinaire"},"content":{"rendered":"\n<p class=\"has-text-align-left\">En pr\u00e9sence du Gouverneur de la province d\u2019Azilal , Hassan Benkhiyi , des membres du conseil provincial&nbsp; et d\u2019autres partenaires , le pr\u00e9sident du conseil provincial d\u2019Azilal Salah Dyane a pr\u00e9sid\u00e9 les travaux de la session ordinaire du conseil pour le mois de janvier .Le Conseil Provincial d&rsquo;Azilal a approuv\u00e9 \u00e0 l&rsquo;unanimit\u00e9 l&rsquo;ensemble des points inscrits \u00e0 l&rsquo;ordre du jour de sa session ordinaire tenue , lundi 13 janvier 2025, dans la grande salle de r\u00e9union au si\u00e8ge de la pr\u00e9fecture de la province L&rsquo;ordre du jour de la session comprenait cinq points , \u00e0 savoir , &nbsp;une &nbsp;pr\u00e9sentation sur les missions de l\u2019Association Atlas de la sant\u00e9 et son programme annuel, \u00e9tude et approbation de la mise \u00e0 jour du programme du d\u00e9veloppement de la province d\u2019Azilal 2022\/2027 , \u00e9tude et approbation du renouvellement&nbsp; du contrat avec l\u2019avocat repr\u00e9sentant le conseil provincial ,\u00e9tude et approbation de la programmation&nbsp; de l\u2019exc\u00e9dent budg\u00e9taire&nbsp; pour l\u2019exercice financier 2024, pr\u00e9sentation sur l\u2019\u00e9tat des routes et des pistes dans la province d\u2019Azilal.<\/p>\n\n\n\n<p class=\"has-text-align-left\">La session a d\u00e9but\u00e9 par une allocution du pr\u00e9sident du Conseil Provincial, qui a souhait\u00e9 la bienvenue aux participants, les f\u00e9licitant \u00e0 l&rsquo;occasion de l&rsquo;av\u00e8nement de la nouvelle ann\u00e9e amazighe 2975. Il a ensuite pass\u00e9 en revue les activit\u00e9s du conseil durant la p\u00e9riode entre les deux sessions. Le directeur provincial du Minist\u00e8re de l&rsquo;\u00c9quipement et de l&rsquo;Eau a pr\u00e9sent\u00e9 un expos\u00e9 d\u00e9taill\u00e9 sur le r\u00e9seau routier de la province, articul\u00e9 autour de sept axes, \u00e0 savoir , l\u2019\u00e9tat actuel du r\u00e9seau routier class\u00e9 , la convention de partenariat pour la&nbsp;&nbsp;&nbsp;&nbsp;&nbsp;&nbsp;&nbsp;&nbsp;&nbsp;&nbsp;&nbsp; r\u00e9habilitation&nbsp; des axes strat\u00e9giques du r\u00e9seau routier, le programme de r\u00e9duction des disparit\u00e9s&nbsp; territoriales et sociales,&nbsp; la convention de partenariat pour la r\u00e9habilitation&nbsp; de la route r\u00e9gionale&nbsp; 302 ,le programme d\u2019entretien et de s\u00e9curit\u00e9 routi\u00e8re , le deuxi\u00e8me programme&nbsp; national des routes rurales, et les projets d\u2019infrastructures et d\u2019art<\/p>\n\n\n\n<p class=\"has-text-align-left\">Lors de la pr\u00e9sentation de l&rsquo;Association Atlas de la Sant\u00e9, le pr\u00e9sident de l&rsquo;association a expos\u00e9 les trois conventions conclues avec ses partenaires (l&rsquo;Initiative Nationale pour le D\u00e9veloppement Humain, le Conseil Provincial d&rsquo;Azilal, le groupement des communes de l&rsquo;Atlas Grand et Moyen, et la direction provinciale du Minist\u00e8re de la Sant\u00e9). Il a pr\u00e9cis\u00e9 que la premi\u00e8re convention vise \u00e0 soutenir l&rsquo;organisation de campagnes et caravanes m\u00e9dicales dans la province, tandis que les deuxi\u00e8me et troisi\u00e8me conventions concernent le soutien au secteur de la sant\u00e9 et la r\u00e9duction du d\u00e9ficit m\u00e9dical dans la province.<\/p>\n\n\n\n<p class=\"has-text-align-left\">Le pr\u00e9sident a ensuite &nbsp;indiqu\u00e9 que l&rsquo;association a &nbsp;embauch\u00e9 &nbsp;plus de 31 m\u00e9decins et 37 infirmi\u00e8res r\u00e9partis dans divers centres de sant\u00e9 de la province, y compris l&rsquo;h\u00f4pital provincial et l&rsquo;h\u00f4pital de proximit\u00e9. Il a soulign\u00e9 que l&rsquo;association a \u00e9labor\u00e9 un programme ambitieux pour recruter davantage de personnel m\u00e9dical et param\u00e9dical afin de combler le d\u00e9ficit existant dans les centres de sant\u00e9 de la province, en coordination avec le gouverneur de la province et ses assistants, le pr\u00e9sident du Conseil Provincial, le pr\u00e9sident du groupement des communes de l&rsquo;Atlas Grand et Moyen, les pr\u00e9sidents des communes territoriales, et le directeur provincial de la sant\u00e9, en fonction des ressources financi\u00e8res disponibles.<\/p>\n\n\n\n<p class=\"has-text-align-left\">En conclusion, le pr\u00e9sident de l&rsquo;association a salu\u00e9 la coop\u00e9ration et l&rsquo;orientation constantes du gouverneur de la province et de ses assistants, du pr\u00e9sident du Conseil Provincial d&rsquo;Azilal, du pr\u00e9sident du groupement des communes de l&rsquo;Atlas Grand et Moyen, et des pr\u00e9sidents des communes territoriales, mettant en avant leur soutien et leur appui continu \u00e0 l&rsquo;action de l&rsquo;association en affirmant &nbsp;que l&rsquo;association poursuivra ses efforts pour \u00e9tablir une feuille de route future en coordination avec tous les partenaires afin de r\u00e9aliser les objectifs escompt\u00e9s. Apr\u00e8s des discussions approfondies et les interventions de plusieurs membres, le conseil a approuv\u00e9 \u00e0 l&rsquo;unanimit\u00e9 les autres points inscrits \u00e0 l&rsquo;ordre du jour.<\/p>\n\n\n\n<p class=\"has-text-align-left\">&nbsp;Ont particip\u00e9 aux travaux de cette session ordinaire , M&nbsp; le directeur provincial du Minist\u00e8re de l&rsquo;\u00c9quipement et de l&rsquo;Eau, du pr\u00e9sident de l&rsquo;Association Atlas de la Sant\u00e9, du chef de la division de la programmation et des \u00e9quipements \u00e0 la pr\u00e9fecture, du chef de la division des collectivit\u00e9s locales, du directeur des services du Conseil Provincial, ainsi que des membres du conseil et de plusieurs cadres du Conseil Provincial.<\/p>\n","protected":false},"excerpt":{"rendered":"<p>En pr\u00e9sence du Gouverneur de la province d\u2019Azilal , Hassan Benkhiyi , des membres du conseil provincial&nbsp; et d\u2019autres partenaires , le pr\u00e9sident du conseil provincial d\u2019Azilal Salah Dyane a pr\u00e9sid\u00e9 les travaux de la session ordinaire du conseil pour le mois de janvier .Le Conseil Provincial d&rsquo;Azilal a approuv\u00e9 \u00e0 l&rsquo;unanimit\u00e9 l&rsquo;ensemble des points [&hellip;]<\/p>\n","protected":false},"author":4,"featured_media":2601,"comment_status":"open","ping_status":"open","sticky":false,"template":"","format":"standard","meta":{"footnotes":""},"categories":[24,15],"tags":[],"class_list":["post-2600","post","type-post","status-publish","format-standard","has-post-thumbnail","hentry","category-francais","category-15"],"_links":{"self":[{"href":"https:\/\/pressmedias.ma\/index.php?rest_route=\/wp\/v2\/posts\/2600","targetHints":{"allow":["GET"]}}],"collection":[{"href":"https:\/\/pressmedias.ma\/index.php?rest_route=\/wp\/v2\/posts"}],"about":[{"href":"https:\/\/pressmedias.ma\/index.php?rest_route=\/wp\/v2\/types\/post"}],"author":[{"embeddable":true,"href":"https:\/\/pressmedias.ma\/index.php?rest_route=\/wp\/v2\/users\/4"}],"replies":[{"embeddable":true,"href":"https:\/\/pressmedias.ma\/index.php?rest_route=%2Fwp%2Fv2%2Fcomments&post=2600"}],"version-history":[{"count":1,"href":"https:\/\/pressmedias.ma\/index.php?rest_route=\/wp\/v2\/posts\/2600\/revisions"}],"predecessor-version":[{"id":2602,"href":"https:\/\/pressmedias.ma\/index.php?rest_route=\/wp\/v2\/posts\/2600\/revisions\/2602"}],"wp:featuredmedia":[{"embeddable":true,"href":"https:\/\/pressmedias.ma\/index.php?rest_route=\/wp\/v2\/media\/2601"}],"wp:attachment":[{"href":"https:\/\/pressmedias.ma\/index.php?rest_route=%2Fwp%2Fv2%2Fmedia&parent=2600"}],"wp:term":[{"taxonomy":"category","embeddable":true,"href":"https:\/\/pressmedias.ma\/index.php?rest_route=%2Fwp%2Fv2%2Fcategories&post=2600"},{"taxonomy":"post_tag","embeddable":true,"href":"https:\/\/pressmedias.ma\/index.php?rest_route=%2Fwp%2Fv2%2Ftags&post=2600"}],"curies":[{"name":"wp","href":"https:\/\/api.w.org\/{rel}","templated":true}]}}