{"id":2603,"date":"2025-01-30T12:20:14","date_gmt":"2025-01-30T12:20:14","guid":{"rendered":"https:\/\/pressmedias.ma\/?p=2603"},"modified":"2025-04-17T16:29:47","modified_gmt":"2025-04-17T15:29:47","slug":"beni-mellal-mobilisation-de-tous-les-acteurs-pour-garantir-lapprovisionnement-des-marches-et-la-stabilite-des-prix-en-preparation-du-mois-sacre-de-ramadan","status":"publish","type":"post","link":"https:\/\/pressmedias.ma\/?p=2603","title":{"rendered":"Beni Mellal : Mobilisation de tous les acteurs pour garantir l\u2019approvisionnement des march\u00e9s et la stabilit\u00e9 des prix en pr\u00e9paration du mois sacr\u00e9 de Ramadan"},"content":{"rendered":"\n<p class=\"has-text-align-left\">Dans le cadre des pr\u00e9paratifs pour le mois sacr\u00e9 de Ramadan de l&rsquo;ann\u00e9e 1446 de l\u2019H\u00e9gire, le Wali de la r\u00e9gion B\u00e9ni Mellal-Kh\u00e9nifra, M. Mohamed Benribag, a pr\u00e9sid\u00e9, mercredi 22 janvier 2025, une r\u00e9union de coordination au si\u00e8ge de la Wilaya. Cette rencontre avait pour objectif d\u2019examiner les mesures n\u00e9cessaires pour garantir la stabilit\u00e9 des prix et assurer un approvisionnement suffisant des march\u00e9s en produits alimentaires pour r\u00e9pondre aux besoins des consommateurs avant et pendant ce mois b\u00e9ni.<\/p>\n\n\n\n<p class=\"has-text-align-left\">Lors de cette r\u00e9union, \u00e0 laquelle ont pris part les autorit\u00e9s s\u00e9curitaires et locales, les services d\u00e9concentr\u00e9s concern\u00e9s par l\u2019approvisionnement et le contr\u00f4le, ainsi que les chambres professionnelles, les repr\u00e9sentants des commer\u00e7ants et des unit\u00e9s de production, et les associations de protection des consommateurs, plusieurs interventions ont \u00e9t\u00e9 pr\u00e9sent\u00e9es. Ces contributions, port\u00e9es par les repr\u00e9sentants des secteurs centraux impliqu\u00e9s, ont confirm\u00e9 que les march\u00e9s seront bien approvisionn\u00e9s avec une offre abondante et diversifi\u00e9e, r\u00e9pondant \u00e0 toutes les attentes des citoyens, notamment en produits tr\u00e8s demand\u00e9s pendant le Ramadan.<\/p>\n\n\n\n<p class=\"has-text-align-left\">Pour suivre la situation de l\u2019approvisionnement, garantir la stabilit\u00e9 des prix, prot\u00e9ger le pouvoir d&rsquo;achat des citoyens et assurer leur sant\u00e9 et s\u00e9curit\u00e9, le Wali a soulign\u00e9 l\u2019importance d\u2019une vigilance accrue et d\u2019une approche proactive pour d\u00e9tecter toute \u00e9ventuelle perturbation de l\u2019approvisionnement et intervenir \u00e0 temps pour y rem\u00e9dier. Il a \u00e9galement insist\u00e9 sur le respect des normes de qualit\u00e9, des conditions de s\u00e9curit\u00e9 sanitaire, et la pr\u00e9servation du pouvoir d\u2019achat des consommateurs.<\/p>\n\n\n\n<p class=\"has-text-align-left\">\u00c0 cet effet, le Wali a appel\u00e9 \u00e0 une coordination \u00e9troite entre tous les acteurs et \u00e0 l\u2019\u00e9laboration de programmes d\u2019interventions quotidiennes pour intensifier les efforts de suivi de l\u2019\u00e9tat des march\u00e9s locaux. Cela inclut la mise en place de comit\u00e9s mixtes locaux et r\u00e9gionaux couvrant tous les points de vente, y compris les zones rurales et montagneuses. Ces comit\u00e9s auront pour mission de garantir la salubrit\u00e9 des produits alimentaires, de surveiller et d\u2019endiguer toute pratique pouvant affecter n\u00e9gativement les prix et l\u2019approvisionnement normal, tels que la sp\u00e9culation, la vente clandestine et le monopole. Ils devront \u00e9galement veiller au respect des prix r\u00e9glement\u00e9s, au suivi des circuits de distribution, et \u00e0 la lutte contre toute pratique visant le stockage illicite ou portant atteinte \u00e0 la concurrence loyale et \u00e0 la transparence des transactions commerciales, en appliquant rigoureusement les lois en vigueur.<\/p>\n\n\n\n<p class=\"has-text-align-left\">Par ailleurs, il a \u00e9t\u00e9 d\u00e9cid\u00e9 de renforcer les cellules de permanence et d\u2019activer les lignes t\u00e9l\u00e9phoniques d\u00e9di\u00e9es au niveau des pr\u00e9fectures et des services comp\u00e9tents. Cela permettra aux consommateurs, commer\u00e7ants et autres acteurs concern\u00e9s de d\u00e9poser leurs plaintes et de signaler tout \u00e9ventuel d\u00e9ficit en approvisionnement, ainsi que les cas de fraude ou de pratiques commerciales d\u00e9loyales ou interdites. Un suivi rigoureux et une r\u00e9action rapide seront assur\u00e9s pour traiter ces plaintes et r\u00e9pondre de mani\u00e8re positive aux observations des citoyens, en coordination avec les services concern\u00e9s.<\/p>\n\n\n\n<p class=\"has-text-align-left\"><strong>SAID FRIX alm<\/strong><\/p>\n","protected":false},"excerpt":{"rendered":"<p>Dans le cadre des pr\u00e9paratifs pour le mois sacr\u00e9 de Ramadan de l&rsquo;ann\u00e9e 1446 de l\u2019H\u00e9gire, le Wali de la r\u00e9gion B\u00e9ni Mellal-Kh\u00e9nifra, M. Mohamed Benribag, a pr\u00e9sid\u00e9, mercredi 22 janvier 2025, une r\u00e9union de coordination au si\u00e8ge de la Wilaya. Cette rencontre avait pour objectif d\u2019examiner les mesures n\u00e9cessaires pour garantir la stabilit\u00e9 des [&hellip;]<\/p>\n","protected":false},"author":4,"featured_media":2604,"comment_status":"open","ping_status":"open","sticky":false,"template":"","format":"standard","meta":{"footnotes":""},"categories":[24,15],"tags":[],"class_list":["post-2603","post","type-post","status-publish","format-standard","has-post-thumbnail","hentry","category-francais","category-15"],"_links":{"self":[{"href":"https:\/\/pressmedias.ma\/index.php?rest_route=\/wp\/v2\/posts\/2603","targetHints":{"allow":["GET"]}}],"collection":[{"href":"https:\/\/pressmedias.ma\/index.php?rest_route=\/wp\/v2\/posts"}],"about":[{"href":"https:\/\/pressmedias.ma\/index.php?rest_route=\/wp\/v2\/types\/post"}],"author":[{"embeddable":true,"href":"https:\/\/pressmedias.ma\/index.php?rest_route=\/wp\/v2\/users\/4"}],"replies":[{"embeddable":true,"href":"https:\/\/pressmedias.ma\/index.php?rest_route=%2Fwp%2Fv2%2Fcomments&post=2603"}],"version-history":[{"count":1,"href":"https:\/\/pressmedias.ma\/index.php?rest_route=\/wp\/v2\/posts\/2603\/revisions"}],"predecessor-version":[{"id":2605,"href":"https:\/\/pressmedias.ma\/index.php?rest_route=\/wp\/v2\/posts\/2603\/revisions\/2605"}],"wp:featuredmedia":[{"embeddable":true,"href":"https:\/\/pressmedias.ma\/index.php?rest_route=\/wp\/v2\/media\/2604"}],"wp:attachment":[{"href":"https:\/\/pressmedias.ma\/index.php?rest_route=%2Fwp%2Fv2%2Fmedia&parent=2603"}],"wp:term":[{"taxonomy":"category","embeddable":true,"href":"https:\/\/pressmedias.ma\/index.php?rest_route=%2Fwp%2Fv2%2Fcategories&post=2603"},{"taxonomy":"post_tag","embeddable":true,"href":"https:\/\/pressmedias.ma\/index.php?rest_route=%2Fwp%2Fv2%2Ftags&post=2603"}],"curies":[{"name":"wp","href":"https:\/\/api.w.org\/{rel}","templated":true}]}}