{"id":2612,"date":"2025-01-30T12:19:16","date_gmt":"2025-01-30T12:19:16","guid":{"rendered":"https:\/\/pressmedias.ma\/?p=2612"},"modified":"2025-04-17T16:29:06","modified_gmt":"2025-04-17T15:29:06","slug":"la-celebration-du-nouvel-an-amazigh-une-glorification-du-patrimoine-culturel-amazigh","status":"publish","type":"post","link":"https:\/\/pressmedias.ma\/?p=2612","title":{"rendered":"La c\u00e9l\u00e9bration du nouvel an amazigh, une glorification du patrimoine culturel amazigh"},"content":{"rendered":"\n<p class=\"has-text-align-left\"><strong>En coordination avec la Direction r\u00e9gionale du minist\u00e8re de la jeunesse&nbsp; de la culture et de la communication&nbsp; et en partenariat avec le centre culturel d\u2019Azilal et \u00e0 l\u2019occasion&nbsp; de la c\u00e9l\u00e9bration du nouvel an amazigh&nbsp; 2975 ( Yennayer ) , l\u2019Association nationale&nbsp; des musiciens et artistes&nbsp; ( ANMA ) a organis\u00e9&nbsp; la deuxi\u00e8me \u00e9dition&nbsp; du&nbsp; festival&nbsp; , Mardi 14 Janvier 2025 , \u00e0 la salle du centre culturel d\u2019Azilal sous le th\u00e8me \u00ab&nbsp;La c\u00e9l\u00e9bration du nouvel an amazigh l\u2019harmonie de mon identit\u00e9 et l\u2019incarnation&nbsp; de la Haute d\u00e9cision Royale&nbsp;\u00bb&nbsp;<\/strong><\/p>\n\n\n\n<p class=\"has-text-align-left\">Dans une d\u00e9claration \u00e0 ALM, Abdelghani Assouab , directeur du centre culturel d\u2019Azilal a soulign\u00e9 que l\u2019organisation de cette deuxi\u00e8me \u00e9dition du festival amazigh a port\u00e9 sur la pr\u00e9sentation d\u2019une panoplie de spectacles&nbsp; folkloriques , de danses , de chansons modernes et classiques&nbsp; en plus de l\u2019exposition de photos incarnant la riche culture amazigh&nbsp; et ses coutumes&nbsp; ainsi qu\u2019un ensemble de tapis et&nbsp; d\u2019objets&nbsp; traditionnels amazighs d\u2019antan utilis\u00e9s dans le tissage et les habits amazighs port\u00e9s par les femmes et les hommes des groupes folkloriques&nbsp;\u00ab&nbsp;Les &nbsp;groupes &nbsp;folkloriques qui ont galvanis\u00e9 le public ont pr\u00e9sent\u00e9&nbsp; un spectacle riche &nbsp;et digne du patrimoine culturel amazigh. Ainsi, je remercie vivement le Gouverneur d\u2019Azilal, M le pacha, les autorit\u00e9s locales, les membres de la collectivit\u00e9 territoriale d\u2019Azilal et toutes les troupes folkloriques qui ont particip\u00e9 \u00e0 la c\u00e9l\u00e9bration&nbsp; avec faste du nouvel an amazigh\u2026&nbsp;\u00bb a ajout\u00e9 M le Directeur.<\/p>\n\n\n\n<p class=\"has-text-align-left\">De son c\u00f4t\u00e9, Anouar Souidi , pr\u00e9sident de l\u2019Association nationale des musiciens et artistes ( ANMA )&nbsp; a magnifi\u00e9 l\u2019organisation des festivit\u00e9s du nouvel an amazigh qui a \u00e9t\u00e9 au niveau de la richesse de \u00ab&nbsp; la c\u00e9l\u00e9bration du nouvel an amazigh &nbsp;&nbsp;&nbsp;est un \u00e9v\u00e8nement qui refl\u00e8te la Haute sollicitude Royale envers la culture et le patrimoine amazigh, une occasion o\u00f9 l\u2019on revigore et c\u00e9l\u00e8bre&nbsp; notre patrimoine et notre identit\u00e9 culturelle pour la perp\u00e9tuer et l\u2019enseigner aux nouvelles g\u00e9n\u00e9rations. Ainsi, pour concr\u00e9tiser&nbsp; ces objectifs &nbsp;on a grand besoin de plus de soutien de la part des autorit\u00e9s et des op\u00e9rateurs concern\u00e9s \u2026&nbsp;\u00bb<\/p>\n\n\n\n<p class=\"has-text-align-left\">D\u2019apr\u00e8s Dr Mohamed Lembarki , tr\u00e9sorier de l\u2019Association nationale des musiciens et artistes, l\u2019organisation de ce festival s\u2019assigne pour objectifs de valoriser la dimension de la culture amazigh&nbsp; et l\u2019identit\u00e9 marocaine multidimensionnelle , faire de la c\u00e9l\u00e9bration du nouvel an amazigh une locomotive de d\u00e9veloppement socio\u00e9conomique au niveau provincial et r\u00e9gional tout en \u00e9rigeant en pi\u00e9destal l\u2019authenticit\u00e9 du patrimoine culturel amazigh , la fiert\u00e9&nbsp; et la bravoure des amazighs, p\u00e9renniser et pr\u00e9server ce patrimoine tr\u00e8s cher aux amazighs &nbsp;par &nbsp;l\u2019organisation des festivals sur le plan national et international , affermir la culture amazigh afin que les g\u00e9n\u00e9rations&nbsp; futures la perp\u00e9tuent<\/p>\n\n\n\n<p class=\"has-text-align-left\">\u2026<\/p>\n\n\n\n<p class=\"has-text-align-left\">Notons que des groupes folkloriques traditionnels et modernes amazighs ont \u00e9lectris\u00e9 le public amazigh de la province d\u2019Azilal qui&nbsp; a appr\u00e9ci\u00e9 ce genre de spectacle o\u00f9 les chansons et les danses bercent le public dans l\u2019extase. Ont particip\u00e9 \u00e0 ce spectacle, le groupe musical Anouar Souidi&nbsp; et Arinas Atlas, Ahidous ichraq Amersid , Duo Radouane Adchar et Imad Adchar , le groupe Mehdi Mechkour , Imdoukkal Boughanim Ahidous ait Abbas\u2026<\/p>\n\n\n\n<p class=\"has-text-align-left\"><strong>SAID FRIX ALM<\/strong><\/p>\n","protected":false},"excerpt":{"rendered":"<p>En coordination avec la Direction r\u00e9gionale du minist\u00e8re de la jeunesse&nbsp; de la culture et de la communication&nbsp; et en partenariat avec le centre culturel d\u2019Azilal et \u00e0 l\u2019occasion&nbsp; de la c\u00e9l\u00e9bration du nouvel an amazigh&nbsp; 2975 ( Yennayer ) , l\u2019Association nationale&nbsp; des musiciens et artistes&nbsp; ( ANMA ) a organis\u00e9&nbsp; la deuxi\u00e8me \u00e9dition&nbsp; [&hellip;]<\/p>\n","protected":false},"author":4,"featured_media":2308,"comment_status":"open","ping_status":"open","sticky":false,"template":"","format":"standard","meta":{"footnotes":""},"categories":[24,18],"tags":[],"class_list":["post-2612","post","type-post","status-publish","format-standard","has-post-thumbnail","hentry","category-francais","category-18"],"_links":{"self":[{"href":"https:\/\/pressmedias.ma\/index.php?rest_route=\/wp\/v2\/posts\/2612","targetHints":{"allow":["GET"]}}],"collection":[{"href":"https:\/\/pressmedias.ma\/index.php?rest_route=\/wp\/v2\/posts"}],"about":[{"href":"https:\/\/pressmedias.ma\/index.php?rest_route=\/wp\/v2\/types\/post"}],"author":[{"embeddable":true,"href":"https:\/\/pressmedias.ma\/index.php?rest_route=\/wp\/v2\/users\/4"}],"replies":[{"embeddable":true,"href":"https:\/\/pressmedias.ma\/index.php?rest_route=%2Fwp%2Fv2%2Fcomments&post=2612"}],"version-history":[{"count":1,"href":"https:\/\/pressmedias.ma\/index.php?rest_route=\/wp\/v2\/posts\/2612\/revisions"}],"predecessor-version":[{"id":2613,"href":"https:\/\/pressmedias.ma\/index.php?rest_route=\/wp\/v2\/posts\/2612\/revisions\/2613"}],"wp:featuredmedia":[{"embeddable":true,"href":"https:\/\/pressmedias.ma\/index.php?rest_route=\/wp\/v2\/media\/2308"}],"wp:attachment":[{"href":"https:\/\/pressmedias.ma\/index.php?rest_route=%2Fwp%2Fv2%2Fmedia&parent=2612"}],"wp:term":[{"taxonomy":"category","embeddable":true,"href":"https:\/\/pressmedias.ma\/index.php?rest_route=%2Fwp%2Fv2%2Fcategories&post=2612"},{"taxonomy":"post_tag","embeddable":true,"href":"https:\/\/pressmedias.ma\/index.php?rest_route=%2Fwp%2Fv2%2Ftags&post=2612"}],"curies":[{"name":"wp","href":"https:\/\/api.w.org\/{rel}","templated":true}]}}