{"id":2616,"date":"2025-02-04T22:06:53","date_gmt":"2025-02-04T22:06:53","guid":{"rendered":"https:\/\/pressmedias.ma\/?p=2616"},"modified":"2025-04-17T16:29:03","modified_gmt":"2025-04-17T15:29:03","slug":"province-de-beni-mellal-mesures-urgentes-pour-faire-face-a-la-vague-de-froid","status":"publish","type":"post","link":"https:\/\/pressmedias.ma\/?p=2616","title":{"rendered":"Province de B\u00e9ni Mellal : Mesures urgentes pour faire face \u00e0 la vague de froid"},"content":{"rendered":"\n<p class=\"has-text-align-left\"><strong>Conform\u00e9ment aux Hautes Instructions Royales de Sa Majest\u00e9 le Roi Mohammed VI, que Dieu l\u2019assiste, visant \u00e0 mobiliser pleinement les ressources et \u00e0 renforcer la r\u00e9activit\u00e9 pour apporter soutien et assistance aux citoyens face \u00e0 la vague de froid, et en application des directives du Minist\u00e8re de l\u2019Int\u00e9rieur \u00e0 cet effet, le Wali de la r\u00e9gion B\u00e9ni Mellal-Kh\u00e9nifra, M. Mohamed &nbsp;Benribag, a pr\u00e9sid\u00e9, lundi 20 janvier 2025, une r\u00e9union \u00e9largie du comit\u00e9 provincial de vigilance et de suivi. Cette rencontre, tenue au si\u00e8ge de la wilaya, \u00e9tait consacr\u00e9e \u00e0 l\u2019\u00e9tude et \u00e0 la mise en \u0153uvre des mesures urgentes pour fournir le soutien et l\u2019assistance n\u00e9cessaires aux populations des zones touch\u00e9es par la vague de froid dans la province de B\u00e9ni Mellal.<\/strong><\/p>\n\n\n\n<p class=\"has-text-align-left\">Cette r\u00e9union, marqu\u00e9e par la pr\u00e9sence du pr\u00e9sident du Conseil r\u00e9gional, des responsables des services militaires et de s\u00e9curit\u00e9, des autorit\u00e9s locales, ainsi que des pr\u00e9sidents des communes et des services ext\u00e9rieurs concern\u00e9s, a \u00e9t\u00e9 ouverte par une allocution d\u2019orientation du Wali de la r\u00e9gion. Dans son discours, le responsable a soulign\u00e9 l&rsquo;importance capitale de cette rencontre, destin\u00e9e \u00e0 mobiliser tous les services et intervenants, et \u00e0 renforcer leur pr\u00e9paration pour prendre les mesures urgentes n\u00e9cessaires afin de venir en aide aux citoyens dans les zones affect\u00e9es par la vague de froid dans la province.<\/p>\n\n\n\n<p class=\"has-text-align-left\">\u00c0 cette occasion, il a \u00e9t\u00e9 annonc\u00e9 qu\u2019un programme d\u2019urgence, en tant que premi\u00e8re \u00e9tape, a \u00e9t\u00e9 \u00e9labor\u00e9 pour distribuer des vivres et des couvertures aux familles r\u00e9sidant dans les douars et zones menac\u00e9es d\u2019isolement et expos\u00e9es aux intemp\u00e9ries. Ce programme cible 75 douars r\u00e9partis sur 9 communes territoriales de la province, toutes situ\u00e9es dans des zones \u00e0 relief accident\u00e9 et au climat rigoureux.<\/p>\n\n\n\n<p class=\"has-text-align-left\">Le Wali a \u00e9galement appel\u00e9 \u00e0 redoubler d\u2019efforts et \u00e0 coordonner les actions pour garantir l\u2019encadrement m\u00e9dical et les soins de sant\u00e9 des populations, notamment le suivi des femmes enceintes r\u00e9sidant dans les douars susceptibles d\u2019\u00eatre isol\u00e9s par la vague de froid. Il a insist\u00e9 sur la n\u00e9cessit\u00e9 de fournir des m\u00e9dicaments dans les centres de sant\u00e9, de renforcer les unit\u00e9s m\u00e9dicales mobiles, d\u2019assurer le chauffage dans les \u00e9tablissements scolaires, de fournir des couvertures dans les internats et foyers pour \u00e9tudiants, d\u2019abriter les sans-abris dans des lieux s\u00fbrs, et de fournir du fourrage pour le b\u00e9tail dans ces zones affect\u00e9es par le retard des pr\u00e9cipitations cette ann\u00e9e.<\/p>\n\n\n\n<p class=\"has-text-align-left\">Lors de cette r\u00e9union, plusieurs pr\u00e9sentations ont \u00e9t\u00e9 faites par les responsables des services concern\u00e9s, mettant en avant les grandes lignes des programmes d\u2019intervention adopt\u00e9s. Ces programmes, caract\u00e9ris\u00e9s par leur aspect pr\u00e9ventif et la coordination avec les partenaires concern\u00e9s, comprennent le renforcement des \u00e9quipes m\u00e9dicales, l\u2019approvisionnement en m\u00e9dicaments essentiels dans les centres de sant\u00e9 les plus proches des zones menac\u00e9es par la vague de froid, la mobilisation des \u00e9quipements sp\u00e9cialis\u00e9s pour le d\u00e9neigement, ainsi que la distribution de bois de chauffage dans les \u00e9tablissements scolaires concern\u00e9s par la neige et le froid, et l\u2019h\u00e9bergement des sans-abris dans les \u00e9tablissements de protection sociale de la province.<\/p>\n\n\n\n<p class=\"has-text-align-left\">Pour assurer une gestion efficace et efficiente de la r\u00e9ponse aux effets n\u00e9gatifs d\u2019une \u00e9ventuelle vague de froid dans la province, le Wali de la r\u00e9gion a appel\u00e9 \u00e0 l\u2019\u00e9laboration d\u2019un programme de r\u00e9unions r\u00e9guli\u00e8res au niveau de la wilaya pour un suivi pr\u00e9cis et une \u00e9valuation des interventions \u00e0 tous les niveaux, en vue d\u2019identifier et de diagnostiquer avec pr\u00e9cision les contraintes rencontr\u00e9es, et de trouver les solutions imm\u00e9diates n\u00e9cessaires pour atteindre les objectifs escompt\u00e9s.<\/p>\n\n\n\n<p class=\"has-text-align-left\">Rappelons que conform\u00e9ment aux Hautes instructions Royales&nbsp; et au titre de l\u2019ann\u00e9e hivernale 2024\/2025 , le plan national de lutte contre le froid &nbsp;connait l\u2019ajout de 185 nouveaux douars et&nbsp; cible&nbsp; environ 872.000 personnes&nbsp; r\u00e9parties sur 169.000 foyers&nbsp; au niveau de 2014 douars relevant de&nbsp; 241 communes&nbsp; territoriales&nbsp; et 28 pr\u00e9fectures et provinces.<\/p>\n\n\n\n<p class=\"has-text-align-left\"><strong>SAID FRIX alm<\/strong><\/p>\n","protected":false},"excerpt":{"rendered":"<p>Conform\u00e9ment aux Hautes Instructions Royales de Sa Majest\u00e9 le Roi Mohammed VI, que Dieu l\u2019assiste, visant \u00e0 mobiliser pleinement les ressources et \u00e0 renforcer la r\u00e9activit\u00e9 pour apporter soutien et assistance aux citoyens face \u00e0 la vague de froid, et en application des directives du Minist\u00e8re de l\u2019Int\u00e9rieur \u00e0 cet effet, le Wali de la [&hellip;]<\/p>\n","protected":false},"author":4,"featured_media":2617,"comment_status":"open","ping_status":"open","sticky":false,"template":"","format":"standard","meta":{"footnotes":""},"categories":[24,11],"tags":[],"class_list":["post-2616","post","type-post","status-publish","format-standard","has-post-thumbnail","hentry","category-francais","category-national"],"_links":{"self":[{"href":"https:\/\/pressmedias.ma\/index.php?rest_route=\/wp\/v2\/posts\/2616","targetHints":{"allow":["GET"]}}],"collection":[{"href":"https:\/\/pressmedias.ma\/index.php?rest_route=\/wp\/v2\/posts"}],"about":[{"href":"https:\/\/pressmedias.ma\/index.php?rest_route=\/wp\/v2\/types\/post"}],"author":[{"embeddable":true,"href":"https:\/\/pressmedias.ma\/index.php?rest_route=\/wp\/v2\/users\/4"}],"replies":[{"embeddable":true,"href":"https:\/\/pressmedias.ma\/index.php?rest_route=%2Fwp%2Fv2%2Fcomments&post=2616"}],"version-history":[{"count":1,"href":"https:\/\/pressmedias.ma\/index.php?rest_route=\/wp\/v2\/posts\/2616\/revisions"}],"predecessor-version":[{"id":2618,"href":"https:\/\/pressmedias.ma\/index.php?rest_route=\/wp\/v2\/posts\/2616\/revisions\/2618"}],"wp:featuredmedia":[{"embeddable":true,"href":"https:\/\/pressmedias.ma\/index.php?rest_route=\/wp\/v2\/media\/2617"}],"wp:attachment":[{"href":"https:\/\/pressmedias.ma\/index.php?rest_route=%2Fwp%2Fv2%2Fmedia&parent=2616"}],"wp:term":[{"taxonomy":"category","embeddable":true,"href":"https:\/\/pressmedias.ma\/index.php?rest_route=%2Fwp%2Fv2%2Fcategories&post=2616"},{"taxonomy":"post_tag","embeddable":true,"href":"https:\/\/pressmedias.ma\/index.php?rest_route=%2Fwp%2Fv2%2Ftags&post=2616"}],"curies":[{"name":"wp","href":"https:\/\/api.w.org\/{rel}","templated":true}]}}