{"id":2619,"date":"2025-02-04T22:06:32","date_gmt":"2025-02-04T22:06:32","guid":{"rendered":"https:\/\/pressmedias.ma\/?p=2619"},"modified":"2025-04-17T16:29:03","modified_gmt":"2025-04-17T15:29:03","slug":"projet-tadafor-initiative-dappui-a-la-participation-citoyenne","status":"publish","type":"post","link":"https:\/\/pressmedias.ma\/?p=2619","title":{"rendered":"Projet Tadafor\u00a0: initiative d\u2019appui \u00e0 la participation citoyenne"},"content":{"rendered":"\n<p class=\"has-text-align-left\"><strong>Dans le cadre du projet Tadafor financ\u00e9 par l\u2019Union Europ\u00e9enne,&nbsp; composante 2 du programme d\u2019appui \u00e0 la participation&nbsp; citoyenne , mis en \u0153uvre par Enabel , l\u2019Agence belge de d\u00e9veloppement&nbsp; et en collaboration avec la commune de Beni Mellal , l\u2019Association Carrefour&nbsp; de d\u00e9veloppement&nbsp; et de la Migration ( CARDEV-Mig&nbsp; ) a organis\u00e9&nbsp; , Mardi 28 Janvier 2025, au si\u00e8ge de l\u2019Association ,&nbsp; le&nbsp; s\u00e9minaire&nbsp; de cl\u00f4ture&nbsp; du&nbsp; projet \u00ab&nbsp;Agir ensemble pour une commune ouverte , r\u00e9siliente , solidaire et durable&nbsp;\u00bb.<\/strong><\/p>\n\n\n\n<p class=\"has-text-align-left\">Apr\u00e8s le mot inaugural &nbsp;de Mhamed El Hachimi , Repr\u00e9sentant du pr\u00e9sident de la commune de Beni Mellal qui a port\u00e9 sur l\u2019importance&nbsp; de ce projet&nbsp; qui s\u2019assigne pour objectif de consolider la culture du dialogue et de la concertation entre la soci\u00e9t\u00e9 civile , les op\u00e9rateurs concern\u00e9s , la commune \u2026dans le cadre&nbsp; de l\u2019affermissement&nbsp; de la d\u00e9mocratie participative , Brahim Dahbani , pr\u00e9sident de l\u2019Association Carrefour&nbsp; du d\u00e9veloppement et de la Migration a soulign\u00e9 que ce s\u00e9minaire de cl\u00f4ture&nbsp; du projet susmentionn\u00e9 est le fruit d\u2019un grand nombre de rencontres , de formations , de d\u00e9bats , d\u2019\u00e9tudes&nbsp; \u2026entre toutes les parties prenantes concern\u00e9es par ce projet. Et de poursuivre \u00ab&nbsp;L\u2019Association CARDEV-Mig&nbsp; qui&nbsp; a vu le jour&nbsp; en mars 2008&nbsp; a pour objectif&nbsp; de renforcer les comp\u00e9tences de toutes les composantes du projet et de trouver des solutions aux probl\u00e8mes des jeunes&nbsp; et des personnes vivant en situation de pr\u00e9carit\u00e9&nbsp; \u00e0 la r\u00e9gion de Beni Mellal kh\u00e9nifra . En outre , l\u2019Association&nbsp; ambitionne, entre autres , de d\u00e9limiter&nbsp; les besoins&nbsp; du d\u00e9veloppement local et les m\u00e9thodes d\u2019 y rem\u00e9dier&nbsp; par des \u00e9tudes et la recherche scientifique, encourager la culture de la citoyennet\u00e9&nbsp; et la lutte contre&nbsp; la violence&nbsp; tout en encourageant&nbsp; les initiatives qui visent \u00e0 r\u00e9pondre aux dol\u00e9ances&nbsp; des jeunes&nbsp; , des femmes , des enfants et des MRE\u2026. Ainsi, l\u2019organisation de ce s\u00e9minaire de cl\u00f4ture du projet pr\u00e9cit\u00e9, en collaboration avec d\u2019autres acteurs concern\u00e9s, entre dans le cadre des objectifs de&nbsp; notre association et de son ouverture sur son environnement ext\u00e9rieur\u2026&nbsp;\u00bb<\/p>\n\n\n\n<p class=\"has-text-align-left\">De son c\u00f4t\u00e9 M Ferhat Yacoub Essadik , Repr\u00e9sentant de l\u2019Agence Belge de d\u00e9veloppement au niveau de la r\u00e9alisation&nbsp; du projet&nbsp; Tadafor , \u00e0 la province de Beni Mellal, a not\u00e9 que ce s\u00e9minaire de cl\u00f4ture&nbsp; organis\u00e9 par CARDEV-Mig en collaboration avec la commune de Beni Mellal ,est le fruit de rencontres&nbsp; et d\u2019activit\u00e9s portant sur la sensibilisation&nbsp; des acteurs concern\u00e9s&nbsp; autour de la probl\u00e9matique de l\u2019environnement \u00e0 Beni Mellal et de formations&nbsp; dont ont b\u00e9n\u00e9fici\u00e9 les op\u00e9rateurs locaux&nbsp; , les associations de la soci\u00e9t\u00e9 civile&nbsp; , les services ext\u00e9rieurs&nbsp; , les repr\u00e9sentants des m\u00e9dias\u2026&nbsp; gr\u00e2ce \u00e0 des rencontres de concertation &nbsp;&nbsp;o\u00f9 il a \u00e9t\u00e9 question de d\u00e9battre de la cr\u00e9ation d\u2019un espace de concertation environnemental&nbsp; pour une commune ouverte avec des services r\u00e9silients , solidaires et durables . Ainsi , a-t-il ajout\u00e9 , nous esp\u00e9rons que ce projet sera institutionnalis\u00e9 \u00e0 la session du mois de F\u00e9vrier \u00e0 la commune de Beni Mellal\u2026&nbsp;<\/p>\n\n\n\n<p class=\"has-text-align-left\">Notons que les axes du projet pr\u00e9cit\u00e9&nbsp; portent sur le renforcement&nbsp; des capacit\u00e9s&nbsp; et la sensibilisation des acteurs territoriaux&nbsp; dans le domaine de l\u2019environnement ,&nbsp; la cr\u00e9ation d\u2019un espace&nbsp; de concertation sur l\u2019environnement&nbsp; et le d\u00e9veloppement&nbsp; des comp\u00e9tences&nbsp; en communication&nbsp; et en m\u00e9thodes innovantes et que les acteurs locaux cibl\u00e9s sont&nbsp;:&nbsp; la commune de Beni Mellal ( les \u00e9lus , les d\u00e9cideurs&nbsp; politiques, les fonctionnaires de la commune \u2026) , les services ext\u00e9rieurs concern\u00e9s , &nbsp;les associations , les ONG , les r\u00e9seaux d\u2019entreprises , les m\u00e9dias , les syndicats \u2026<\/p>\n\n\n\n<p class=\"has-text-align-left\"><strong>SAID FRIX alm<\/strong><\/p>\n","protected":false},"excerpt":{"rendered":"<p>Dans le cadre du projet Tadafor financ\u00e9 par l\u2019Union Europ\u00e9enne,&nbsp; composante 2 du programme d\u2019appui \u00e0 la participation&nbsp; citoyenne , mis en \u0153uvre par Enabel , l\u2019Agence belge de d\u00e9veloppement&nbsp; et en collaboration avec la commune de Beni Mellal , l\u2019Association Carrefour&nbsp; de d\u00e9veloppement&nbsp; et de la Migration ( CARDEV-Mig&nbsp; ) a organis\u00e9&nbsp; , Mardi [&hellip;]<\/p>\n","protected":false},"author":4,"featured_media":2620,"comment_status":"open","ping_status":"open","sticky":false,"template":"","format":"standard","meta":{"footnotes":""},"categories":[24,12],"tags":[],"class_list":["post-2619","post","type-post","status-publish","format-standard","has-post-thumbnail","hentry","category-francais","category-economies"],"_links":{"self":[{"href":"https:\/\/pressmedias.ma\/index.php?rest_route=\/wp\/v2\/posts\/2619","targetHints":{"allow":["GET"]}}],"collection":[{"href":"https:\/\/pressmedias.ma\/index.php?rest_route=\/wp\/v2\/posts"}],"about":[{"href":"https:\/\/pressmedias.ma\/index.php?rest_route=\/wp\/v2\/types\/post"}],"author":[{"embeddable":true,"href":"https:\/\/pressmedias.ma\/index.php?rest_route=\/wp\/v2\/users\/4"}],"replies":[{"embeddable":true,"href":"https:\/\/pressmedias.ma\/index.php?rest_route=%2Fwp%2Fv2%2Fcomments&post=2619"}],"version-history":[{"count":1,"href":"https:\/\/pressmedias.ma\/index.php?rest_route=\/wp\/v2\/posts\/2619\/revisions"}],"predecessor-version":[{"id":2621,"href":"https:\/\/pressmedias.ma\/index.php?rest_route=\/wp\/v2\/posts\/2619\/revisions\/2621"}],"wp:featuredmedia":[{"embeddable":true,"href":"https:\/\/pressmedias.ma\/index.php?rest_route=\/wp\/v2\/media\/2620"}],"wp:attachment":[{"href":"https:\/\/pressmedias.ma\/index.php?rest_route=%2Fwp%2Fv2%2Fmedia&parent=2619"}],"wp:term":[{"taxonomy":"category","embeddable":true,"href":"https:\/\/pressmedias.ma\/index.php?rest_route=%2Fwp%2Fv2%2Fcategories&post=2619"},{"taxonomy":"post_tag","embeddable":true,"href":"https:\/\/pressmedias.ma\/index.php?rest_route=%2Fwp%2Fv2%2Ftags&post=2619"}],"curies":[{"name":"wp","href":"https:\/\/api.w.org\/{rel}","templated":true}]}}