{"id":2626,"date":"2025-02-04T22:46:11","date_gmt":"2025-02-04T22:46:11","guid":{"rendered":"https:\/\/pressmedias.ma\/?p=2626"},"modified":"2025-04-17T16:29:04","modified_gmt":"2025-04-17T15:29:04","slug":"plus-de-100-jeunes-ont-beneficie-des-formations-initiees-par-lassociation-maroc-davenir-de-khouribga","status":"publish","type":"post","link":"https:\/\/pressmedias.ma\/?p=2626","title":{"rendered":"Plus de 100 jeunes ont b\u00e9n\u00e9fici\u00e9 des formations initi\u00e9es par l\u2019Association Maroc d\u2019Avenir de Khouribga."},"content":{"rendered":"\n<p class=\"has-text-align-left\"><strong>En coordination avec un grand nombre de partenaires et d\u2019op\u00e9rateurs concern\u00e9s, l\u2019Association Maroc d\u2019Avenir ( AMA ) de Khouribga a organis\u00e9&nbsp; la c\u00e9r\u00e9monie de cl\u00f4ture&nbsp; du programme de formation \u00ab&nbsp; Administration &nbsp;associative , planification et &nbsp;gestion &nbsp;strat\u00e9gique&nbsp;\u00bb&nbsp; jeudi 30 Janvier 2025 \u00e0 la M\u00e9diath\u00e8que OCP \u00e0 Khouribga.<\/strong><\/p>\n\n\n\n<p class=\"has-text-align-left\">Ce projet qui &nbsp;a \u00e9t\u00e9 r\u00e9alis\u00e9 en partenariat avec la Commune de Khouribga, l\u2019Initiative Nationale pour le D\u00e9veloppement Humain (INDH) &#8211; Pr\u00e9fecture de Khouribga, et en collaboration avec l\u2019Association Act4Community Khouribga, la Fondation 1337 et la Direction provinciale du secteur de la jeunesse de Khouribga, s\u2019est \u00e9tal\u00e9 sur trois mois (octobre &#8211; novembre &#8211; d\u00e9cembre 2024),&nbsp; et a permis la formation de plus de 100 jeunes et acteurs de la soci\u00e9t\u00e9 civile \u00e0 Khouribga tout en mettant l\u2019accent sur les cadres l\u00e9gislatifs et r\u00e9glementaires encadrant l\u2019action associative, ainsi que sur la gestion financi\u00e8re, administrative et comptable des associations et des structures \u00e9conomiques<\/p>\n\n\n\n<p class=\"has-text-align-left\">Dans une d\u00e9claration \u00e0 ALM, le pr\u00e9sident de l\u2019Association Maroc d\u2019Avenir Abdelhadi Hanine &nbsp;&nbsp;a not\u00e9 que&nbsp; le programme de formation pr\u00e9cit\u00e9 a b\u00e9n\u00e9fici\u00e9 \u00e0 un grand nombre de jeunes selon les diff\u00e9rentes sessions de formation qui leur sont d\u00e9di\u00e9es. Aussi , l\u2019Association a-t-elle pris la d\u00e9cision d\u2019inscrire&nbsp; en plus une quarantaine de jeunes&nbsp; qui ont b\u00e9n\u00e9fici\u00e9&nbsp; des formations &nbsp;qui &nbsp;ont port\u00e9 , entre autres, sur \u00ab&nbsp;les lois encadrant et organisant&nbsp; la soci\u00e9t\u00e9 civile ,&nbsp; la gestion administrative&nbsp; des associations&nbsp; et des \u00e9tablissements \u00e9conomiques&nbsp; , la gestion financi\u00e8re&nbsp; des associations&nbsp; et des \u00e9tablissements \u00e9conomiques , &nbsp;la &nbsp;m\u00e9thode de construction&nbsp; des projets sociaux et \u00e9conomiques , les m\u00e9canismes&nbsp; de planification&nbsp; strat\u00e9gique&nbsp; pour la construction de projets sociaux et de d\u00e9veloppement , les m\u00e9canismes de commercialisation num\u00e9rique des projets sociaux&nbsp; et la construction des soci\u00e9t\u00e9s&nbsp; strat\u00e9giques , les m\u00e9canismes&nbsp; de commercialisation&nbsp; m\u00e9diatique des projets sociaux&nbsp; et la communication avec les m\u00e9dias , &nbsp;les qualit\u00e9s du leadership&nbsp; dans la gestion&nbsp; des projets sociaux et de d\u00e9veloppement&nbsp;\u00bb&nbsp;&nbsp;.<\/p>\n\n\n\n<p class=\"has-text-align-left\">&nbsp;Et d\u2019ajouter \u00ab&nbsp; Les sessions parall\u00e8les ont port\u00e9 sur les fondements g\u00e9n\u00e9raux&nbsp; de l\u2019animation&nbsp; et de l\u2019encadrement&nbsp; p\u00e9dagogique, l\u2019animation sportive&nbsp; et les jeux semi-sportifs&nbsp; traditionnels ,&nbsp; et le th\u00e9\u00e2tre&nbsp; un m\u00e9canisme&nbsp; d\u2019expression et de confiance en soi. Le but \u00e9tant de permettre aux jeunes de s\u2019approprier&nbsp; des moyens efficaces leur permettant de confectionner leurs projets de d\u00e9veloppement&nbsp; selon des plans et des strat\u00e9gies solides et prometteuses ainsi que le bon choix&nbsp; des partenaires&nbsp; responsables du financement , du suivi et de l\u2019accompagnement de leurs projets . Le programme de formation s\u2019est articul\u00e9 en deux volets : th\u00e9orique et pratique. Apr\u00e8s avoir b\u00e9n\u00e9fici\u00e9 des formations th\u00e9oriques, les participants ont travaill\u00e9 en groupes sur des axes sp\u00e9cifiques afin d\u2019\u00e9laborer des projets associatifs de d\u00e9veloppement r\u00e9pondant \u00e0 des probl\u00e9matiques identifi\u00e9es\u2026&nbsp;\u00bb<\/p>\n\n\n\n<p class=\"has-text-align-left\">Et de conclure \u00ab&nbsp;C\u2019est gr\u00e2ce \u00e0 notre association, \u00e0 nos partenaires et \u00e0 un grand nombre d\u2019op\u00e9rateurs&nbsp; socio\u00e9conomiques que ce programme de formations riches a b\u00e9n\u00e9fici\u00e9&nbsp; \u00e0 des jeunes. Le but \u00e9tant d\u2019inciter ces derniers \u00e0 interagir avec toutes les parties prenantes afin&nbsp; de construire leurs projets, d\u2019investir, de bien communiquer pour s\u2019ouvrir sur leur environnement ext\u00e9rieur et participer au d\u00e9veloppement socio\u00e9conomique&nbsp; de leur pays. Ainsi, je remercie vivement M le gouverneur de la province de Khouribga, l\u2019INDH, la commune de la ville de Khouribga, l\u2019Association Act4Community Khouribga, la Fondation 1337 et la Direction provinciale du secteur de la jeunesse de Khouribga ainsi que les cadres p\u00e9dagogiques qui ont chapeaut\u00e9 toutes les formations \u2026&nbsp;\u00bb<\/p>\n\n\n\n<p class=\"has-text-align-left\"><strong>SAID FRIX ALM<\/strong><strong><\/strong><\/p>\n","protected":false},"excerpt":{"rendered":"<p>En coordination avec un grand nombre de partenaires et d\u2019op\u00e9rateurs concern\u00e9s, l\u2019Association Maroc d\u2019Avenir ( AMA ) de Khouribga a organis\u00e9&nbsp; la c\u00e9r\u00e9monie de cl\u00f4ture&nbsp; du programme de formation \u00ab&nbsp; Administration &nbsp;associative , planification et &nbsp;gestion &nbsp;strat\u00e9gique&nbsp;\u00bb&nbsp; jeudi 30 Janvier 2025 \u00e0 la M\u00e9diath\u00e8que OCP \u00e0 Khouribga. Ce projet qui &nbsp;a \u00e9t\u00e9 r\u00e9alis\u00e9 en partenariat [&hellip;]<\/p>\n","protected":false},"author":4,"featured_media":2627,"comment_status":"open","ping_status":"open","sticky":false,"template":"","format":"standard","meta":{"footnotes":""},"categories":[24,12],"tags":[],"class_list":["post-2626","post","type-post","status-publish","format-standard","has-post-thumbnail","hentry","category-francais","category-economies"],"_links":{"self":[{"href":"https:\/\/pressmedias.ma\/index.php?rest_route=\/wp\/v2\/posts\/2626","targetHints":{"allow":["GET"]}}],"collection":[{"href":"https:\/\/pressmedias.ma\/index.php?rest_route=\/wp\/v2\/posts"}],"about":[{"href":"https:\/\/pressmedias.ma\/index.php?rest_route=\/wp\/v2\/types\/post"}],"author":[{"embeddable":true,"href":"https:\/\/pressmedias.ma\/index.php?rest_route=\/wp\/v2\/users\/4"}],"replies":[{"embeddable":true,"href":"https:\/\/pressmedias.ma\/index.php?rest_route=%2Fwp%2Fv2%2Fcomments&post=2626"}],"version-history":[{"count":1,"href":"https:\/\/pressmedias.ma\/index.php?rest_route=\/wp\/v2\/posts\/2626\/revisions"}],"predecessor-version":[{"id":2628,"href":"https:\/\/pressmedias.ma\/index.php?rest_route=\/wp\/v2\/posts\/2626\/revisions\/2628"}],"wp:featuredmedia":[{"embeddable":true,"href":"https:\/\/pressmedias.ma\/index.php?rest_route=\/wp\/v2\/media\/2627"}],"wp:attachment":[{"href":"https:\/\/pressmedias.ma\/index.php?rest_route=%2Fwp%2Fv2%2Fmedia&parent=2626"}],"wp:term":[{"taxonomy":"category","embeddable":true,"href":"https:\/\/pressmedias.ma\/index.php?rest_route=%2Fwp%2Fv2%2Fcategories&post=2626"},{"taxonomy":"post_tag","embeddable":true,"href":"https:\/\/pressmedias.ma\/index.php?rest_route=%2Fwp%2Fv2%2Ftags&post=2626"}],"curies":[{"name":"wp","href":"https:\/\/api.w.org\/{rel}","templated":true}]}}