{"id":2637,"date":"2025-02-18T08:29:46","date_gmt":"2025-02-18T08:29:46","guid":{"rendered":"https:\/\/pressmedias.ma\/?p=2637"},"modified":"2025-04-17T16:29:03","modified_gmt":"2025-04-17T15:29:03","slug":"reunion-de-coordination-pour-la-mise-en-oeuvre-des-mesures-de-prevention-contre-la-propagation-de-la-rougeole-en-milieu-scolaire","status":"publish","type":"post","link":"https:\/\/pressmedias.ma\/?p=2637","title":{"rendered":"R\u00e9union de coordination pour la mise en \u0153uvre des mesures de pr\u00e9vention contre la propagation de la rougeole en milieu scolaire"},"content":{"rendered":"\n<p class=\"has-text-align-left\">Dans le cadre de l\u2019application de la circulaire conjointe n\u00b0 25X010, sign\u00e9e entre le minist\u00e8re de l&rsquo;\u00c9ducation et le minist\u00e8re de la Sant\u00e9 et de la Protection sociale en date du 23 janvier 2025, relative aux mesures de pr\u00e9vention contre la propagation des maladies infectieuses en milieu scolaire, ainsi que de la circulaire conjointe n\u00b0 084\/25 du 31 janvier 2025 portant sur l&rsquo;organisation du suivi et de la mise \u00e0 jour de la vaccination des \u00e9l\u00e8ves au sein des \u00e9tablissements scolaires, et conform\u00e9ment \u00e0 la note minist\u00e9rielle n\u00b0 25X012 du 31 janvier 2025 relative \u00e0 l\u2019activation des mesures de pr\u00e9vention contre la propagation de la rougeole en milieu scolaire et &nbsp;en collaboration avec la Direction R\u00e9gionale du Minist\u00e8re de la Sant\u00e9 et de la Protection sociale de la m\u00eame r\u00e9gion, l&rsquo;Acad\u00e9mie R\u00e9gionale de l&rsquo;\u00c9ducation et de Formation de la r\u00e9gion B\u00e9ni Mellal-Kh\u00e9nifra a organis\u00e9 , Jeudi 6 F\u00e9vrier 2025, une r\u00e9union de coordination pour examiner les moyens de mise en \u0153uvre des mesures pr\u00e9ventives contre la propagation de la rougeole, intensifier la campagne de vaccination de rattrapage et promouvoir la vaccination contre cette maladie.<\/p>\n\n\n\n<p class=\"has-text-align-left\">La r\u00e9union a d\u00e9but\u00e9 par une allocution d\u2019ouverture et de bienvenue prononc\u00e9e par M. Mustapha Eslifani, Directeur de l\u2019Acad\u00e9mie R\u00e9gionale de l&rsquo;\u00c9ducation et de Formation de B\u00e9ni Mellal-Kh\u00e9nifra, qui a rappel\u00e9 les contextes g\u00e9n\u00e9ral et sp\u00e9cifique de cette rencontre. Il a exprim\u00e9 ses remerciements \u00e0 tous les acteurs de la sant\u00e9 scolaire pour leurs efforts, en les encourageant \u00e0 s&rsquo;engager activement dans la campagne de vaccination, tout en insistant sur la n\u00e9cessit\u00e9 d\u2019une coordination permanente entre les directions provinciales relevant de l\u2019Acad\u00e9mie et les d\u00e9l\u00e9gations provinciales du Minist\u00e8re de la Sant\u00e9 et de la Protection sociale.<\/p>\n\n\n\n<p class=\"has-text-align-left\">Par la suite, M. Kamal Lynsali, Directeur R\u00e9gional du Minist\u00e8re de la Sant\u00e9 et de la Protection sociale de B\u00e9ni Mellal-Kh\u00e9nifra, a &nbsp;soulign\u00e9 l&rsquo;importance du renforcement de la collaboration entre les secteurs de la sant\u00e9 et de l\u2019\u00e9ducation afin d\u2019assurer la vaccination de toutes les cat\u00e9gories cibl\u00e9es, en particulier dans les zones rurales. Il a mis l\u2019accent sur l\u2019organisation de campagnes de sensibilisation intensives au sein des \u00e9tablissements scolaires pour informer les \u00e9l\u00e8ves et leurs parents de l\u2019importance de la vaccination et de son r\u00f4le dans la pr\u00e9vention des maladies infectieuses. Il a \u00e9galement insist\u00e9 sur la mobilisation des \u00e9quipes m\u00e9dicales et infirmi\u00e8res ainsi que sur la mise \u00e0 disposition des ressources logistiques n\u00e9cessaires pour garantir le bon d\u00e9roulement de la campagne de vaccination dans des conditions optimales. Enfin, il a soulign\u00e9 la n\u00e9cessit\u00e9 d\u2019assurer un suivi et une \u00e9valuation r\u00e9guli\u00e8re de la campagne afin d\u2019atteindre les objectifs fix\u00e9s.<\/p>\n\n\n\n<p class=\"has-text-align-left\">Les travaux de cette r\u00e9union ont abouti \u00e0 l\u2019adoption d\u2019un ensemble de dispositions visant \u00e0 prot\u00e9ger les \u00e9l\u00e8ves contre la propagation de la rougeole, notamment , la coordination avec les services comp\u00e9tents du Minist\u00e8re de la Sant\u00e9 et de la Protection sociale afin d\u2019organiser le suivi et l\u2019ach\u00e8vement de la vaccination des \u00e9l\u00e8ves contre la rougeole au sein des \u00e9tablissements scolaires, en mettant en place des mesures d\u2019accompagnement, tels que l\u2019am\u00e9nagement de salles et d\u2019espaces adapt\u00e9s pour assurer la vaccination dans les meilleures conditions, en particulier en organisant le flux des \u00e9l\u00e8ves pour \u00e9viter la surpopulation et en impliquant les cadres administratifs et p\u00e9dagogiques dans l\u2019encadrement des op\u00e9rations de vaccination , l\u2019exclusion des \u00e9l\u00e8ves dont les parents refusent la vaccination en cas d\u2019apparition de cas de rougeole dans l\u2019\u00e9tablissement concern\u00e9, la fermeture des \u00e9tablissements scolaires identifi\u00e9s comme foyers \u00e9pid\u00e9miologiques, conform\u00e9ment aux mesures pr\u00e9ventives, sur recommandation des services comp\u00e9tents du Minist\u00e8re de la Sant\u00e9 et de la Protection sociale, charg\u00e9s d\u2019\u00e9valuer le niveau de gravit\u00e9 et l\u2019urgence de la situation, concernant les cas isol\u00e9s de contamination, qui ne constituent pas un foyer \u00e9pid\u00e9miologique, il a \u00e9t\u00e9 d\u00e9cid\u00e9 d\u2019exclure temporairement les \u00e9l\u00e8ves malades sur la base des r\u00e9sultats des examens m\u00e9dicaux, d\u2019informer l\u2019Association des parents d\u2019\u00e9l\u00e8ves et de communiquer avec les parents par tous les moyens disponibles pour leur signaler l\u2019\u00e9tat de sant\u00e9 de leurs enfants, en les incitant \u00e0 respecter le confinement de l\u2019enfant malade \u00e0 domicile jusqu\u2019\u00e0 sa gu\u00e9rison compl\u00e8te, pour le retour en classe des \u00e9tablissements ferm\u00e9s en raison de foyers \u00e9pid\u00e9miologiques et des \u00e9l\u00e8ves exclus (soit pour cause de maladie, soit en raison du refus parental de la vaccination), et afin d\u2019assurer la continuit\u00e9 p\u00e9dagogique, des dispositions seront prises pour permettre aux \u00e9l\u00e8ves de b\u00e9n\u00e9ficier de l\u2019enseignement et de la formation \u00e0 distance en remplacement de l\u2019apprentissage en pr\u00e9sentiel.<\/p>\n\n\n\n<p class=\"has-text-align-left\">Ont particip\u00e9 \u00e0 cette r\u00e9union : les directeurs provinciaux du Minist\u00e8re de l\u2019\u00c9ducation Nationale, du Pr\u00e9scolaire et des Sports, les d\u00e9l\u00e9gu\u00e9s provinciaux du Minist\u00e8re de la Sant\u00e9 et de la Protection sociale, des repr\u00e9sentants de la Direction R\u00e9gionale de la Sant\u00e9 et de la Protection sociale, ainsi que les membres du comit\u00e9 r\u00e9gional de vigilance et de suivi de la situation \u00e9pid\u00e9miologique de la rougeole en milieu scolaire (dont le chef du d\u00e9partement des affaires p\u00e9dagogiques, le chef du d\u00e9partement de la planification et de la carte scolaire, le chef du d\u00e9partement des ressources humaines\u2026<\/p>\n\n\n\n<p class=\"has-text-align-left\"><strong>SAID FRIX ALM<\/strong><\/p>\n","protected":false},"excerpt":{"rendered":"<p>Dans le cadre de l\u2019application de la circulaire conjointe n\u00b0 25X010, sign\u00e9e entre le minist\u00e8re de l&rsquo;\u00c9ducation et le minist\u00e8re de la Sant\u00e9 et de la Protection sociale en date du 23 janvier 2025, relative aux mesures de pr\u00e9vention contre la propagation des maladies infectieuses en milieu scolaire, ainsi que de la circulaire conjointe n\u00b0 [&hellip;]<\/p>\n","protected":false},"author":4,"featured_media":2398,"comment_status":"open","ping_status":"open","sticky":false,"template":"","format":"standard","meta":{"footnotes":""},"categories":[24,1],"tags":[],"class_list":["post-2637","post","type-post","status-publish","format-standard","has-post-thumbnail","hentry","category-francais","category-1"],"_links":{"self":[{"href":"https:\/\/pressmedias.ma\/index.php?rest_route=\/wp\/v2\/posts\/2637","targetHints":{"allow":["GET"]}}],"collection":[{"href":"https:\/\/pressmedias.ma\/index.php?rest_route=\/wp\/v2\/posts"}],"about":[{"href":"https:\/\/pressmedias.ma\/index.php?rest_route=\/wp\/v2\/types\/post"}],"author":[{"embeddable":true,"href":"https:\/\/pressmedias.ma\/index.php?rest_route=\/wp\/v2\/users\/4"}],"replies":[{"embeddable":true,"href":"https:\/\/pressmedias.ma\/index.php?rest_route=%2Fwp%2Fv2%2Fcomments&post=2637"}],"version-history":[{"count":1,"href":"https:\/\/pressmedias.ma\/index.php?rest_route=\/wp\/v2\/posts\/2637\/revisions"}],"predecessor-version":[{"id":2638,"href":"https:\/\/pressmedias.ma\/index.php?rest_route=\/wp\/v2\/posts\/2637\/revisions\/2638"}],"wp:featuredmedia":[{"embeddable":true,"href":"https:\/\/pressmedias.ma\/index.php?rest_route=\/wp\/v2\/media\/2398"}],"wp:attachment":[{"href":"https:\/\/pressmedias.ma\/index.php?rest_route=%2Fwp%2Fv2%2Fmedia&parent=2637"}],"wp:term":[{"taxonomy":"category","embeddable":true,"href":"https:\/\/pressmedias.ma\/index.php?rest_route=%2Fwp%2Fv2%2Fcategories&post=2637"},{"taxonomy":"post_tag","embeddable":true,"href":"https:\/\/pressmedias.ma\/index.php?rest_route=%2Fwp%2Fv2%2Ftags&post=2637"}],"curies":[{"name":"wp","href":"https:\/\/api.w.org\/{rel}","templated":true}]}}