{"id":2641,"date":"2025-02-18T08:28:23","date_gmt":"2025-02-18T08:28:23","guid":{"rendered":"https:\/\/pressmedias.ma\/?p=2641"},"modified":"2025-04-17T16:29:04","modified_gmt":"2025-04-17T15:29:04","slug":"mesures-proactives-pour-lutter-contre-la-vague-de-froid-dans-les-etablissements-scolaires","status":"publish","type":"post","link":"https:\/\/pressmedias.ma\/?p=2641","title":{"rendered":"Mesures proactives pour lutter contre la vague de froid dans les \u00e9tablissements scolaires."},"content":{"rendered":"\n<p class=\"has-text-align-left\"><strong>Dans le cadre des campagnes men\u00e9es par la Direction Provinciale du Minist\u00e8re de l&rsquo;\u00c9ducation Nationale, du pr\u00e9scolaire et des Sports de B\u00e9ni Mellal et de l\u2019\u00e9laboration&nbsp; de programmes pour faire face aux al\u00e9as climatiques et aux vagues de froid pour l&rsquo;ann\u00e9e scolaire 2024\/2025, la Direction Provinciale, en collaboration avec les cadres administratifs et \u00e9ducatifs des \u00e9tablissements scolaires, a proc\u00e9d\u00e9 &nbsp;&nbsp;en septembre 2024 au renouvellement des membres en \u00e9mettant une circulaire encadrant le travail de la cellule de veille provinciale et des cellules de veille locales. Ces cellules sont charg\u00e9es de d\u00e9finir les mesures \u00e0 prendre pour faire face aux al\u00e9as climatiques et aux vagues de froid, les institutions concern\u00e9es \u00e9tant la direction provinciale et tous les \u00e9tablissements scolaires<\/strong><strong>.<\/strong><\/p>\n\n\n\n<p class=\"has-text-align-left\">Depuis, un grand nombre de mesures a \u00e9t\u00e9 pris&nbsp; pour faire face aux al\u00e9as du froid au niveau de la province de Beni Mellal. Ainsi, &nbsp;les cadres \u00e9ducatifs et sanitaires et ceux &nbsp;du Croissant-Rouge Marocain, ont men\u00e9 des campagnes de sensibilisation dans tous les \u00e9tablissements scolaires. Ces campagnes visaient \u00e0 &nbsp;dispenser &nbsp;des s\u00e9ances d&rsquo;information sur les dangers des orages, de l&rsquo;accumulation de neige, et \u00e0 sensibiliser les conducteurs de bus scolaires aux mesures pr\u00e9ventives contre la grippe, le rhume \u2026. En outre, la direction provinciale, les \u00e9tablissements scolaires et l&rsquo;AREF ont veill\u00e9 \u00e0 fournir du chauffage et un confort thermique ad\u00e9quat gr\u00e2ce \u00e0 la r\u00e9allocation et l&rsquo;achat de 440 tonnes de bois de chauffage. Les institutions cibl\u00e9es \u00e9taient la direction provinciale, l&rsquo;acad\u00e9mie, les directions provinciales et les \u00e9tablissements concern\u00e9s, en fonction de leurs besoins sp\u00e9cifiques tout en \u00e9laborant des plans de gestion des risques dans tous les \u00e9tablissements scolaires, actualisant ces plans et contr\u00f4lant les \u00e9quipements de pr\u00e9vention des incendies, ainsi que les r\u00e9seaux d&rsquo;assainissement, d&rsquo;eau et d&rsquo;\u00e9lectricit\u00e9. Ainsi, le &nbsp;service de planification et de la carte scolaire de la direction provinciale de B\u00e9ni Mellal a recens\u00e9 les coordonn\u00e9es des \u00e9tablissements menac\u00e9s par les inondations et les glissements de terrain, notamment ceux situ\u00e9s pr\u00e8s des rivi\u00e8res, oueds et zones sujettes aux glissements de terrain. En octobre et mars 2024, des couvertures et des provisions ont \u00e9t\u00e9 fournies de mani\u00e8re anticip\u00e9e aux internats et cantines des zones froides, en r\u00e9action aux bulletins m\u00e9t\u00e9orologiques d&rsquo;alerte.<\/p>\n\n\n\n<p class=\"has-text-align-left\">Par la suite, des r\u00e9parations ont \u00e9t\u00e9 effectu\u00e9es sur les salles de classe endommag\u00e9es, incluant les fen\u00eatres, portes et vitrages, par les associations des parents d&rsquo;\u00e9l\u00e8ves, les associations de soutien \u00e0 l&rsquo;\u00e9cole de la r\u00e9ussite et la direction provinciale. En outre, la cellule provinciale, les services des affaires p\u00e9dagogiques, de gestion des ressources humaines et les cadres administratifs et enseignants ont assur\u00e9 le temps scolaire en \u00e9mettant une circulaire pour compenser les heures perdues, \u00e9laborer des plans de soutien p\u00e9dagogique et suivre quotidiennement les absences des enseignants et des \u00e9l\u00e8ves durant les p\u00e9riodes de bulletins d&rsquo;alerte. Une circulaire a \u00e9t\u00e9 \u00e9mise pour la collecte de v\u00eatements d&rsquo;hiver et l&rsquo;encadrement des campagnes de bienfaisance organis\u00e9es par les associations de la soci\u00e9t\u00e9 civile au profit des \u00e9l\u00e8ves et de leurs familles dans les r\u00e9gions montagneuses.<\/p>\n\n\n\n<p class=\"has-text-align-left\">Enfin, le bureau de sant\u00e9 scolaire provincial, les cadres \u00e9ducatifs et sanitaires, ainsi que les cadres du Croissant-Rouge Marocain, ont men\u00e9 des campagnes de sensibilisation sur les dangers du monoxyde de carbone en organisant des sessions de sensibilisation et des cours sur le sujet pour les \u00e9l\u00e8ves et les enseignants durant les mois de novembre et d\u00e9cembre 2024.<\/p>\n\n\n\n<p class=\"has-text-align-left\">D\u2019apr\u00e8s la Direction provinciale &nbsp;du Minist\u00e8re de l\u2019Education nationale du pr\u00e9scolaire et des sports, &nbsp;en plus d\u2019un stockage d\u00e9j\u00e0 existant de <strong>300.000 tonnes<\/strong>, il a \u00e9t\u00e9 proc\u00e9d\u00e9 \u00e0 l\u2019acquisition et \u00e0 la distribution de <strong>488.000 Tonnes<\/strong> de bois de chauffage&nbsp; \u00e0 la province de Beni Mellal au niveau du primaire, du coll\u00e9gial et du secondaire avec une enveloppe budg\u00e9taire de <strong>439.200DH<\/strong>. <strong>133<\/strong> \u00e9tablissements scolaires, <strong>10<\/strong> internats&nbsp; et <strong>23446<\/strong> \u00e9l\u00e8ves en ont b\u00e9n\u00e9fici\u00e9<\/p>\n\n\n\n<p class=\"has-text-align-left\"><strong>Said frix ALM<\/strong><\/p>\n","protected":false},"excerpt":{"rendered":"<p>Dans le cadre des campagnes men\u00e9es par la Direction Provinciale du Minist\u00e8re de l&rsquo;\u00c9ducation Nationale, du pr\u00e9scolaire et des Sports de B\u00e9ni Mellal et de l\u2019\u00e9laboration&nbsp; de programmes pour faire face aux al\u00e9as climatiques et aux vagues de froid pour l&rsquo;ann\u00e9e scolaire 2024\/2025, la Direction Provinciale, en collaboration avec les cadres administratifs et \u00e9ducatifs des [&hellip;]<\/p>\n","protected":false},"author":4,"featured_media":2617,"comment_status":"open","ping_status":"open","sticky":false,"template":"","format":"standard","meta":{"footnotes":""},"categories":[24,11],"tags":[],"class_list":["post-2641","post","type-post","status-publish","format-standard","has-post-thumbnail","hentry","category-francais","category-national"],"_links":{"self":[{"href":"https:\/\/pressmedias.ma\/index.php?rest_route=\/wp\/v2\/posts\/2641","targetHints":{"allow":["GET"]}}],"collection":[{"href":"https:\/\/pressmedias.ma\/index.php?rest_route=\/wp\/v2\/posts"}],"about":[{"href":"https:\/\/pressmedias.ma\/index.php?rest_route=\/wp\/v2\/types\/post"}],"author":[{"embeddable":true,"href":"https:\/\/pressmedias.ma\/index.php?rest_route=\/wp\/v2\/users\/4"}],"replies":[{"embeddable":true,"href":"https:\/\/pressmedias.ma\/index.php?rest_route=%2Fwp%2Fv2%2Fcomments&post=2641"}],"version-history":[{"count":1,"href":"https:\/\/pressmedias.ma\/index.php?rest_route=\/wp\/v2\/posts\/2641\/revisions"}],"predecessor-version":[{"id":2642,"href":"https:\/\/pressmedias.ma\/index.php?rest_route=\/wp\/v2\/posts\/2641\/revisions\/2642"}],"wp:featuredmedia":[{"embeddable":true,"href":"https:\/\/pressmedias.ma\/index.php?rest_route=\/wp\/v2\/media\/2617"}],"wp:attachment":[{"href":"https:\/\/pressmedias.ma\/index.php?rest_route=%2Fwp%2Fv2%2Fmedia&parent=2641"}],"wp:term":[{"taxonomy":"category","embeddable":true,"href":"https:\/\/pressmedias.ma\/index.php?rest_route=%2Fwp%2Fv2%2Fcategories&post=2641"},{"taxonomy":"post_tag","embeddable":true,"href":"https:\/\/pressmedias.ma\/index.php?rest_route=%2Fwp%2Fv2%2Ftags&post=2641"}],"curies":[{"name":"wp","href":"https:\/\/api.w.org\/{rel}","templated":true}]}}