{"id":2658,"date":"2025-04-12T23:39:30","date_gmt":"2025-04-12T22:39:30","guid":{"rendered":"https:\/\/pressmedias.ma\/?p=2658"},"modified":"2025-04-17T16:29:47","modified_gmt":"2025-04-17T15:29:47","slug":"beni-mellal-khenifra-plus-de-61582-interventions-de-la-protection-civile-en-2024","status":"publish","type":"post","link":"https:\/\/pressmedias.ma\/?p=2658","title":{"rendered":"Beni Mellal Kh\u00e9nifra\u00a0: plus de 61582 interventions de la protection civile en 2024."},"content":{"rendered":"\n<p class=\"has-text-align-left\"><strong>En pr\u00e9sence de M le Wali de la r\u00e9gion Beni Mellal Kh\u00e9nifra Mohamed Benribag, des \u00e9lus, de personnalit\u00e9s civiles et militaires d\u2019associations de la soci\u00e9t\u00e9 civile\u2026 le commandement r\u00e9gional de la protection civile a c\u00e9l\u00e9br\u00e9 la journ\u00e9e mondiale de la protection civile, Samedi 1 Mars 2025 sous le th\u00e8me \u00ab&nbsp;La protection civile ,garantie de s\u00e9curit\u00e9 pour la population&nbsp;\u00bb.. Des explications ont \u00e9t\u00e9 fournies \u00e0 M le wali et \u00e0 la d\u00e9l\u00e9gation qui l\u2019accompagne.<\/strong><\/p>\n\n\n\n<p class=\"has-text-align-left\">Comme \u00e0 l\u2019accoutum\u00e9e, la Direction G\u00e9n\u00e9rale de la Protection Civile organise, le 1\u1d49\u02b3 mars de chaque ann\u00e9e, des journ\u00e9es portes ouvertes au sein de l\u2019ensemble de ses unit\u00e9s territoriales. Cet \u00e9v\u00e9nement vise \u00e0 renforcer l\u2019ouverture de la protection civile sur la soci\u00e9t\u00e9 et \u00e0 ancrer une culture de pr\u00e9vention et de gestion des risques. Ces journ\u00e9es sont rythm\u00e9es par diverses activit\u00e9s, notamment des exercices de simulation d\u2019interventions en situation d\u2019urgence, des ateliers de formation aux premiers secours, ainsi que des expositions pr\u00e9sentant les \u00e9quipements et mat\u00e9riels utilis\u00e9s. En outre, un bilan annuel des interventions est expos\u00e9, et des brochures de sensibilisation contenant des consignes de s\u00e9curit\u00e9 sont distribu\u00e9es au public<strong>.<\/strong><\/p>\n\n\n\n<p class=\"has-text-align-left\">Dans une&nbsp; allocution de circonstance, le Commandant r\u00e9gional de la protection civile R\u00e9gion Beni Mellal kh\u00e9nifra Ezzahr Said a soulign\u00e9 que&nbsp; \u00ab&nbsp; L\u2019Organisation Internationale de la Protection Civile a choisi le th\u00e8me \u00ab La protection civile, &nbsp;garantie de s\u00e9curit\u00e9 pour la population \u00bb pour c\u00e9l\u00e9brer la Journ\u00e9e mondiale de la protection civile cette ann\u00e9e. Ce choix illustre avec clart\u00e9 le r\u00f4le central que jouent les services de protection civile dans la pr\u00e9servation de la s\u00e9curit\u00e9 et la protection des communaut\u00e9s. En tant que premi\u00e8re ligne de d\u00e9fense face aux catastrophes naturelles et aux accidents d\u2019origine humaine, dont la fr\u00e9quence et la diversit\u00e9 ne cessent d\u2019augmenter sous l\u2019effet des changements climatiques et des \u00e9volutions technologiques et sociales, ces services sont devenus un maillon essentiel des dispositifs de s\u00e9curit\u00e9.&nbsp;\u00bb<\/p>\n\n\n\n<p class=\"has-text-align-left\">. Et d\u2019ajouter \u00ab&nbsp;Les missions de la protection civile se distinguent par leur caract\u00e8re global et diversifi\u00e9, \u00e9voluant en fonction des besoins et des transformations de la soci\u00e9t\u00e9. Parmi ces missions, on retrouve notamment la lutte contre les incendies, l\u2019intervention rapide en cas d\u2019accidents impliquant des substances dangereuses, l\u2019assistance et le secours d\u2019urgence, la contribution \u00e0 la protection de l\u2019environnement.. Le r\u00f4le de la protection civile ne se limite pas aux interventions d\u2019urgence ; il s\u2019\u00e9tend \u00e9galement \u00e0 des actions pr\u00e9ventives et anticipatrices comme la pr\u00e9paration et la mise en place de plans d\u2019urgence , l\u2019expertise et le conseil&nbsp; en mati\u00e8re de s\u00e9curit\u00e9&nbsp; et de pr\u00e9vention des incendies , la sensibilisation et la formation&nbsp;\u00bb<\/p>\n\n\n\n<p class=\"has-text-align-left\">&nbsp;Le nombre&nbsp; des interventions&nbsp; enregistr\u00e9es au niveau r\u00e9gional en 2023 et 2024 a \u00e9t\u00e9 le fruit d\u2019un grand nombre d\u2019efforts inlassables d\u00e9ploy\u00e9s par le corps de la protection civile. Ainsi, en 2023 et 2024,&nbsp; le mouvement ambulatoire a enregistr\u00e9 respectivement 18483 et 21171 interventions, les incendies 1287 et 1116, les sauvetages 25127 et 35610, et les op\u00e9rations diverses 2333 et 3686 interventions. Le nombre total&nbsp; des interventions en 2024 a \u00e9t\u00e9 de 61582. Au niveau&nbsp; du bilan des incendies enregistr\u00e9es respectivement&nbsp; en 2023 et 2024,&nbsp; les habitations 206 et 204 , les habitations recevant le public&nbsp; 23 et 24 , le feu de for\u00eats 24 et 15 , l\u2019agriculture 500 et 391 , les installations classes&nbsp; 123 et 5 , les transports 54 et 44 , les hydrocarbures&nbsp; 30 et 00 , les autres feux&nbsp; 327 et 433.&nbsp; Par province, le nombre d\u2019incendies qui a \u00e9t\u00e9 enregistr\u00e9 &nbsp;en 2024 a \u00e9t\u00e9 de 414 \u00e0 la province de Beni Mellal, 157 \u00e0 Fkih Ben Salah, 96 \u00e0 Azilal, 164 \u00e0 kh\u00e9nifra et 285 \u00e0 khouribga. Le nombre total a \u00e9t\u00e9 de 1116. En somme, de 2023 \u00e0 2024, le nombre total des interventions enregistr\u00e9es&nbsp; au niveau r\u00e9gional est pass\u00e9 de 47230 \u00e0 61582.<\/p>\n\n\n\n<p class=\"has-text-align-left\"><strong>SAID FRIX alm<\/strong><\/p>\n","protected":false},"excerpt":{"rendered":"<p>En pr\u00e9sence de M le Wali de la r\u00e9gion Beni Mellal Kh\u00e9nifra Mohamed Benribag, des \u00e9lus, de personnalit\u00e9s civiles et militaires d\u2019associations de la soci\u00e9t\u00e9 civile\u2026 le commandement r\u00e9gional de la protection civile a c\u00e9l\u00e9br\u00e9 la journ\u00e9e mondiale de la protection civile, Samedi 1 Mars 2025 sous le th\u00e8me \u00ab&nbsp;La protection civile ,garantie de s\u00e9curit\u00e9 [&hellip;]<\/p>\n","protected":false},"author":4,"featured_media":2659,"comment_status":"open","ping_status":"open","sticky":false,"template":"","format":"standard","meta":{"footnotes":""},"categories":[24,11],"tags":[],"class_list":["post-2658","post","type-post","status-publish","format-standard","has-post-thumbnail","hentry","category-francais","category-national"],"_links":{"self":[{"href":"https:\/\/pressmedias.ma\/index.php?rest_route=\/wp\/v2\/posts\/2658","targetHints":{"allow":["GET"]}}],"collection":[{"href":"https:\/\/pressmedias.ma\/index.php?rest_route=\/wp\/v2\/posts"}],"about":[{"href":"https:\/\/pressmedias.ma\/index.php?rest_route=\/wp\/v2\/types\/post"}],"author":[{"embeddable":true,"href":"https:\/\/pressmedias.ma\/index.php?rest_route=\/wp\/v2\/users\/4"}],"replies":[{"embeddable":true,"href":"https:\/\/pressmedias.ma\/index.php?rest_route=%2Fwp%2Fv2%2Fcomments&post=2658"}],"version-history":[{"count":1,"href":"https:\/\/pressmedias.ma\/index.php?rest_route=\/wp\/v2\/posts\/2658\/revisions"}],"predecessor-version":[{"id":2660,"href":"https:\/\/pressmedias.ma\/index.php?rest_route=\/wp\/v2\/posts\/2658\/revisions\/2660"}],"wp:featuredmedia":[{"embeddable":true,"href":"https:\/\/pressmedias.ma\/index.php?rest_route=\/wp\/v2\/media\/2659"}],"wp:attachment":[{"href":"https:\/\/pressmedias.ma\/index.php?rest_route=%2Fwp%2Fv2%2Fmedia&parent=2658"}],"wp:term":[{"taxonomy":"category","embeddable":true,"href":"https:\/\/pressmedias.ma\/index.php?rest_route=%2Fwp%2Fv2%2Fcategories&post=2658"},{"taxonomy":"post_tag","embeddable":true,"href":"https:\/\/pressmedias.ma\/index.php?rest_route=%2Fwp%2Fv2%2Ftags&post=2658"}],"curies":[{"name":"wp","href":"https:\/\/api.w.org\/{rel}","templated":true}]}}