{"id":2664,"date":"2025-04-12T23:36:31","date_gmt":"2025-04-12T22:36:31","guid":{"rendered":"https:\/\/pressmedias.ma\/?p=2664"},"modified":"2025-04-17T16:28:24","modified_gmt":"2025-04-17T15:28:24","slug":"lancement-des-services-de-15-centres-de-sante-a-beni-mellal-khenifra","status":"publish","type":"post","link":"https:\/\/pressmedias.ma\/?p=2664","title":{"rendered":"\u00a0Lancement des services de 15 centres de sant\u00e9 \u00e0 Beni Mellal kh\u00e9nifra"},"content":{"rendered":"\n<p class=\"has-text-align-left\"><strong>En pr\u00e9sence de M Khalid Mansori coordinateur r\u00e9gional du RNI \u00e0 la R\u00e9gion Beni Mellal Kh\u00e9nifra, de Mustapha Reddad Membre du bureau politique du RNI, d\u2019un grand nombre de d\u00e9put\u00e9s Rnistes, des cadres de la sant\u00e9 et des Militants du parti, M Amine T\u00e9hraoui, Ministre de la Sant\u00e9 et de la protection sociale a pr\u00e9sid\u00e9 une rencontre de communication , &nbsp;Mardi 25 F\u00e9vrier 2025, au si\u00e8ge du RNI , \u00e0 Beni Mellal<\/strong>.<\/p>\n\n\n\n<p class=\"has-text-align-left\">Lors de son allocution , Mustapha Reddad a ennobli &nbsp;les grands efforts du Gouvernement &nbsp;&nbsp;en expliquant que \u00ab&nbsp;La performance du Gouvernement est sans pr\u00e9c\u00e9dent car il est parvenu \u00e0 mettre en \u0153uvre des chantiers et des dossiers rest\u00e9s longtemps en suspens dans les secteurs de la sant\u00e9 , &nbsp;de l\u2019enseignement et de l\u2019emploi qui entrent dans le cadre du nouveau mod\u00e8le de d\u00e9veloppement&nbsp; initi\u00e9 par Sa Majest\u00e9 le Roi Mohammed VI , que Dieu l\u2019assiste. La nomination, par le Souverain du Ministre Amine T\u00e9hraoui est une concr\u00e9tisation de&nbsp; la vision Royale \u00e9clair\u00e9e et une cons\u00e9cration &nbsp;qui insuffle une nouvelle dynamique au domaine de la Sant\u00e9. Ainsi, &nbsp;la &nbsp;rencontre de communication d\u2019aujourd\u2019hui &nbsp;jettera des lumi\u00e8res sur la strat\u00e9gie du Minist\u00e8re de tutelle et du Gouvernement &nbsp;qui a toujours fait de la sant\u00e9 la priorit\u00e9 des priorit\u00e9s\u00bb<\/p>\n\n\n\n<p class=\"has-text-align-left\">Pour sa part , M le Ministre a mis l\u2019accent sur la strat\u00e9gie du Gouvernement qui a pris des mesures &nbsp;et&nbsp; a entrepris une r\u00e9forme majeure de son syst\u00e8me de protection sociale afin de garantir une couverture \u00e9largie et \u00e9quitable \u00e0 l\u2019ensemble de la population&nbsp; conform\u00e9ment aux Hautes instructions Royales et d\u2019ajouter \u00ab&nbsp; Cette &nbsp;initiative s\u2019inscrit dans une d\u00e9marche d\u2019inclusion sociale et de r\u00e9duction des in\u00e9galit\u00e9s, avec un objectif clair : assurer une meilleure protection aux cat\u00e9gories vuln\u00e9rables et renforcer la coh\u00e9sion sociale du pays. Beni Mellal est la premi\u00e8re o\u00f9 &nbsp;&nbsp;j\u2019ai effectu\u00e9 &nbsp;aujourd\u2019hui une visite de terrain. Mais mon &nbsp;intervention mettra d\u2019abord en exergue la question de la rougeole et de la vaccination. En collaboration avec d\u2019autres minist\u00e8res concern\u00e9s, le Minist\u00e8re de la sant\u00e9 a pris des mesures pour lutter contre cette maladie de peur qu\u2019elle ne cause un grand nombre de d\u00e9c\u00e8s. Apr\u00e8s quatre semaines, &nbsp;son taux&nbsp; a &nbsp;diminu\u00e9 de 40% \u00e0 Beni Mellal. Par cons\u00e9quent, je lance un appel \u00e0 tous les parents d\u2019\u00e9l\u00e8ves, aux autorit\u00e9s locales pour qu\u2019ils multiplient les campagnes de sensibilisation pour vacciner nos enfants&nbsp; parce que l\u2019on a remarqu\u00e9 une r\u00e9gression au niveau de&nbsp; ces op\u00e9rations de vaccination.. Concernant la sant\u00e9 en g\u00e9n\u00e9ral, le Gouvernement&nbsp; lui&nbsp; a donn\u00e9 une grande importance &nbsp;en lui consacrant des budgets, de grands moyens&nbsp; et un arsenal de lois afin que ce grand chantier r\u00e9alise les objectifs escompt\u00e9s. &nbsp;Ainsi , les &nbsp;prochaines ann\u00e9es pour le gouvernement &nbsp;porteront sur &nbsp;la r\u00e9habilitation&nbsp; de ces r\u00e9formes et la mise en application des lois&nbsp; pour qu\u2019elles soient au niveau des attentes des citoyens\u2026&nbsp;\u00bb<\/p>\n\n\n\n<p class=\"has-text-align-left\">Au sujet des \u00e9tudiants en m\u00e9decine, M Tahraoui a fait savoir que \u00ab&nbsp;Nous sommes arriv\u00e9s, en un seul mois, \u00e0 trouver des solutions d\u00e9finitives aux probl\u00e8mes des \u00e9tudiants qui&nbsp; \u00e9taient en gr\u00e8ve&nbsp; pendant&nbsp; 11 mois. Et des mesures sont prises par le Minist\u00e8re de tutelle pour rem\u00e9dier au probl\u00e8me &nbsp;du &nbsp;d\u00e9ficit en ressources humaines.&nbsp; &nbsp;A cette occasion , nous avons ouvert de nouvelles opportunit\u00e9s pour l\u2019admission d\u2019un plus grand nombre d\u2019\u00e9tudiants avec une augmentation qui varie entre 15, 20 et 30% dans certaines universit\u00e9s et &nbsp;m\u00eame au niveau des \u00e9coles des infirmiers&nbsp; et des professionnels de sant\u00e9 dont la capacit\u00e9 connaitra une croissance&nbsp; variant entre 15 , 25 et 30%. Concernant les infrastructures, chaque r\u00e9gion aura son CHU et une grande importance sera aussi accord\u00e9e aux centres de sant\u00e9, aux h\u00f4pitaux provinciaux et r\u00e9gionaux.. . Au niveau national&nbsp; le Minist\u00e8re de la sant\u00e9 proc\u00e8dera \u00e0 la r\u00e9habilitation de 1400 centres de sant\u00e9 de proximit\u00e9. Ce programme vise \u00e0 am\u00e9liorer l&rsquo;accessibilit\u00e9 et la qualit\u00e9 des services de sant\u00e9 de base sur l&rsquo;ensemble du Royaume&nbsp;\u00bb<\/p>\n\n\n\n<p class=\"has-text-align-left\">Rappelons qu\u2019en pr\u00e9sence du Wali&nbsp; de&nbsp; Mellal kh\u00e9nifra Mohamed Benribag et d\u2019un grand nombre d\u2019\u00e9lus , M Tahraoui a proc\u00e9d\u00e9 au lancement des services dans 15 centres de sant\u00e9 au niveau de la r\u00e9gion , \u00e0 savoir , trois&nbsp; centres de sant\u00e9 a la province de Fkih Ben Salah, \u00e0 Souk Sebt, \u00e0&nbsp; Sidi Aissa et&nbsp; \u00e0 Bni Oukil., trois centres \u00e0 Khouribga&nbsp;: Ibn Abdoune&nbsp; ,Al Kouds et Moulay youssef&nbsp; , El Fath&nbsp; \u00e0 Oued Zem&nbsp; , 20 Aout \u00e0 Jejjad et&nbsp;&nbsp;&nbsp; le centre de sant\u00e9&nbsp; Al Amria \u00e0&nbsp; Beni Mellal,. Quant \u00e0 la province d\u2019Azilal , le lancement des services a port\u00e9 sur&nbsp; le centre Abachkou&nbsp; et Ouzoud en plus de la mise en service des centres Injrane et Tifni.. A kh\u00e9nifra, ces centres de sant\u00e9 sont Ouaoumana et tighssaline.<\/p>\n\n\n\n<p class=\"has-text-align-left\">Les questions des participants \u00e0 cette rencontre de communication ont port\u00e9 , entre autres, sur les ressources humaines dans le secteur de la sant\u00e9 , les infrastructures sanitaires ,&nbsp; , les CHU de Beni Mellal ,&nbsp; la r\u00e9habilitation des centres de sant\u00e9 \u00e0 Beni Mellal kh\u00e9nifra , la protection sociale , l\u2019Etat social , la strat\u00e9gie du Gouvernement en mati\u00e8re de sant\u00e9\u2026<\/p>\n\n\n\n<p class=\"has-text-align-left\"><strong>SAID FRIX alm<\/strong><\/p>\n","protected":false},"excerpt":{"rendered":"<p>En pr\u00e9sence de M Khalid Mansori coordinateur r\u00e9gional du RNI \u00e0 la R\u00e9gion Beni Mellal Kh\u00e9nifra, de Mustapha Reddad Membre du bureau politique du RNI, d\u2019un grand nombre de d\u00e9put\u00e9s Rnistes, des cadres de la sant\u00e9 et des Militants du parti, M Amine T\u00e9hraoui, Ministre de la Sant\u00e9 et de la protection sociale a pr\u00e9sid\u00e9 [&hellip;]<\/p>\n","protected":false},"author":4,"featured_media":2665,"comment_status":"open","ping_status":"open","sticky":false,"template":"","format":"standard","meta":{"footnotes":""},"categories":[24,11],"tags":[],"class_list":["post-2664","post","type-post","status-publish","format-standard","has-post-thumbnail","hentry","category-francais","category-national"],"_links":{"self":[{"href":"https:\/\/pressmedias.ma\/index.php?rest_route=\/wp\/v2\/posts\/2664","targetHints":{"allow":["GET"]}}],"collection":[{"href":"https:\/\/pressmedias.ma\/index.php?rest_route=\/wp\/v2\/posts"}],"about":[{"href":"https:\/\/pressmedias.ma\/index.php?rest_route=\/wp\/v2\/types\/post"}],"author":[{"embeddable":true,"href":"https:\/\/pressmedias.ma\/index.php?rest_route=\/wp\/v2\/users\/4"}],"replies":[{"embeddable":true,"href":"https:\/\/pressmedias.ma\/index.php?rest_route=%2Fwp%2Fv2%2Fcomments&post=2664"}],"version-history":[{"count":1,"href":"https:\/\/pressmedias.ma\/index.php?rest_route=\/wp\/v2\/posts\/2664\/revisions"}],"predecessor-version":[{"id":2666,"href":"https:\/\/pressmedias.ma\/index.php?rest_route=\/wp\/v2\/posts\/2664\/revisions\/2666"}],"wp:featuredmedia":[{"embeddable":true,"href":"https:\/\/pressmedias.ma\/index.php?rest_route=\/wp\/v2\/media\/2665"}],"wp:attachment":[{"href":"https:\/\/pressmedias.ma\/index.php?rest_route=%2Fwp%2Fv2%2Fmedia&parent=2664"}],"wp:term":[{"taxonomy":"category","embeddable":true,"href":"https:\/\/pressmedias.ma\/index.php?rest_route=%2Fwp%2Fv2%2Fcategories&post=2664"},{"taxonomy":"post_tag","embeddable":true,"href":"https:\/\/pressmedias.ma\/index.php?rest_route=%2Fwp%2Fv2%2Ftags&post=2664"}],"curies":[{"name":"wp","href":"https:\/\/api.w.org\/{rel}","templated":true}]}}