{"id":2670,"date":"2025-04-12T23:38:46","date_gmt":"2025-04-12T22:38:46","guid":{"rendered":"https:\/\/pressmedias.ma\/?p=2670"},"modified":"2025-04-17T16:29:03","modified_gmt":"2025-04-17T15:29:03","slug":"tenue-de-la-premiere-session-ordinaire-de-la-chambre-de-commerce-dindustrie-et-des-services-au-titre-de-2025","status":"publish","type":"post","link":"https:\/\/pressmedias.ma\/?p=2670","title":{"rendered":"Tenue de la premi\u00e8re session ordinaire de la chambre de commerce d\u2019industrie et des services au titre de 2025."},"content":{"rendered":"\n<p><strong>La Chambre de Commerce, d\u2019Industrie et des Services de B\u00e9ni Mellal-Kh\u00e9nifra a tenu sa premi\u00e8re session ordinaire de l\u2019ann\u00e9e 2025, mardi 18 f\u00e9vrier 2025, \u00e0 son si\u00e8ge \u00e0 B\u00e9ni Mellal, sous la pr\u00e9sidence de M Khalid Mansouri.<\/strong><\/p>\n\n\n\n<p>Ainsi , &nbsp;et sous la pr\u00e9sidence de Khalid Mansouri , il a \u00e9t\u00e9 proc\u00e9d\u00e9 d\u2019abord \u00e0 l\u2019approbation ,\u00e0 l\u2019unanimit\u00e9 ,du proc\u00e8s-verbal de la session pr\u00e9c\u00e9dente puis \u00e0 l\u2019\u00e9tude du projet de convention pour la r\u00e9habilitation de la Place Al Massira \u00e0 Khouribga, avec un report de l\u2019approbation en attendant l\u2019\u00e9laboration d\u2019une fiche technique et financi\u00e8re d\u00e9taill\u00e9e . Et apr\u00e8s&nbsp; l\u2019approbation de principe \u00e0 l\u2019unanimit\u00e9 du projet de convention pour la r\u00e9habilitation du p\u00f4le commercial des rues Bab Marrakech, Amghala et Al Afou \u00e0 B\u00e9ni Mellal ; le conseil&nbsp; a proc\u00e9d\u00e9 aussi \u00e0 l\u2019approbation \u00e0 l\u2019unanimit\u00e9 du projet de convention pour l\u2019extension de la zone industrielle de Khouribga (version amend\u00e9e), avec d\u00e9l\u00e9gation de pouvoir au Pr\u00e9sident de la Chambre pour entreprendre les proc\u00e9dures administratives et juridiques n\u00e9cessaires. D\u2019autres points qui ont \u00e9t\u00e9 \u00e0 l\u2019ordre du jour de cette session ont \u00e9t\u00e9 approuv\u00e9s&nbsp; \u00e0 l\u2019unanimit\u00e9, \u00e0 savoir, le compte administratif du budget 2024, le projet de budget 2025, avec habilitation du Pr\u00e9sident de la Chambre \u00e0 apporter toute modification jug\u00e9e n\u00e9cessaire ; la cr\u00e9ation d\u2019une repr\u00e9sentation de la Chambre dans la province de Fquih Ben Salah&nbsp; et Approbation \u00e0 l\u2019unanimit\u00e9 de l\u2019avenant \u00e0 la convention de partenariat pour l\u2019am\u00e9nagement et la r\u00e9habilitation du p\u00f4le commercial de Bir Nzaran et Oujda \u00e0 Kh\u00e9nifra, portant sur une contribution additionnelle de 1 million de dirhams de la part de la Chambre et 1,2 million de dirhams de la Commune de Kh\u00e9nifra. Quant \u00e0 l\u2019\u00e9tude du projet de r\u00e9habilitation du march\u00e9 central (Souika) et du p\u00f4le commercial des rues Al Masjid et de l\u2019h\u00f4pital \u00e0 Oued Zem , elle a \u00e9t\u00e9 report\u00e9e. Enfin, le Directeur r\u00e9gional a pr\u00e9sent\u00e9 un expos\u00e9 d\u00e9taill\u00e9 sur le programme de travail de la Chambre pour l\u2019ann\u00e9e 2025.<\/p>\n\n\n\n<p>&nbsp;Ont pris part \u00e0 cette session&nbsp; ordinaire&nbsp;,le &nbsp;repr\u00e9sentant du<strong>Wali de la r\u00e9gion B\u00e9ni Mellal-Kh\u00e9nifra et Gouverneur de la province de B\u00e9ni Mellal<\/strong><strong>, <\/strong>les repr\u00e9sentants du gouverneur &nbsp;de la province &nbsp;de Khouribga, ainsi que &nbsp;le <strong>&nbsp;<\/strong><strong>Directeur r\u00e9gional de l\u2019Industrie et du Commerce \u00e0 B\u00e9ni Mellal<\/strong><strong>, <\/strong>&nbsp;le &nbsp;repr\u00e9sentant de la d\u00e9l\u00e9gation du Minist\u00e8re de l\u2019Industrie et du Commerce \u00e0 Khouribga, &nbsp;le <strong>&nbsp;<\/strong><strong>Directeur et les cadres de la Chambre<\/strong><strong>, <\/strong>et &nbsp;les <strong>&nbsp;<\/strong><strong>repr\u00e9sentants des m\u00e9dias<\/strong><strong>.<\/strong><\/p>\n\n\n\n<p><strong>SAID FRIX<\/strong><strong><\/strong><\/p>\n","protected":false},"excerpt":{"rendered":"<p>La Chambre de Commerce, d\u2019Industrie et des Services de B\u00e9ni Mellal-Kh\u00e9nifra a tenu sa premi\u00e8re session ordinaire de l\u2019ann\u00e9e 2025, mardi 18 f\u00e9vrier 2025, \u00e0 son si\u00e8ge \u00e0 B\u00e9ni Mellal, sous la pr\u00e9sidence de M Khalid Mansouri. Ainsi , &nbsp;et sous la pr\u00e9sidence de Khalid Mansouri , il a \u00e9t\u00e9 proc\u00e9d\u00e9 d\u2019abord \u00e0 l\u2019approbation ,\u00e0 [&hellip;]<\/p>\n","protected":false},"author":4,"featured_media":0,"comment_status":"open","ping_status":"open","sticky":false,"template":"","format":"standard","meta":{"footnotes":""},"categories":[24,1],"tags":[],"class_list":["post-2670","post","type-post","status-publish","format-standard","hentry","category-francais","category-1"],"_links":{"self":[{"href":"https:\/\/pressmedias.ma\/index.php?rest_route=\/wp\/v2\/posts\/2670","targetHints":{"allow":["GET"]}}],"collection":[{"href":"https:\/\/pressmedias.ma\/index.php?rest_route=\/wp\/v2\/posts"}],"about":[{"href":"https:\/\/pressmedias.ma\/index.php?rest_route=\/wp\/v2\/types\/post"}],"author":[{"embeddable":true,"href":"https:\/\/pressmedias.ma\/index.php?rest_route=\/wp\/v2\/users\/4"}],"replies":[{"embeddable":true,"href":"https:\/\/pressmedias.ma\/index.php?rest_route=%2Fwp%2Fv2%2Fcomments&post=2670"}],"version-history":[{"count":1,"href":"https:\/\/pressmedias.ma\/index.php?rest_route=\/wp\/v2\/posts\/2670\/revisions"}],"predecessor-version":[{"id":2695,"href":"https:\/\/pressmedias.ma\/index.php?rest_route=\/wp\/v2\/posts\/2670\/revisions\/2695"}],"wp:attachment":[{"href":"https:\/\/pressmedias.ma\/index.php?rest_route=%2Fwp%2Fv2%2Fmedia&parent=2670"}],"wp:term":[{"taxonomy":"category","embeddable":true,"href":"https:\/\/pressmedias.ma\/index.php?rest_route=%2Fwp%2Fv2%2Fcategories&post=2670"},{"taxonomy":"post_tag","embeddable":true,"href":"https:\/\/pressmedias.ma\/index.php?rest_route=%2Fwp%2Fv2%2Ftags&post=2670"}],"curies":[{"name":"wp","href":"https:\/\/api.w.org\/{rel}","templated":true}]}}