{"id":2682,"date":"2025-04-12T23:34:52","date_gmt":"2025-04-12T22:34:52","guid":{"rendered":"https:\/\/pressmedias.ma\/?p=2682"},"modified":"2025-04-17T16:29:04","modified_gmt":"2025-04-17T15:29:04","slug":"plus-de-84-048-menages-ont-beneficie-de-loperation-du-soutien-alimentaire-ramadan-1446-a-beni-mellal-khenifra","status":"publish","type":"post","link":"https:\/\/pressmedias.ma\/?p=2682","title":{"rendered":"Plus de 84.048 m\u00e9nages ont b\u00e9n\u00e9fici\u00e9 de l\u2019op\u00e9ration du soutien alimentaire Ramadan 1446 \u00e0 Beni Mellal kh\u00e9nifra"},"content":{"rendered":"\n<p class=\"has-text-align-left\">Au niveau de la R\u00e9gion Beni Mellal kh\u00e9nifra, plus de 84.048 m\u00e9nages ont b\u00e9n\u00e9fici\u00e9 de l\u2019op\u00e9ration de soutien alimentaire Ramadan 1446 &nbsp;initi\u00e9e par la Fondation Mohammed V pour la solidarit\u00e9&nbsp; et dont le coup d\u2019envoi a \u00e9t\u00e9 donn\u00e9, \u00e0 Beni Mellal, Mardi 5 Mars 2025. A la &nbsp;province d\u2019Azilal, 30.416 m\u00e9nages en ont b\u00e9n\u00e9fici\u00e9, \u00e0 Beni Mellal 16.429 (2668 m\u00e9nages en milieu urbain et 13.761 relevant des r\u00e9gions montagneuses) , Khouribga&nbsp; 10.548 m\u00e9nages , Fkih Ben Salah&nbsp; 8.955 et la province de kh\u00e9nifra 17.700.<\/p>\n\n\n\n<p class=\"has-text-align-left\">Cette initiative louable de dimension humaine qui s\u2019assigne pour objectif de pr\u00eater main \u2013forte aux familles en situation de pr\u00e9carit\u00e9 s\u2019est pass\u00e9e dans de bonnes conditions. Tous les b\u00e9n\u00e9ficiaires ont \u00e9t\u00e9 tr\u00e8s satisfaits de cette aide alimentaire portant sur 5 kg de riz, 10 kg de farine, 4 kg de sucre, 850 g de concentr\u00e9 de tomate, 1 kg de lentilles, 850g de th\u00e9, 5 litres d\u2019huile, 1 kg de vermicelles&nbsp; et 6 litres de lait.<\/p>\n\n\n\n<p class=\"has-text-align-left\">Saluant cette op\u00e9ration&nbsp; d\u2019aide alimentaire, un p\u00e8re de famille a d\u00e9clar\u00e9 que sa famille&nbsp; en a grand besoin et que&nbsp; cette aide salvatrice s\u00e8mera la joie au sein de toute sa famille. Et de poursuivre \u00ab&nbsp;Nous remercions vivement Sa Majest\u00e9 le Roi Mohammed VI, que Dieu l\u2019assiste, pour cette initiative de solidarit\u00e9 envers les familles en situation de vuln\u00e9rabilit\u00e9\u2026&nbsp;\u00bb<\/p>\n\n\n\n<p class=\"has-text-align-left\">De son c\u00f4t\u00e9, une femme veuve a soulign\u00e9 que ses enfants ont besoin de cette aide alimentaire surtout pendant ce mois sacr\u00e9 du Ramadan et&nbsp;\u00ab&nbsp;qu\u2019elle est tr\u00e8s &nbsp;satisfaite de ce&nbsp; geste de solidarit\u00e9&nbsp; qui lui apporte un grand r\u00e9confort.&nbsp;\u00bb<\/p>\n\n\n\n<p class=\"has-text-align-left\">Rappelons que Sur Hautes instructions Royales, l\u2019op\u00e9ration d\u2019aide alimentaire Ramadan 1446 a \u00e9t\u00e9 lanc\u00e9e, Lundi 3 Mars, par Son Altesse Royal le prince Moulay El Hassan et Son Altesse Royale la princesse Lalla Khadija. Notons aussi que c\u2019est pour la premi\u00e8re fois&nbsp; qu\u2019il a \u00e9t\u00e9 proc\u00e9d\u00e9 au recours aux donn\u00e9es socio\u00e9conomiques des m\u00e9nages enregistr\u00e9es au Registre social unifi\u00e9&nbsp; ( RSU ) afin de d\u00e9terminer l\u2019\u00e9ligibilit\u00e9 des familles \u00e0 b\u00e9n\u00e9ficier de cette &nbsp;aide &nbsp;alimentaire. Cette op\u00e9ration mobilise une enveloppe budg\u00e9taire de 330MD tout en portant sur la distribution de 34.280 tonnes de produits alimentaires.<\/p>\n\n\n\n<p class=\"has-text-align-left\"><strong>SAID FRIX alm<\/strong><\/p>\n","protected":false},"excerpt":{"rendered":"<p>Au niveau de la R\u00e9gion Beni Mellal kh\u00e9nifra, plus de 84.048 m\u00e9nages ont b\u00e9n\u00e9fici\u00e9 de l\u2019op\u00e9ration de soutien alimentaire Ramadan 1446 &nbsp;initi\u00e9e par la Fondation Mohammed V pour la solidarit\u00e9&nbsp; et dont le coup d\u2019envoi a \u00e9t\u00e9 donn\u00e9, \u00e0 Beni Mellal, Mardi 5 Mars 2025. A la &nbsp;province d\u2019Azilal, 30.416 m\u00e9nages en ont b\u00e9n\u00e9fici\u00e9, \u00e0 [&hellip;]<\/p>\n","protected":false},"author":4,"featured_media":2683,"comment_status":"open","ping_status":"open","sticky":false,"template":"","format":"standard","meta":{"footnotes":""},"categories":[24,12],"tags":[],"class_list":["post-2682","post","type-post","status-publish","format-standard","has-post-thumbnail","hentry","category-francais","category-economies"],"_links":{"self":[{"href":"https:\/\/pressmedias.ma\/index.php?rest_route=\/wp\/v2\/posts\/2682","targetHints":{"allow":["GET"]}}],"collection":[{"href":"https:\/\/pressmedias.ma\/index.php?rest_route=\/wp\/v2\/posts"}],"about":[{"href":"https:\/\/pressmedias.ma\/index.php?rest_route=\/wp\/v2\/types\/post"}],"author":[{"embeddable":true,"href":"https:\/\/pressmedias.ma\/index.php?rest_route=\/wp\/v2\/users\/4"}],"replies":[{"embeddable":true,"href":"https:\/\/pressmedias.ma\/index.php?rest_route=%2Fwp%2Fv2%2Fcomments&post=2682"}],"version-history":[{"count":1,"href":"https:\/\/pressmedias.ma\/index.php?rest_route=\/wp\/v2\/posts\/2682\/revisions"}],"predecessor-version":[{"id":2684,"href":"https:\/\/pressmedias.ma\/index.php?rest_route=\/wp\/v2\/posts\/2682\/revisions\/2684"}],"wp:featuredmedia":[{"embeddable":true,"href":"https:\/\/pressmedias.ma\/index.php?rest_route=\/wp\/v2\/media\/2683"}],"wp:attachment":[{"href":"https:\/\/pressmedias.ma\/index.php?rest_route=%2Fwp%2Fv2%2Fmedia&parent=2682"}],"wp:term":[{"taxonomy":"category","embeddable":true,"href":"https:\/\/pressmedias.ma\/index.php?rest_route=%2Fwp%2Fv2%2Fcategories&post=2682"},{"taxonomy":"post_tag","embeddable":true,"href":"https:\/\/pressmedias.ma\/index.php?rest_route=%2Fwp%2Fv2%2Ftags&post=2682"}],"curies":[{"name":"wp","href":"https:\/\/api.w.org\/{rel}","templated":true}]}}