{"id":2691,"date":"2025-04-12T23:33:51","date_gmt":"2025-04-12T22:33:51","guid":{"rendered":"https:\/\/pressmedias.ma\/?p=2691"},"modified":"2025-04-17T16:29:07","modified_gmt":"2025-04-17T15:29:07","slug":"entretien-avec-imane-echifa-directrice-du-crt-beni-mellal-khenifra","status":"publish","type":"post","link":"https:\/\/pressmedias.ma\/?p=2691","title":{"rendered":"Entretien avec Imane Echifa, Directrice du CRT B\u00e9ni Mellal-Kh\u00e9nifra"},"content":{"rendered":"\n<p><strong>Notre mission est de b\u00e2tir une offre touristique compl\u00e8te et attractive\u201d<\/strong><\/p>\n\n\n\n<p><strong>Dans cet entretien, Imane Echifa met l\u2019accent sur des axes relatifs \u00e0 la promotion de l\u2019offre touristique et de l\u2019attractivit\u00e9 de la r\u00e9gion Beni Mellal kh\u00e9nifra, \u00e0 savoir, l\u2019orientation du CRT, son plan d\u2019action et son \u00e9cosyst\u00e8me digital. Les d\u00e9tails.<\/strong><\/p>\n\n\n\n<h1 class=\"wp-block-heading\">&nbsp;ALM&nbsp;: b\u00e9ni Mellal-Kh\u00e9nifra est souvent associ\u00e9e \u00e0 une destination nature. Comment cette identit\u00e9 peut-elle \u00eatre d\u00e9velopp\u00e9e davantage ?<\/h1>\n\n\n\n<p>&nbsp;<strong>Imane Echifa&nbsp;:<\/strong> Il est vrai que notre r\u00e9gion est riche en merveilles naturelles, avec des sites embl\u00e9matiques comme les cascades d\u2019Ouzoud, le lac Bin El Ouidane, le parc national du Haut Atlas, le G\u00e9o Parc Mgoun ou encore la vall\u00e9e d\u2019A\u00eft Bouguemez etc. Mais B\u00e9ni Mellal-Kh\u00e9nifra ne se r\u00e9sume pas uniquement \u00e0 la nature. Nous avons aussi un patrimoine mat\u00e9riel et immat\u00e9riel exceptionnel, une gastronomie authentique, des traditions artisanales, ainsi qu\u2019une multitude d\u2019exp\u00e9riences locales \u00e0 offrir.<\/p>\n\n\n\n<p>Notre r\u00f4le aujourd\u2019hui est de mettre en lumi\u00e8re cette diversit\u00e9 et de structurer une offre touristique compl\u00e8te. Nous voulons valoriser des activit\u00e9s adapt\u00e9es \u00e0 toutes les cibles : solo, couples, familles ou groupes d\u2019amis. La r\u00e9gion est un v\u00e9ritable terrain de jeu pour les amateurs d\u2019activit\u00e9s en plein air : randonn\u00e9e, VTT, escalade, sports nautiques, parapente, sans oublier l\u2019artisanat et l\u2019agrotourisme. Toutefois, certains leviers restent encore sous-exploit\u00e9s et m\u00e9ritent d\u2019\u00eatre mieux d\u00e9velopp\u00e9s, notamment les loisirs, l\u2019animation touristique et l\u2019\u00e9cotourisme<\/p>\n\n\n\n<h1 class=\"wp-block-heading\">Quelle est aujourd\u2019hui l\u2019orientation du CRT pour dynamiser l\u2019offre touristique r\u00e9gionale ?<\/h1>\n\n\n\n<p>Nous souhaitons valoriser des produits de niche \u00e0 fort potentiel, comme la chasse touristique, la p\u00eache durable ou encore le parachutisme et les autres activit\u00e9s de plein air. En parall\u00e8le, nous avons recens\u00e9 plus de 50 exp\u00e9riences uniques \u00e0 vivre dans la r\u00e9gion, r\u00e9pondant aux nouvelles attentes des voyageurs, en qu\u00eate d\u2019\u00e9vasion, de d\u00e9couverte et d\u2019authenticit\u00e9.<\/p>\n\n\n\n<p>Notre mission est de f\u00e9d\u00e9rer l\u2019ensemble des acteurs du secteur pour structurer ces offres et les rendre accessibles au grand public. Nous travaillons main dans la main avec les professionnels locaux, les autorit\u00e9s et nos partenaires institutionnels pour offrir une exp\u00e9rience touristique coh\u00e9rente et enrichissante.<\/p>\n\n\n\n<h1 class=\"wp-block-heading\">Quel plan d\u2019action le CRT suit-il pour la promotion de la destination ?<\/h1>\n\n\n\n<p>Nous avons \u00e9labor\u00e9 un plan d\u2019action ambitieux qui est actuellement en discussion avec notre partenaire l\u2019ONMT pour validation et signature. Il comprend plusieurs initiatives phares, notamment l\u2019organisation de trois salons exceptionnels : Un Salon de la Chasse et de la P\u00eache Durables en partenariat avec l\u2019Agence des Eaux et For\u00eats : L\u2019objectif est de promouvoir ces activit\u00e9s tout en mettant en avant la pr\u00e9servation des \u00e9cosyst\u00e8mes. Nous comptons r\u00e9unir des acteurs nationaux et internationaux, notamment des march\u00e9s strat\u00e9giques comme le Royaume-Uni, l\u2019Espagne, la Su\u00e8de, la France, les \u00c9tats-Unis, le Canada et les pays arabes , Un Salon International du Parachutisme : B\u00e9ni Mellal dispose d\u2019un a\u00e9roport id\u00e9al pour cette discipline, avec une piste de 1 200 m\u00e8tres de long sur 10 m\u00e8tres de large, qui a d\u00e9j\u00e0 accueilli plusieurs \u00e9v\u00e9nements d\u2019aviation. Cet \u00e9v\u00e9nement mettra en lumi\u00e8re le potentiel de la r\u00e9gion en mati\u00e8re de sports a\u00e9riens et attirera des \u00e9quipes de parachutisme du monde entier, des tour-op\u00e9rateurs sp\u00e9cialis\u00e9s ainsi que des amateurs de sensations fortes. Il s\u2019agit d\u2019un levier fort pour le rayonnement international de la r\u00e9gion, un Salon des Activit\u00e9s de Plein Air : Cet \u00e9v\u00e9nement sera d\u00e9di\u00e9 aux loisirs outdoor et aux sports nature, avec une attention particuli\u00e8re \u00e0 la province de Kh\u00e9nifra, qui regorge de sites adapt\u00e9s \u00e0 ces pratiques. Il servira de plateforme de rencontre entre les professionnels du tourisme d\u2019aventure et les visiteurs en qu\u00eate d\u2019exp\u00e9riences immersives<\/p>\n\n\n\n<h1 class=\"wp-block-heading\">Le CRT travaille-t-il sur d\u2019autres initiatives pour renforcer l\u2019attractivit\u00e9 de la r\u00e9gion ?<\/h1>\n\n\n\n<p>En plus des salons, nous mettons l\u2019accent sur le d\u00e9veloppement des connexions a\u00e9riennes. Actuellement, l\u2019a\u00e9roport de B\u00e9ni Mellal est reli\u00e9 \u00e0 Barcelone et Milan, et nous esp\u00e9rons que des nouvelles lignes seront ajout\u00e9es pour faciliter l\u2019accessibilit\u00e9 de la r\u00e9gion. C\u2019est une vision port\u00e9e par notre pr\u00e9sident, M. Younes Laraqui, en concertation avec les autorit\u00e9s locales et l\u2019ONMT.<\/p>\n\n\n\n<p>Nous avons \u00e9galement initi\u00e9 un travail de mise en r\u00e9seau des professionnels locaux avec leurs homologues internationaux, afin de cr\u00e9er des synergies et renforcer l\u2019offre touristique dans le cadre des Eductours et Workshops pour faire d\u00e9couvrir la destination au Tour op\u00e9rateurs et la commercialiser par la suite.<\/p>\n\n\n\n<h1 class=\"wp-block-heading\">Le digital est aujourd\u2019hui un levier incontournable. Quelles sont les actions du CRT dans ce domaine ?<\/h1>\n\n\n\n<p>Depuis la recr\u00e9ation du CRT, nous avons dot\u00e9 la destination d\u2019un \u00e9cosyst\u00e8me digital complet, \u00e0 savoir, Un site web officiel <a href=\"https:\/\/visitbenimellal.com\/\"><u>visitbenimellal.com<\/u><\/a>, qui offre une pr\u00e9sentation d\u00e9taill\u00e9e de la r\u00e9gion et de ses activit\u00e9s, Une application mobile proposant plusieurs fonctionnalit\u00e9s : conception d\u2019itin\u00e9raires, carte interactive, documentation touristique et, r\u00e9cemment, un espace pro d\u00e9di\u00e9 aux prestataires locaux.<\/p>\n\n\n\n<p>Nous avons \u00e9galement produit et diffus\u00e9 une vid\u00e9o promotionnelle qui met en valeur les atouts touristiques de B\u00e9ni Mellal-Kh\u00e9nifra \u00e0 travers des images percutantes et un r\u00e9cit immersif. Cette vid\u00e9o, visible ici : <a href=\"https:\/\/youtu.be\/L8j1fZWDct0?si=yAh87dyvB99uFPOc\"><u>Lien YouTube<\/u><\/a>, permet de montrer la diversit\u00e9 et la richesse de notre destination. Sur le plan des r\u00e9seaux sociaux, notre communaut\u00e9 d\u00e9passe aujourd\u2019hui 19 000 abonn\u00e9s, Marocains et internationaux, et nous travaillons activement \u00e0 renforcer notre pr\u00e9sence digitale. Enfin, en partenariat avec l\u2019ONMT, nous avons lanc\u00e9 un programme d\u2019accompagnement \u00e0 la digitalisation des PME touristiques de la r\u00e9gion. Ce programme inclut un suivi personnalis\u00e9 pour aider les acteurs locaux \u00e0 d\u00e9velopper leur visibilit\u00e9 en ligne, avec plus de 40 b\u00e9n\u00e9ficiaires accompagn\u00e9s jusqu\u2019\u00e0 pr\u00e9sent. Des formations sont \u00e9galement dispens\u00e9es pour optimiser leur pr\u00e9sence sur le web et les plateformes de r\u00e9servation<\/p>\n\n\n\n<h1 class=\"wp-block-heading\">En conclusion, quels sont les d\u00e9fis et ambitions du CRT pour les ann\u00e9es \u00e0 venir ?<\/h1>\n\n\n\n<p>Notre ambition est de faire de B\u00e9ni Mellal-Kh\u00e9nifra une destination incontournable, qui allie nature, culture, aventure et bien-\u00eatre. Nous avons encore du travail pour structurer et promouvoir nos offres, mais les bases sont pos\u00e9es. Nous croyons fermement que la diversit\u00e9 des exp\u00e9riences que propose la r\u00e9gion, coupl\u00e9e aux efforts de communication et de d\u00e9veloppement des infrastructures, permettra d\u2019attirer un public de plus en plus large, tant au niveau national qu\u2019international. Le CRT, sous l\u2019impulsion de son pr\u00e9sident M. Younes Laraqui, continuera \u00e0 \u0153uvrer en synergie avec tous les acteurs du tourisme pour faire de cette vision une r\u00e9alit\u00e9.<\/p>\n\n\n\n<p><strong>Propos recueillis par SAID FRIX ALM<\/strong><\/p>\n","protected":false},"excerpt":{"rendered":"<p>Notre mission est de b\u00e2tir une offre touristique compl\u00e8te et attractive\u201d Dans cet entretien, Imane Echifa met l\u2019accent sur des axes relatifs \u00e0 la promotion de l\u2019offre touristique et de l\u2019attractivit\u00e9 de la r\u00e9gion Beni Mellal kh\u00e9nifra, \u00e0 savoir, l\u2019orientation du CRT, son plan d\u2019action et son \u00e9cosyst\u00e8me digital. Les d\u00e9tails. &nbsp;ALM&nbsp;: b\u00e9ni Mellal-Kh\u00e9nifra est [&hellip;]<\/p>\n","protected":false},"author":4,"featured_media":0,"comment_status":"open","ping_status":"open","sticky":false,"template":"","format":"standard","meta":{"footnotes":""},"categories":[24,1],"tags":[],"class_list":["post-2691","post","type-post","status-publish","format-standard","hentry","category-francais","category-1"],"_links":{"self":[{"href":"https:\/\/pressmedias.ma\/index.php?rest_route=\/wp\/v2\/posts\/2691","targetHints":{"allow":["GET"]}}],"collection":[{"href":"https:\/\/pressmedias.ma\/index.php?rest_route=\/wp\/v2\/posts"}],"about":[{"href":"https:\/\/pressmedias.ma\/index.php?rest_route=\/wp\/v2\/types\/post"}],"author":[{"embeddable":true,"href":"https:\/\/pressmedias.ma\/index.php?rest_route=\/wp\/v2\/users\/4"}],"replies":[{"embeddable":true,"href":"https:\/\/pressmedias.ma\/index.php?rest_route=%2Fwp%2Fv2%2Fcomments&post=2691"}],"version-history":[{"count":1,"href":"https:\/\/pressmedias.ma\/index.php?rest_route=\/wp\/v2\/posts\/2691\/revisions"}],"predecessor-version":[{"id":2693,"href":"https:\/\/pressmedias.ma\/index.php?rest_route=\/wp\/v2\/posts\/2691\/revisions\/2693"}],"wp:attachment":[{"href":"https:\/\/pressmedias.ma\/index.php?rest_route=%2Fwp%2Fv2%2Fmedia&parent=2691"}],"wp:term":[{"taxonomy":"category","embeddable":true,"href":"https:\/\/pressmedias.ma\/index.php?rest_route=%2Fwp%2Fv2%2Fcategories&post=2691"},{"taxonomy":"post_tag","embeddable":true,"href":"https:\/\/pressmedias.ma\/index.php?rest_route=%2Fwp%2Fv2%2Ftags&post=2691"}],"curies":[{"name":"wp","href":"https:\/\/api.w.org\/{rel}","templated":true}]}}