{"id":2696,"date":"2025-04-13T00:00:18","date_gmt":"2025-04-12T23:00:18","guid":{"rendered":"https:\/\/pressmedias.ma\/?p=2696"},"modified":"2025-04-17T16:29:04","modified_gmt":"2025-04-17T15:29:04","slug":"le-wali-de-la-region-beni-mellal-khenifra-recoit-les-membres-de-lassociation-et-la-societe-gestionnaire-du-club-raja-beni-mellal","status":"publish","type":"post","link":"https:\/\/pressmedias.ma\/?p=2696","title":{"rendered":"Le Wali de la r\u00e9gion B\u00e9ni Mellal-Kh\u00e9nifra re\u00e7oit les membres de l\u2019association et la soci\u00e9t\u00e9 gestionnaire du Club Raja B\u00e9ni Mellal"},"content":{"rendered":"\n<p dir=\"ltr\"><strong>Dans le cadre d\u2019une s\u00e9rie de rencontres de communication et d\u2019encadrement qu\u2019il m\u00e8ne avec les composantes et les &nbsp;acteurs \u00e9conomiques, sociaux, socioculturels et sportifs de la r\u00e9gion, le Wali de la r\u00e9gion B\u00e9ni Mellal-Kh\u00e9nifra, M. Mohamed Benribag, a re\u00e7u, vendredi &nbsp;4 avril 2025, les membres des instances dirigeantes du Club Raja B\u00e9ni Mellal.<\/strong><\/p>\n\n\n\n<p dir=\"ltr\">Cette rencontre visait \u00e0 \u00e9valuer la situation actuelle du club et \u00e0 examiner les diff\u00e9rentes pistes de rapprochement entre les instances dirigeantes, dans le respect des comp\u00e9tences d\u00e9volues \u00e0 chacune, en vue d\u2019assurer la convergence et l\u2019harmonie dans leur action pour permettre au club de poursuivre la r\u00e9alisation de ses objectifs et d\u2019en faire un vecteur de rayonnement sportif r\u00e9gional.<\/p>\n\n\n\n<p dir=\"ltr\">Au cours de cette r\u00e9union, M. le Wali a rappel\u00e9 l\u2019importance historique du Raja B\u00e9ni Mellal, ainsi que les r\u00e9sultats et le rayonnement dont t\u00e9moigne la m\u00e9moire collective des habitants de la ville et de plusieurs milieux sportifs \u00e0 l\u2019\u00e9chelle r\u00e9gionale et nationale. Il a invit\u00e9 toutes les parties prenantes \u00e0 appr\u00e9cier objectivement les r\u00e9sultats positifs r\u00e9cents obtenus par le club, malgr\u00e9 les contraintes et les p\u00e9riodes difficiles travers\u00e9es au cours des derni\u00e8res saisons, surmont\u00e9es gr\u00e2ce \u00e0 l\u2019engagement collectif, dans un esprit de responsabilit\u00e9 et d\u2019abn\u00e9gation.<\/p>\n\n\n\n<p dir=\"ltr\">\u00c0 cet \u00e9gard, M. le Wali a attir\u00e9 l\u2019attention des repr\u00e9sentants du club sur certains probl\u00e8mes persistants n\u00e9cessitant un traitement structurel et collectif, notamment la n\u00e9cessit\u00e9 d\u2019\u00e9viter le gaspillage des \u00e9nergies dont le club a grandement besoin. Il a insist\u00e9 sur l\u2019engagement des diff\u00e9rentes composantes des instances dirigeantes \u00e0 faire preuve de sacrifice, de compr\u00e9hension et d\u2019esprit de d\u00e9passement, tout en \u0153uvrant \u00e0 surmonter les divergences secondaires et les surench\u00e8res inutiles susceptibles de compromettre l\u2019avenir du club et de perturber l\u2019ambiance positive que l\u2019on s\u2019efforce d\u2019instaurer au profit de ses \u00e9quipes.<\/p>\n\n\n\n<p dir=\"ltr\">Avant la cl\u00f4ture de cette r\u00e9union, \u00e0 laquelle ont pris part plusieurs acteurs soutenant le Club Raja B\u00e9ni Mellal, le Wali de la r\u00e9gion a exhort\u00e9 l\u2019ensemble des composantes du club \u00e0 respecter les pr\u00e9rogatives de chaque instance, \u00e0 am\u00e9liorer leur performance, \u00e0 faire preuve de discipline et \u00e0 se conformer \u00e0 la l\u00e9gislation en vigueur. Il a \u00e9galement soulign\u00e9 l\u2019importance d\u2019assainir le climat des surench\u00e8res st\u00e9riles et de veiller \u00e0 une convergence dans le travail des organes de gestion, dans l\u2019int\u00e9r\u00eat sup\u00e9rieur du club et en r\u00e9ponse aux attentes de son large public de passionn\u00e9s.<\/p>\n\n\n\n<p dir=\"ltr\">En conclusion, tous les participants ont exprim\u00e9 leur volont\u00e9 d\u2019apaiser le climat et de travailler ensemble pour g\u00e9rer au mieux la phase restante du championnat, dans l\u2019int\u00e9r\u00eat du Club Raja B\u00e9ni Mellal et en r\u00e9ponse aux attentes de ses supporters et de la population locale.<\/p>\n\n\n\n<p dir=\"ltr\">.<strong>SAID FRIX ALM<\/strong><\/p>\n","protected":false},"excerpt":{"rendered":"<p>Dans le cadre d\u2019une s\u00e9rie de rencontres de communication et d\u2019encadrement qu\u2019il m\u00e8ne avec les composantes et les &nbsp;acteurs \u00e9conomiques, sociaux, socioculturels et sportifs de la r\u00e9gion, le Wali de la r\u00e9gion B\u00e9ni Mellal-Kh\u00e9nifra, M. Mohamed Benribag, a re\u00e7u, vendredi &nbsp;4 avril 2025, les membres des instances dirigeantes du Club Raja B\u00e9ni Mellal. Cette rencontre [&hellip;]<\/p>\n","protected":false},"author":1,"featured_media":2697,"comment_status":"open","ping_status":"open","sticky":false,"template":"","format":"standard","meta":{"footnotes":""},"categories":[24,11],"tags":[],"class_list":["post-2696","post","type-post","status-publish","format-standard","has-post-thumbnail","hentry","category-francais","category-national"],"_links":{"self":[{"href":"https:\/\/pressmedias.ma\/index.php?rest_route=\/wp\/v2\/posts\/2696","targetHints":{"allow":["GET"]}}],"collection":[{"href":"https:\/\/pressmedias.ma\/index.php?rest_route=\/wp\/v2\/posts"}],"about":[{"href":"https:\/\/pressmedias.ma\/index.php?rest_route=\/wp\/v2\/types\/post"}],"author":[{"embeddable":true,"href":"https:\/\/pressmedias.ma\/index.php?rest_route=\/wp\/v2\/users\/1"}],"replies":[{"embeddable":true,"href":"https:\/\/pressmedias.ma\/index.php?rest_route=%2Fwp%2Fv2%2Fcomments&post=2696"}],"version-history":[{"count":1,"href":"https:\/\/pressmedias.ma\/index.php?rest_route=\/wp\/v2\/posts\/2696\/revisions"}],"predecessor-version":[{"id":2698,"href":"https:\/\/pressmedias.ma\/index.php?rest_route=\/wp\/v2\/posts\/2696\/revisions\/2698"}],"wp:featuredmedia":[{"embeddable":true,"href":"https:\/\/pressmedias.ma\/index.php?rest_route=\/wp\/v2\/media\/2697"}],"wp:attachment":[{"href":"https:\/\/pressmedias.ma\/index.php?rest_route=%2Fwp%2Fv2%2Fmedia&parent=2696"}],"wp:term":[{"taxonomy":"category","embeddable":true,"href":"https:\/\/pressmedias.ma\/index.php?rest_route=%2Fwp%2Fv2%2Fcategories&post=2696"},{"taxonomy":"post_tag","embeddable":true,"href":"https:\/\/pressmedias.ma\/index.php?rest_route=%2Fwp%2Fv2%2Ftags&post=2696"}],"curies":[{"name":"wp","href":"https:\/\/api.w.org\/{rel}","templated":true}]}}