{"id":2702,"date":"2025-04-13T00:06:42","date_gmt":"2025-04-12T23:06:42","guid":{"rendered":"https:\/\/pressmedias.ma\/?p=2702"},"modified":"2025-04-17T16:29:47","modified_gmt":"2025-04-17T15:29:47","slug":"commemoration-de-la-journee-mondiale-du-theatre-a-beni-mellal","status":"publish","type":"post","link":"https:\/\/pressmedias.ma\/?p=2702","title":{"rendered":"Comm\u00e9moration de la journ\u00e9e mondiale du th\u00e9\u00e2tre \u00e0 Beni Mellal"},"content":{"rendered":"\n<p dir=\"ltr\"><strong>Sous la supervision de la Direction R\u00e9gionale du secteur de la Culture , r\u00e9gion B\u00e9ni Mellal-Kh\u00e9nifra, et dans le cadre de la c\u00e9l\u00e9bration nationale de la Journ\u00e9e mondiale du th\u00e9\u00e2tre, le Centre Culturel de B\u00e9ni Mellal a &nbsp;organis\u00e9 une c\u00e9r\u00e9monie artistique caract\u00e9ris\u00e9e par un &nbsp;programme riche et vari\u00e9, mettant \u00e0 l&rsquo;honneur plusieurs figures embl\u00e9matiques du th\u00e9\u00e2tre dans le cadre de la domiciliation&nbsp; de la troupe Orchid&nbsp; au centre culturel pr\u00e9cit\u00e9 avec le soutien du minist\u00e8re de tutelle et du Conseil r\u00e9gional de Beni Mellal kh\u00e9nifra.<\/strong><\/p>\n\n\n\n<p dir=\"ltr\">&nbsp;Dans une d\u00e9claration \u00e0 ALM, le Directeur du Centre culturel de Beni Mellal El Houcine Elhaoufi a soulign\u00e9 que \u00ab&nbsp;Cette c\u00e9l\u00e9bration initi\u00e9e par la Direction r\u00e9gionale de la culture r\u00e9gion Beni Mellal kh\u00e9nifra et du Centre culturel de Beni Mellal &nbsp;s\u2019inscrit dans &nbsp;le cadre&nbsp; de la promotion et de la valorisation des &nbsp;arts du spectacle, en mettant en avant la richesse et la diversit\u00e9 du th\u00e9\u00e2tre marocain. A l\u2019occasion de la c\u00e9l\u00e9bration de la journ\u00e9e mondiale du th\u00e9\u00e2tre, des attestations et des prix ont \u00e9t\u00e9 d\u00e9cern\u00e9s \u00e0 des peintres, des artistes, \u00e0 des journalistes \u2026pour leur collaboration et les efforts qu\u2019ils ne cessent de d\u00e9ployer dans le cadre de la promotion de l\u2019art dramatique. Plus de 100 participants b\u00e9n\u00e9ficient des diff\u00e9rents ateliers de formation organis\u00e9s par les trois artistes susmentionn\u00e9s au centre culturel, \u00e0 Beni Mellal dans le cadre de la domiciliation&nbsp; de la troupe Orchid&nbsp; au centre culturel pr\u00e9cit\u00e9 avec le soutien du minist\u00e8re de tutelle et du Conseil r\u00e9gional de Beni Mellal kh\u00e9nifra&nbsp;\u00bb<\/p>\n\n\n\n<p dir=\"ltr\">En pr\u00e9sence d\u2019un public nombreux et enthousiaste, venu de la ville et de ses environs, les festivit\u00e9s ont d\u00e9but\u00e9 par &nbsp;la pr\u00e9sentation de tableaux sc\u00e9niques d\u2019accueil dans le hall du Centre Culturel de B\u00e9ni Mellal. Ces performances ont \u00e9t\u00e9 l\u2019\u0153uvre &nbsp;de jeunes talents de B\u00e9ni Mellal, ayant b\u00e9n\u00e9fici\u00e9 des diff\u00e9rentes formations et r\u00e9sidences artistiques organis\u00e9es par l\u2019Association Orchid, avec le soutien du minist\u00e8re de la Culture dans le cadre du programme de &nbsp;la domiciliation &nbsp;th\u00e9\u00e2trale au Centre Culturel de B\u00e9ni Mellal. Notons que ces \u0153uvres artistiques ont captiv\u00e9 l\u2019audience et laiss\u00e9 une impression profonde, retra\u00e7ant l\u2019histoire du th\u00e9\u00e2tre \u00e0 travers les \u00e2ges, mettant en sc\u00e8ne des personnages inspir\u00e9s du th\u00e9\u00e2tre grec et shakespearien.<\/p>\n\n\n\n<p dir=\"ltr\">Le spectacle s\u2019est ensuite poursuivi sur la sc\u00e8ne principale, avec une s\u00e9rie d\u2019interventions et d\u2019hommages rendus \u00e0 des artistes. Apr\u00e8s l\u2019interpr\u00e9tation de l\u2019hymne national, des discours de remerciements ont \u00e9t\u00e9 prononc\u00e9s en l\u2019honneur de M. Lahcen Charfi, directeur r\u00e9gional du secteur de la Culture \u00e0 B\u00e9ni Mellal-Kh\u00e9nifra. La c\u00e9l\u00e9bration a \u00e9galement port\u00e9 sur &nbsp;la lecture du message international du th\u00e9\u00e2tre, r\u00e9dig\u00e9 cette ann\u00e9e par le metteur en sc\u00e8ne grec Theodoros Terzopoulos, traduit par le journaliste et dramaturge tunisien Lotfi Al-Arabi Snoussi et d\u00e9clam\u00e9 avec brio par la jeune artiste en herbe Jannat Barjadi.<\/p>\n\n\n\n<p dir=\"ltr\">Dans son discours, le directeur du Centre Culturel de B\u00e9ni Mellal a exprim\u00e9 sa gratitude envers toutes les personnes qui contribuent \u00e0 la promotion de la culture et des arts dans la r\u00e9gion, rendant hommage \u00e0 ceux qui ont marqu\u00e9 la sc\u00e8ne th\u00e9\u00e2trale et inspir\u00e9 les g\u00e9n\u00e9rations futures. Il a \u00e9galement adress\u00e9 &nbsp;un vibrant hommage aux artistes disparus, soulignant leur h\u00e9ritage durable, tout en encourageant les nouvelles g\u00e9n\u00e9rations \u00e0 perp\u00e9tuer cette tradition artistique avec passion et engagement.<\/p>\n\n\n\n<p dir=\"ltr\">Un moment fort de la c\u00e9r\u00e9monie a &nbsp;port\u00e9 sur la projection d\u2019un documentaire r\u00e9alis\u00e9 par l\u2019artiste Redouane Agnagay retra\u00e7ant les parcours des trois artistes honor\u00e9s cette ann\u00e9e, \u00e0 savoir, Nabil Boustaoui, Abdo Filali et Adil Drissi. Leurs contributions \u00e0 la sc\u00e8ne th\u00e9\u00e2trale, notamment en mati\u00e8re de formation et d\u2019accompagnement des jeunes talents, ont \u00e9t\u00e9 salu\u00e9es par la remise de certificats honorifiques, pr\u00e9sent\u00e9s par le directeur du Centre Culturel de B\u00e9ni Mellal. Par ailleurs, plusieurs autres acteurs culturels, issus des villes de B\u00e9ni Mellal, Khouribga, Fqih Ben Salah et Kh\u00e9nifra, ainsi que divers m\u00e9dias et partenaires du Centre Culturel, ont \u00e9galement &nbsp;\u00e9t\u00e9 prim\u00e9s pour leur engagement en faveur du d\u00e9veloppement culturel r\u00e9gional. En cl\u00f4ture de cette journ\u00e9e riche en \u00e9motions, le public a eu le plaisir d\u2019assister \u00e0 la repr\u00e9sentation de la pi\u00e8ce <strong>\u00ab\u00a0<\/strong>Klekido\u00a0\u00bb, fruit d\u2019une collaboration entre les troupes Abou Al-Haytham et Orchid. Cette \u0153uvre, \u00e9crite par Adil Drissi mise en sc\u00e8ne par Nabil Boustaoui et interpr\u00e9t\u00e9e par Abdou Filali, Adel Idrissi et Nabil Boustaoui, a \u00e9t\u00e9 chaleureusement accueillie, offrant ainsi au public &nbsp;un moment de th\u00e9\u00e2tre d\u2019exception.<\/p>\n\n\n\n<p dir=\"ltr\"><strong>SAID FRIX alm<\/strong><\/p>\n","protected":false},"excerpt":{"rendered":"<p>Sous la supervision de la Direction R\u00e9gionale du secteur de la Culture , r\u00e9gion B\u00e9ni Mellal-Kh\u00e9nifra, et dans le cadre de la c\u00e9l\u00e9bration nationale de la Journ\u00e9e mondiale du th\u00e9\u00e2tre, le Centre Culturel de B\u00e9ni Mellal a &nbsp;organis\u00e9 une c\u00e9r\u00e9monie artistique caract\u00e9ris\u00e9e par un &nbsp;programme riche et vari\u00e9, mettant \u00e0 l&rsquo;honneur plusieurs figures embl\u00e9matiques du [&hellip;]<\/p>\n","protected":false},"author":1,"featured_media":2703,"comment_status":"open","ping_status":"open","sticky":false,"template":"","format":"standard","meta":{"footnotes":""},"categories":[24,15,11],"tags":[],"class_list":["post-2702","post","type-post","status-publish","format-standard","has-post-thumbnail","hentry","category-francais","category-15","category-national"],"_links":{"self":[{"href":"https:\/\/pressmedias.ma\/index.php?rest_route=\/wp\/v2\/posts\/2702","targetHints":{"allow":["GET"]}}],"collection":[{"href":"https:\/\/pressmedias.ma\/index.php?rest_route=\/wp\/v2\/posts"}],"about":[{"href":"https:\/\/pressmedias.ma\/index.php?rest_route=\/wp\/v2\/types\/post"}],"author":[{"embeddable":true,"href":"https:\/\/pressmedias.ma\/index.php?rest_route=\/wp\/v2\/users\/1"}],"replies":[{"embeddable":true,"href":"https:\/\/pressmedias.ma\/index.php?rest_route=%2Fwp%2Fv2%2Fcomments&post=2702"}],"version-history":[{"count":1,"href":"https:\/\/pressmedias.ma\/index.php?rest_route=\/wp\/v2\/posts\/2702\/revisions"}],"predecessor-version":[{"id":2704,"href":"https:\/\/pressmedias.ma\/index.php?rest_route=\/wp\/v2\/posts\/2702\/revisions\/2704"}],"wp:featuredmedia":[{"embeddable":true,"href":"https:\/\/pressmedias.ma\/index.php?rest_route=\/wp\/v2\/media\/2703"}],"wp:attachment":[{"href":"https:\/\/pressmedias.ma\/index.php?rest_route=%2Fwp%2Fv2%2Fmedia&parent=2702"}],"wp:term":[{"taxonomy":"category","embeddable":true,"href":"https:\/\/pressmedias.ma\/index.php?rest_route=%2Fwp%2Fv2%2Fcategories&post=2702"},{"taxonomy":"post_tag","embeddable":true,"href":"https:\/\/pressmedias.ma\/index.php?rest_route=%2Fwp%2Fv2%2Ftags&post=2702"}],"curies":[{"name":"wp","href":"https:\/\/api.w.org\/{rel}","templated":true}]}}