{"id":287,"date":"2023-02-16T20:29:07","date_gmt":"2023-02-16T20:29:07","guid":{"rendered":"https:\/\/pressmedias.ma\/?p=287"},"modified":"2025-04-17T16:29:47","modified_gmt":"2025-04-17T15:29:47","slug":"beni-mellal","status":"publish","type":"post","link":"https:\/\/pressmedias.ma\/?p=287","title":{"rendered":"Beni Mellal"},"content":{"rendered":"\n<p dir=\"ltr\"><strong>Les prix des l\u00e9gumes et de la viande ont enregistr\u00e9 une baisse relative pendant cette semaine.<\/strong><\/p>\n\n\n\n<p dir=\"ltr\">En application des mesures prises lors de la r\u00e9union&nbsp; tenue la semaine derni\u00e8re , au si\u00e8ge de la wilaya de la R\u00e9gion de Beni Mellal Kh\u00e9nifra qui \u00e9tait consacr\u00e9e \u00e0 l\u2019examen de la situation li\u00e9e \u00e0 l\u2019approvisionnement&nbsp; des march\u00e9s de la r\u00e9gion de Beni Mellal en denr\u00e9es alimentaires de base et les mesures prises ayant pour objectif de contrecarrer les facteurs affectant la stabilit\u00e9 de leurs prix, les Commissions r\u00e9gionales et locales&nbsp; de suivi ont effectu\u00e9 des tourn\u00e9es&nbsp; qui ont inclus tous les march\u00e9s&nbsp; et points de vente de la r\u00e9gion dans le but de s\u2019opposer \u00e0 toutes les formes de monopole et de sp\u00e9culation en vue de pr\u00e9server le pouvoir d\u2019achat des citoyens .<\/p>\n\n\n\n<p dir=\"ltr\">A travers ces tourn\u00e9es qui visent principalement \u00e0 r\u00e9duire le grand nombre d\u2019interm\u00e9diaires dans le processus commercial , \u00e0 surveiller et \u00e0 cerner toute pratique qui affecterait&nbsp; la situation des prix et l\u2019approvisionnement normal &nbsp;des march\u00e9s il a \u00e9t\u00e9 constat\u00e9 que la situation de l\u2019approvisionnement en divers produits de base reste normal au niveau de tous les points de vents de la r\u00e9gion.<\/p>\n\n\n\n<p dir=\"ltr\">Grace \u00e0 la surveillance intensive des circuits de distribution&nbsp; et des points de vente qui a co\u00efncid\u00e9 avec l\u2019activation des mesures prises par les pouvoirs publics dans le but de s\u00e9curiser l\u2019approvisionnement&nbsp; du march\u00e9 national des l\u00e9gumes et de la viande , une baisse significative&nbsp; a \u00e9t\u00e9 enregistr\u00e9e dans la rythme des prix&nbsp; de certains produits de consommation&nbsp; au niveau de la province de Beni Mellal \u00e0 titre d\u2019exemple le prix des tomates est pass\u00e9 de 12DH \u00e0 08DH et la viande rouge de 90 DH \u00e0 80- 85 DH. A noter que certaines fili\u00e8res de production et de distribution de cette r\u00e9gion ont commenc\u00e9 \u00e0 recevoir les premiers lots de veaux import\u00e9s destin\u00e9s \u00e0 l\u2019abattage, ce qui contribuera certes \u00e0 la baisse du prix de la viande.<\/p>\n\n\n\n<p dir=\"ltr\">Les rondes de surveillance effectu\u00e9es par les comit\u00e9s r\u00e9gionaux et locaux au cours de la semaine en cours&nbsp; et qui ont port\u00e9 sur plus de 150 points de vente, \u00e0 la province de Beni Mellal&nbsp; ont abouti \u00e0 l\u2019enregistrement d\u2019un ensemble d\u2019infractions li\u00e9es au non exposition des prix \u00e0 la vue du public, \u00e0 la d\u00e9tention de produits impropres \u00e0 la consommation et \u00e0 la promotion des sacs de plastique prohib\u00e9s.<\/p>\n\n\n\n<p dir=\"ltr\">Le comit\u00e9 de contr\u00f4le poursuivra ses tourn\u00e9es quotidiennes&nbsp; au niveau de tous les points de vente et des march\u00e9s dans le but de garantir &nbsp;toute intervention &nbsp;proactive \u00e0 m\u00eame de r\u00e9pondre \u00e0 tout \u00e9ventuel d\u00e9faut&nbsp; ou p\u00e9nurie d\u2019approvisionnement&nbsp; et en vue de pr\u00e9server&nbsp; la qualit\u00e9 des produits alimentaires ainsi que le pouvoir d\u2019achat du consommateur.<\/p>\n\n\n\n<p dir=\"ltr\"><strong>SAID FRIX <\/strong><strong><\/strong><\/p>\n","protected":false},"excerpt":{"rendered":"<p>Les prix des l\u00e9gumes et de la viande ont enregistr\u00e9 une baisse relative pendant cette semaine. En application des mesures prises lors de la r\u00e9union&nbsp; tenue la semaine derni\u00e8re , au si\u00e8ge de la wilaya de la R\u00e9gion de Beni Mellal Kh\u00e9nifra qui \u00e9tait consacr\u00e9e \u00e0 l\u2019examen de la situation li\u00e9e \u00e0 l\u2019approvisionnement&nbsp; des march\u00e9s [&hellip;]<\/p>\n","protected":false},"author":1,"featured_media":288,"comment_status":"open","ping_status":"open","sticky":false,"template":"","format":"standard","meta":{"footnotes":""},"categories":[24,11],"tags":[],"class_list":["post-287","post","type-post","status-publish","format-standard","has-post-thumbnail","hentry","category-francais","category-national"],"_links":{"self":[{"href":"https:\/\/pressmedias.ma\/index.php?rest_route=\/wp\/v2\/posts\/287","targetHints":{"allow":["GET"]}}],"collection":[{"href":"https:\/\/pressmedias.ma\/index.php?rest_route=\/wp\/v2\/posts"}],"about":[{"href":"https:\/\/pressmedias.ma\/index.php?rest_route=\/wp\/v2\/types\/post"}],"author":[{"embeddable":true,"href":"https:\/\/pressmedias.ma\/index.php?rest_route=\/wp\/v2\/users\/1"}],"replies":[{"embeddable":true,"href":"https:\/\/pressmedias.ma\/index.php?rest_route=%2Fwp%2Fv2%2Fcomments&post=287"}],"version-history":[{"count":2,"href":"https:\/\/pressmedias.ma\/index.php?rest_route=\/wp\/v2\/posts\/287\/revisions"}],"predecessor-version":[{"id":2799,"href":"https:\/\/pressmedias.ma\/index.php?rest_route=\/wp\/v2\/posts\/287\/revisions\/2799"}],"wp:featuredmedia":[{"embeddable":true,"href":"https:\/\/pressmedias.ma\/index.php?rest_route=\/wp\/v2\/media\/288"}],"wp:attachment":[{"href":"https:\/\/pressmedias.ma\/index.php?rest_route=%2Fwp%2Fv2%2Fmedia&parent=287"}],"wp:term":[{"taxonomy":"category","embeddable":true,"href":"https:\/\/pressmedias.ma\/index.php?rest_route=%2Fwp%2Fv2%2Fcategories&post=287"},{"taxonomy":"post_tag","embeddable":true,"href":"https:\/\/pressmedias.ma\/index.php?rest_route=%2Fwp%2Fv2%2Ftags&post=287"}],"curies":[{"name":"wp","href":"https:\/\/api.w.org\/{rel}","templated":true}]}}